{"id":327318,"date":"2026-01-07T07:09:10","date_gmt":"2026-01-07T07:09:10","guid":{"rendered":"https:\/\/www.europesays.com\/es\/327318\/"},"modified":"2026-01-07T07:09:10","modified_gmt":"2026-01-07T07:09:10","slug":"euroliga-jaume-asens-diputado-del-parlamento-europeo-sobre-el-barca","status":"publish","type":"post","link":"https:\/\/www.europesays.com\/es\/327318\/","title":{"rendered":"Euroliga | Jaume Asens, diputado del Parlamento Europeo, sobre el Bar\u00e7a"},"content":{"rendered":"<p class=\"ft-text\"><a class=\"ft-link ft-link--decoration\" href=\"https:\/\/www.sport.es\/es\/noticias\/barca\/baloncesto\/barca-maccabi-tel-aviv-directo-euroliga-online-vivo-125425061\" rel=\"nofollow noopener\" target=\"_blank\">El partido que disputar\u00e1n Bar\u00e7a y Maccabi a las 20.30 horas en la vig\u00e9sima jornada de la Euroliga<\/a> ha empezado a jugarse mucho antes con la <strong>protesta de casi un centenar de personas<\/strong> que clamaban contra el \u00abEstado genocida de Israel\u00bb y ped\u00edan que no se disputase el choque.<\/p>\n<p class=\"ft-text\">Por una serie de circunstancias, el Maccabi juega ya con el calor de su afici\u00f3n como local y lo hace este martes a puerta cerrada en Barcelona y el viernes en el Movistar Arena contra el Real Madrid de Sergio Scariolo. De todas formas,<strong> la manifestaci\u00f3n iba mucho m\u00e1s all\u00e1 de los temas deportivos<\/strong>.<\/p>\n<p class=\"ft-text\">El encargado de poner voz de manera oficial a una protesta que comenz\u00f3 a eso de las siete de la tarde en la calle Ar\u00edstides Maillol frente al Palau fue <strong>Jaume Asens, eurodiputado de Comuns<\/strong>. Lo curioso es que el pol\u00edtico centr\u00f3 sus cr\u00edticas en el FC Barcelona por encima de instituciones y otras autoridades.<\/p>\n<p class=\"ft-text\"><strong>\u00abQueremos denunciar el silencio c\u00f3mplice del Bar\u00e7a<\/strong>. Si hemos salido de Eurovisi\u00f3n, si estamos pidiendo que Israel no participe en la pr\u00f3xima Vuelta (Ciclista a Espa\u00f1a) \u00bfpor qu\u00e9 seguimos tolerando que Israel participe en la Euroliga?\u00bb, se quej\u00f3 Asens.<\/p>\n<p class=\"ft-text\">\u00abAjuntament (de Barcelona) o Generalitat (de Catalunya) podr\u00edan haber pedido que se expulsara a Israel de la Euroliga, pero el Bar\u00e7a como equipo participante tiene una mayor responsabilidad. Espa\u00f1a ha decidido salir de Eurovisi\u00f3n y <strong>el Bar\u00e7a podr\u00eda plantearse tambi\u00e9n salir de la Euroliga\u00bb<\/strong>, prosigui\u00f3.<\/p>\n<p class=\"ft-text\">\u00abSi no se lo plantea, al menos podr\u00eda plantear el debate en la Euroliga\u00a0y no lo ha hecho.\u00a0<strong>Ha permitido que el Maccabi siga jugando con normalidad<\/strong>. Es verdad que se va a jugar a puerta cerrada y esto es una alteraci\u00f3n de la normalidad que nos parece bien. Es una victoria de la presi\u00f3n social, pero no es suficiente\u00bb, a\u00f1adi\u00f3.<\/p>\n<p class=\"ft-text\">Una medida que favorece precisamente al Maccabi y tambi\u00e9n al Hapoel Tel Aviv, que juegan con p\u00fablico como locales y a puerta cerrada en sus visitas a pistas espa\u00f1olas. Tras sus palabras, la protesta continu\u00f3 con gritos como <strong>\u00abNo al Estado genocida de Israel\u00bb<\/strong>, \u00abVerg\u00fcenza\u00bb o \u00abIsrael mata ni\u00f1os y ni\u00f1as\u00bb.<\/p>\n<p class=\"ft-text\">Todo ello en una <strong>tarde-noche especialmente dura en la Ciudad Condal con temperaturas en torno a cinco grados<\/strong> positivos. Ello no impidi\u00f3 que casi un centenar de personas se manifestase contra el Estado de Israel y calificase repetidamente como \u00abgenocidio\u00bb su respuesta al atentado de Hamas del 7 de octubre de 2023.<\/p>\n","protected":false},"excerpt":{"rendered":"El partido que disputar\u00e1n Bar\u00e7a y Maccabi a las 20.30 horas en la vig\u00e9sima jornada de la Euroliga&hellip;\n","protected":false},"author":2,"featured_media":327319,"comment_status":"","ping_status":"","sticky":false,"template":"","format":"standard","meta":{"footnotes":""},"categories":[268],"tags":[299,2296,168,25,24,833,280,282,79,74,75655,15139,36891,75656,281,23,167],"class_list":{"0":"post-327318","1":"post","2":"type-post","3":"status-publish","4":"format-standard","5":"has-post-thumbnail","7":"category-futbol","8":"tag-baloncesto","9":"tag-barca","10":"tag-deportes","11":"tag-es","12":"tag-espana","13":"tag-euroliga","14":"tag-football","15":"tag-futbol","16":"tag-genocidio","17":"tag-israel","18":"tag-jaume-asens","19":"tag-maccabi","20":"tag-palau","21":"tag-puerta-cerrada","22":"tag-soccer","23":"tag-spain","24":"tag-sports"},"share_on_mastodon":{"url":"https:\/\/pubeurope.com\/@es\/115852565787114614","error":""},"_links":{"self":[{"href":"https:\/\/www.europesays.com\/es\/wp-json\/wp\/v2\/posts\/327318","targetHints":{"allow":["GET"]}}],"collection":[{"href":"https:\/\/www.europesays.com\/es\/wp-json\/wp\/v2\/posts"}],"about":[{"href":"https:\/\/www.europesays.com\/es\/wp-json\/wp\/v2\/types\/post"}],"author":[{"embeddable":true,"href":"https:\/\/www.europesays.com\/es\/wp-json\/wp\/v2\/users\/2"}],"replies":[{"embeddable":true,"href":"https:\/\/www.europesays.com\/es\/wp-json\/wp\/v2\/comments?post=327318"}],"version-history":[{"count":0,"href":"https:\/\/www.europesays.com\/es\/wp-json\/wp\/v2\/posts\/327318\/revisions"}],"wp:featuredmedia":[{"embeddable":true,"href":"https:\/\/www.europesays.com\/es\/wp-json\/wp\/v2\/media\/327319"}],"wp:attachment":[{"href":"https:\/\/www.europesays.com\/es\/wp-json\/wp\/v2\/media?parent=327318"}],"wp:term":[{"taxonomy":"category","embeddable":true,"href":"https:\/\/www.europesays.com\/es\/wp-json\/wp\/v2\/categories?post=327318"},{"taxonomy":"post_tag","embeddable":true,"href":"https:\/\/www.europesays.com\/es\/wp-json\/wp\/v2\/tags?post=327318"}],"curies":[{"name":"wp","href":"https:\/\/api.w.org\/{rel}","templated":true}]}}