{"id":327321,"date":"2026-01-07T07:11:08","date_gmt":"2026-01-07T07:11:08","guid":{"rendered":"https:\/\/www.europesays.com\/es\/327321\/"},"modified":"2026-01-07T07:11:08","modified_gmt":"2026-01-07T07:11:08","slug":"carlos-rubio-interiorista-a-los-65-anos-la-casa-no-tiene-por-que-parecer-una-residencia-geriatrica","status":"publish","type":"post","link":"https:\/\/www.europesays.com\/es\/327321\/","title":{"rendered":"Carlos Rubio, interiorista: \u201cA los 65 a\u00f1os, la casa no tiene por qu\u00e9 parecer una residencia geri\u00e1trica\u201d"},"content":{"rendered":"<p class=\"paragraph font__body-regular\">A los <b>65 a\u00f1os<\/b>, la casa puede ser mucho m\u00e1s que un simple refugio: puede convertirse en <b>el escenario de una nueva vida, llena de proyectos, encuentros y recuerdos<\/b>. Aunque este escenario no siempre es tenido en cuenta.<\/p>\n<p class=\"paragraph font__body-regular\">A trav\u00e9s del dise\u00f1o y la decoraci\u00f3n,<b> es posible tener espacios que contribuyan a tener una vejez digna<\/b>. Con base en esa idea, el dise\u00f1ador Carlos Rubio desarroll\u00f3 su propio hogar pensando desaf\u00edos para el futuro. <\/p>\n<p class=\"paragraph font__body-regular\"><b>Le\u00e9 tambi\u00e9n: <\/b><a href=\"https:\/\/tn.com.ar\/sociedad\/2025\/09\/06\/jordan-samson-disenador-de-interiores-colocar-todos-tus-muebles-pegados-a-la-pared-es-un-problema\/\" target=\"_self\" rel=\"nofollow noopener\" title=\"https:\/\/tn.com.ar\/sociedad\/2025\/09\/06\/jordan-samson-disenador-de-interiores-colocar-todos-tus-muebles-pegados-a-la-pared-es-un-problema\/\"><b>Jordan Samson, dise\u00f1ador de interiores: \u201cEs un problema colocar todos tus muebles pegados a la pared\u201d<\/b><\/a><\/p>\n<p><img decoding=\"async\" loading=\"lazy\" fetchpriority=\"low\" data-testid=\"loading-testid\" class=\"image content-image image_placeholder\" alt=\"Con elementos sencillos se le puede dar un toque especial a la decoraci\u00f3n del hogar. (Foto: Freepik)\" width=\"767\" height=\"431\" src=\"https:\/\/www.europesays.com\/es\/wp-content\/uploads\/2026\/01\/con-elementos-sencillos-se-le-puede-dar-un-toque-especial-a-la-decoracion-del-hogar-foto-freepik-TEQ.jpeg\"\/><\/p>\n<p>Con elementos sencillos se le puede dar un toque especial a la decoraci\u00f3n del hogar. (Foto: Freepik)<\/p>\n<p>La casa ideal para la jubilaci\u00f3n: comodidad, dise\u00f1o y autonom\u00eda<\/p>\n<p class=\"paragraph font__body-regular\">Rubio explic\u00f3 que la casa, durante la vejez, \u201c<b>no tiene por qu\u00e9 parecer una residencia geri\u00e1trica. Uno puede envejecer con estilo, faltar\u00eda m\u00e1s<\/b>\u201d, dijo a la revista El Mueble, especializada en la materia. <\/p>\n<p class=\"paragraph font__body-regular\">Su objetivo fue claro: crear un espacio pensado \u201cno para el \u2018por ahora\u2019, sino para el \u2018para siempre\u2019\u201d. La clave, seg\u00fan el experto, est\u00e1 en la <b>accesibilidad y la practicidad<\/b>. Todo en una sola planta, sin escaleras ni obst\u00e1culos. <\/p>\n<p class=\"paragraph font__body-regular\">\u201cDucha a ras de suelo, muebles bien dispuestos, sin esquinas peligrosas ni pasillos innecesarios\u201d, explic\u00f3. Y sum\u00f3 un matiz: \u201c<b>Los 70 de ahora son los 50 de antes. El paso del tiempo no significa perder estilo<\/b>\u201d. <\/p>\n<p class=\"paragraph font__body-regular\">La tecnolog\u00eda tambi\u00e9n juega un papel central. Rubio incorpor\u00f3 un sistema dom\u00f3tico \u201ca discreci\u00f3n\u201d, que permite controlar luces y calefacci\u00f3n con la voz. \u201cCumplir a\u00f1os no es renunciar a la comodidad ni al gusto por los gadgets\u201d, dijo. Si de disfrutar se trata, el jard\u00edn ocupa un lugar especial: \u201cPeque\u00f1o, cuidado, con tiestos, tumbonas al sol y un comedor de verano para doce. <b>La casa est\u00e1 pensada para abrirla, llenarla de gente y de vida<\/b>\u201d.<\/p>\n<p>Consejos del experto: c\u00f3mo lograr una casa c\u00f3moda y segura<\/p>\n<p class=\"paragraph font__body-regular\">Para Rubio, la comodidad real no pasa solo por un sill\u00f3n mullido. \u201c<b>Lo primero es tener una casa que no te d\u00e9 trabajo<\/b>. A cierta edad, lo c\u00f3modo es no tener que estar pendiente de que se rompa algo cada semana\u201d, explica.<\/p>\n<p class=\"paragraph font__body-regular\">El interiorista recomienda materiales nobles y resistentes, textiles agradables pero lavables, y acabados que envejecen bien. \u201cPrefiero luces LED regulables, electrodom\u00e9sticos con sentido com\u00fan y mucho aislamiento de verdad\u201d, dijo.<\/p>\n<p class=\"paragraph font__body-regular\"><b>Le\u00e9 tambi\u00e9n: <\/b><a href=\"https:\/\/tn.com.ar\/sociedad\/2025\/09\/10\/kate-fuller-experta-en-limpieza-siempre-hay-que-empezar-por-este-ambiente-de-la-casa\/\" target=\"_self\" rel=\"nofollow noopener\" title=\"https:\/\/tn.com.ar\/sociedad\/2025\/09\/10\/kate-fuller-experta-en-limpieza-siempre-hay-que-empezar-por-este-ambiente-de-la-casa\/\"><b>Kate Fuller, experta en limpieza: \u201cSiempre hay que empezar por este ambiente de la casa<\/b><\/a><\/p>\n<p><img decoding=\"async\" loading=\"lazy\" fetchpriority=\"low\" data-testid=\"loading-testid\" class=\"image content-image image_placeholder\" alt=\"Los cuadros grandes se consolidan como una tendencia para el hogar. (Foto: Pixabay)\" width=\"767\" height=\"431\" src=\"https:\/\/www.europesays.com\/es\/wp-content\/uploads\/2026\/01\/los-cuadros-grandes-se-consolidan-como-una-tendencia-para-el-hogar-foto-pixabay-UT4WDQ6ZTRANDGPZTRKK.jpeg\"\/><\/p>\n<p>Los cuadros grandes se consolidan como una tendencia para el hogar. (Foto: Pixabay)<\/p>\n<p class=\"paragraph font__body-regular\">Pensando en el bolsillo, sugiri\u00f3 invertir en <b>placas solares y bater\u00edas<\/b> para reducir el gasto de luz, y en sistemas de calefacci\u00f3n eficientes como la aerotermia. \u201c<b>Los 70 de ahora son los 50 de antes, pero con menos ingresos. Y eso tambi\u00e9n hay que dise\u00f1arlo<\/b>\u201d, advirti\u00f3.<\/p>\n<p class=\"paragraph font__body-regular\">Rubio explic\u00f3 que no se trata de cambiarlo todo, sino a conservar lo que realmente importa. \u201c<b>La memoria est\u00e1 en los objetos, pero tambi\u00e9n en c\u00f3mo son usados, en qu\u00e9 decides guardar y qu\u00e9 dejas ir<\/b>\u201d, reflexiona. <\/p>\n<p class=\"paragraph font__body-regular\">\u201cUno ya acumul\u00f3 muchas cosas, muchas historias. Pero no todo tiene que estar a la vista. No se trata de vivir en un altar de uno mismo, sino de convivir con lo que de verdad te hace sentir bien\u201d, sostiene.<\/p>\n","protected":false},"excerpt":{"rendered":"A los 65 a\u00f1os, la casa puede ser mucho m\u00e1s que un simple refugio: puede convertirse en el&hellip;\n","protected":false},"author":2,"featured_media":327322,"comment_status":"","ping_status":"","sticky":false,"template":"","format":"standard","meta":{"footnotes":""},"categories":[173],"tags":[229,233,231,230,385,8372,232,234,146,147,25,24,11746,228,23,2922,11934],"class_list":{"0":"post-327321","1":"post","2":"type-post","3":"status-publish","4":"format-standard","5":"has-post-thumbnail","7":"category-arte-y-diseno","8":"tag-arte","9":"tag-arte-y-diseno","10":"tag-arts","11":"tag-arts-and-design","12":"tag-casa","13":"tag-decoracion","14":"tag-design","15":"tag-diseno","16":"tag-entertainment","17":"tag-entretenimiento","18":"tag-es","19":"tag-espana","20":"tag-hogar","21":"tag-recomendaciones","22":"tag-spain","23":"tag-tendencias","24":"tag-tns"},"share_on_mastodon":{"url":"https:\/\/pubeurope.com\/@es\/115852573651926561","error":""},"_links":{"self":[{"href":"https:\/\/www.europesays.com\/es\/wp-json\/wp\/v2\/posts\/327321","targetHints":{"allow":["GET"]}}],"collection":[{"href":"https:\/\/www.europesays.com\/es\/wp-json\/wp\/v2\/posts"}],"about":[{"href":"https:\/\/www.europesays.com\/es\/wp-json\/wp\/v2\/types\/post"}],"author":[{"embeddable":true,"href":"https:\/\/www.europesays.com\/es\/wp-json\/wp\/v2\/users\/2"}],"replies":[{"embeddable":true,"href":"https:\/\/www.europesays.com\/es\/wp-json\/wp\/v2\/comments?post=327321"}],"version-history":[{"count":0,"href":"https:\/\/www.europesays.com\/es\/wp-json\/wp\/v2\/posts\/327321\/revisions"}],"wp:featuredmedia":[{"embeddable":true,"href":"https:\/\/www.europesays.com\/es\/wp-json\/wp\/v2\/media\/327322"}],"wp:attachment":[{"href":"https:\/\/www.europesays.com\/es\/wp-json\/wp\/v2\/media?parent=327321"}],"wp:term":[{"taxonomy":"category","embeddable":true,"href":"https:\/\/www.europesays.com\/es\/wp-json\/wp\/v2\/categories?post=327321"},{"taxonomy":"post_tag","embeddable":true,"href":"https:\/\/www.europesays.com\/es\/wp-json\/wp\/v2\/tags?post=327321"}],"curies":[{"name":"wp","href":"https:\/\/api.w.org\/{rel}","templated":true}]}}