{"id":327345,"date":"2026-01-07T07:33:13","date_gmt":"2026-01-07T07:33:13","guid":{"rendered":"https:\/\/www.europesays.com\/es\/327345\/"},"modified":"2026-01-07T07:33:13","modified_gmt":"2026-01-07T07:33:13","slug":"el-historico-programa-al-que-renuncio-jaime-cantizano-y-ahora-es-uno-de-los-mejores-de-mediaset","status":"publish","type":"post","link":"https:\/\/www.europesays.com\/es\/327345\/","title":{"rendered":"El hist\u00f3rico programa al que renunci\u00f3 Jaime Cantizano y ahora es uno de los mejores de Mediaset"},"content":{"rendered":"<p><strong>Jaime Cantizano<\/strong> se ha convertido en uno de los rostros m\u00e1s emblem\u00e1ticos de la peque\u00f1a pantalla<strong>. Gran parte del p\u00fablico le recuerda por su papel en \u00bfD\u00f3nde est\u00e1s coraz\u00f3n?<\/strong>, un programa que marc\u00f3 un antes y un despu\u00e9s dentro de la cr\u00f3nica social. El presentador logr\u00f3 mantenerse en lo m\u00e1s alto durante mucho tiempo y cuando este proyecto desapareci\u00f3 comenz\u00f3 una nueva etapa. Se pas\u00f3 a la radio y ha cosechado <strong>grandes \u00e9xitos<\/strong>, por eso rechaz\u00f3 una importante propuesta: conducir First Dates.<\/p>\n<p>En estos momentos,<a href=\"https:\/\/okdiario.com\/look\/actualidad\/jaime-cantizano-inspira-martinez-almeida-luna-miel-2344662\" rel=\"nofollow noopener\" target=\"_blank\"> Jaime Cantizano<\/a> est\u00e1 centrado en Por fin, un espacio radiof\u00f3nico que se emite en Onda Cero. No es la primera vez que trabaja en este medio y ha demostrado tener una gran soltura, de ah\u00ed que no se sintiese atra\u00eddo por la oferta que le hizo una famosa productora. \u00abDespu\u00e9s de mi etapa en <strong>Antena 3<\/strong>, empec\u00e9 a hacer un morning show en<strong> Cadena Dial<\/strong> y de pronto Warner (productora de First Dates) me ofreci\u00f3 presentar un programa que ahora todos conoc\u00e9is. <strong>Un programa en el que gente desconocida se sienta en un restaurante<\/strong> ante unas c\u00e1maras ocultas y ten\u00edan que congeniar o no\u00bb, ha declarado durante su \u00faltima entrevista.<\/p>\n<p>\n<img decoding=\"async\" loading=\"lazy\" class=\"size-medium wp-image-2006918\" alt=\"Carlos Sobera, mujer Carlos Sobera, Carlos Sobera biograf\u00eda, Carlos Sobera memoria, Carlos Sobera libro, ictus mujer Carlos Sobera\" width=\"620\" height=\"349\"  src=\"https:\/\/www.europesays.com\/es\/wp-content\/uploads\/2025\/12\/placeholder.jpg\"  bad-src=\"https:\/\/www.europesays.com\/es\/wp-content\/uploads\/2025\/12\/placeholder.jpg\"\/><\/p>\n<p><img decoding=\"async\" loading=\"lazy\" class=\"size-medium wp-image-2006918\" src=\"https:\/\/www.europesays.com\/es\/wp-content\/uploads\/2026\/01\/carlos-620x349.jpg\" alt=\"Carlos Sobera, mujer Carlos Sobera, Carlos Sobera biograf\u00eda, Carlos Sobera memoria, Carlos Sobera libro, ictus mujer Carlos Sobera\" width=\"620\" height=\"349\"  \/><\/p>\n<p> Carlos Sobera en el aniversario del programa \u2018First Dates\u2019. (Foto: Gtres)\n<\/p>\n<p>Como todo el mundo sabe, First Dates est\u00e1 en manos de <strong>Carlos Sobera<\/strong>, quien ha convertido este concurso en uno de los m\u00e1s exitosos de <strong>Mediaset<\/strong>. Tanto es as\u00ed que el grupo ha probado nuevas f\u00f3rmulas y ha emitido ediciones tem\u00e1ticas por San Valent\u00edn, por Navidad e incluso ha invitado a famosos en algunas temporadas. Ahora nadie es capaz de imaginar este juego sin su maestro de ceremonias, pero <strong>\u00bfqu\u00e9 hubiera pasado si Cantizano hubiese firmado el contrato?<\/strong><\/p>\n<p>\u00bfPor qu\u00e9 rechaz\u00f3 \u2018First Dates\u2019?<\/p>\n<p><strong>Jaime Cantizano hizo una gran apuesta<\/strong> al focalizar sus esfuerzos en crecer dentro del mundo de la radio y ha conseguido convertirse en un ejemplo para muchos compa\u00f1eros. Por ese motivo, no se ha arrepiente de haber dicho \u00abno\u00bb a First Dates, de hecho, ten\u00eda un buen motivo:<strong> su agenda estaba completa<\/strong> y no estaba dispuesto a trabajar desde la madrugada al anochecer.<\/p>\n<p>Durante una entrevista publicada por David Saiz en Informalia, Cantizano da explicaciones sobre esto y afirma: \u00abYo acababa de firmar el morning de Cadena Dial, que supon\u00eda que <strong>yo me levantaba a las 05.00 de la ma\u00f1ana y terminaba a las 14.00<\/strong>, y si aceptaba aquello ten\u00eda que estar trabajando hasta las 00.00 o 01.00. Como tampoco lo vi muy claro, porque era un proyecto, segu\u00ed apostando por la radio\u00bb.<\/p>\n<p>\n<img decoding=\"async\" loading=\"lazy\" class=\"size-medium wp-image-1813639\" alt=\"Jaime Cantizano, TVE\" width=\"620\" height=\"349\"  src=\"https:\/\/www.europesays.com\/es\/wp-content\/uploads\/2025\/12\/placeholder.jpg\"  bad-src=\"https:\/\/www.europesays.com\/es\/wp-content\/uploads\/2025\/12\/placeholder.jpg\"\/><\/p>\n<p><img decoding=\"async\" loading=\"lazy\" class=\"size-medium wp-image-1813639\" src=\"https:\/\/www.europesays.com\/es\/wp-content\/uploads\/2026\/01\/cantizano-tve-620x349.jpg\" alt=\"Jaime Cantizano, TVE\" width=\"620\" height=\"349\"  \/><\/p>\n<p> Jaime Cantizano en un evento. (Foto: Gtres)\n<\/p>\n<p>Si tenemos en cuenta sus palabras, podemos decir que Carlos Sobera es consciente de que Warner contact\u00f3 con Cantizano y le tent\u00f3 para Firts Dates. Seg\u00fan cuenta el protagonista de esta noticia, en alguna ocasi\u00f3n se han encontrado y han hablado del tema. \u00abAlguna que otra vez le he dicho a Sobera: Oye, estabilidad tienes. Pero,<strong> para m\u00ed no es haber perdido un tren, sino es haber tomado un camino<\/strong>, porque soy fundamentalmente cabezota\u00bb.<\/p>\n<p>TVE, el otro proyecto de Cantizano<\/p>\n<p>Despu\u00e9s de su \u00e9xito en Antena 3, <strong>Cantizano estuvo un tiempo apartado de la peque\u00f1a pantalla<\/strong>, como decimos, intentando avanzar posiciones dentro de la radio. Y, cuando ya estaba asentado, le llamaron de TVE para ofrecerle las ma\u00f1anas. El programa, Ma\u00f1aneros, actualmente est\u00e1 presentado por <strong>Adela Gonz\u00e1lez y por Javier Ruiz<\/strong>, pero no lo iniciaron ellos.<\/p>\n<p>\u00ab\u00bfC\u00f3mo iba a rechazar las ma\u00f1anas de <strong>Televisi\u00f3n Espa\u00f1ola<\/strong>? Tambi\u00e9n era una especie de prueba personal. Despu\u00e9s de tanto tiempo sin hacer televisi\u00f3n, quer\u00eda saber c\u00f3mo de engrasada estaba mi maquinaria\u00bb. Con el tiempo, modific\u00f3 su hoja de ruta y regres\u00f3 a los estudios radiof\u00f3nicos.<\/p>\n","protected":false},"excerpt":{"rendered":"Jaime Cantizano se ha convertido en uno de los rostros m\u00e1s emblem\u00e1ticos de la peque\u00f1a pantalla. Gran parte&hellip;\n","protected":false},"author":2,"featured_media":327346,"comment_status":"","ping_status":"","sticky":false,"template":"","format":"standard","meta":{"footnotes":""},"categories":[174],"tags":[255,146,147,25,24,256,18864,23],"class_list":{"0":"post-327345","1":"post","2":"type-post","3":"status-publish","4":"format-standard","5":"has-post-thumbnail","7":"category-famosos","8":"tag-celebrities","9":"tag-entertainment","10":"tag-entretenimiento","11":"tag-es","12":"tag-espana","13":"tag-famosos","14":"tag-jaime-cantizano","15":"tag-spain"},"share_on_mastodon":{"url":"https:\/\/pubeurope.com\/@es\/115852660428566315","error":""},"_links":{"self":[{"href":"https:\/\/www.europesays.com\/es\/wp-json\/wp\/v2\/posts\/327345","targetHints":{"allow":["GET"]}}],"collection":[{"href":"https:\/\/www.europesays.com\/es\/wp-json\/wp\/v2\/posts"}],"about":[{"href":"https:\/\/www.europesays.com\/es\/wp-json\/wp\/v2\/types\/post"}],"author":[{"embeddable":true,"href":"https:\/\/www.europesays.com\/es\/wp-json\/wp\/v2\/users\/2"}],"replies":[{"embeddable":true,"href":"https:\/\/www.europesays.com\/es\/wp-json\/wp\/v2\/comments?post=327345"}],"version-history":[{"count":0,"href":"https:\/\/www.europesays.com\/es\/wp-json\/wp\/v2\/posts\/327345\/revisions"}],"wp:featuredmedia":[{"embeddable":true,"href":"https:\/\/www.europesays.com\/es\/wp-json\/wp\/v2\/media\/327346"}],"wp:attachment":[{"href":"https:\/\/www.europesays.com\/es\/wp-json\/wp\/v2\/media?parent=327345"}],"wp:term":[{"taxonomy":"category","embeddable":true,"href":"https:\/\/www.europesays.com\/es\/wp-json\/wp\/v2\/categories?post=327345"},{"taxonomy":"post_tag","embeddable":true,"href":"https:\/\/www.europesays.com\/es\/wp-json\/wp\/v2\/tags?post=327345"}],"curies":[{"name":"wp","href":"https:\/\/api.w.org\/{rel}","templated":true}]}}