{"id":327365,"date":"2026-01-07T07:44:13","date_gmt":"2026-01-07T07:44:13","guid":{"rendered":"https:\/\/www.europesays.com\/es\/327365\/"},"modified":"2026-01-07T07:44:13","modified_gmt":"2026-01-07T07:44:13","slug":"kast-no-deberia-sobrerreaccionar-y-las-prioridades-que-definio-no-debieran-alterarse-por-un-cambio-en-el-contexto-regional","status":"publish","type":"post","link":"https:\/\/www.europesays.com\/es\/327365\/","title":{"rendered":"Kast no deber\u00eda \u201csobrerreaccionar\u201d\u00a0y las prioridades que defini\u00f3 \u201cno debieran alterarse por un cambio en el contexto regional\u201d."},"content":{"rendered":"<p>\u201cLo ocurrido en Venezuela es muy importante, sin duda, pero\u00a0<strong>Chile no es un actor central en la pol\u00edtica latinoamericana como para que cada evento externo obligue a redise\u00f1ar su pol\u00edtica exterio<\/strong>r. Un perfil con \u00e9nfasis en inversi\u00f3n y estabilidad sigue siendo plenamente coherente con las prioridades del pr\u00f3ximo gobierno\u201d, sostiene Juan Pablo Lav\u00edn, gerente general Panel Ciudadano-UDD.<\/p>\n","protected":false},"excerpt":{"rendered":"\u201cLo ocurrido en Venezuela es muy importante, sin duda, pero\u00a0Chile no es un actor central en la pol\u00edtica&hellip;\n","protected":false},"author":2,"featured_media":327366,"comment_status":"","ping_status":"","sticky":false,"template":"","format":"standard","meta":{"footnotes":""},"categories":[42],"tags":[17,18,13,14,11,61,62,63,64,19,20,9,10,15,16,12,21,22,65,66,67],"class_list":{"0":"post-327365","1":"post","2":"type-post","3":"status-publish","4":"format-standard","5":"has-post-thumbnail","7":"category-internacional","8":"tag-breaking-news","9":"tag-breakingnews","10":"tag-featured-news","11":"tag-featurednews","12":"tag-headlines","13":"tag-internacional","14":"tag-international","15":"tag-international-news","16":"tag-internationalnews","17":"tag-latest-news","18":"tag-latestnews","19":"tag-news","20":"tag-noticias","21":"tag-noticias-destacadas","22":"tag-noticiasdestacadas","23":"tag-titulares","24":"tag-ultimas-noticias","25":"tag-ultimasnoticias","26":"tag-world","27":"tag-world-news","28":"tag-worldnews"},"share_on_mastodon":{"url":"https:\/\/pubeurope.com\/@es\/115852703466614644","error":""},"_links":{"self":[{"href":"https:\/\/www.europesays.com\/es\/wp-json\/wp\/v2\/posts\/327365","targetHints":{"allow":["GET"]}}],"collection":[{"href":"https:\/\/www.europesays.com\/es\/wp-json\/wp\/v2\/posts"}],"about":[{"href":"https:\/\/www.europesays.com\/es\/wp-json\/wp\/v2\/types\/post"}],"author":[{"embeddable":true,"href":"https:\/\/www.europesays.com\/es\/wp-json\/wp\/v2\/users\/2"}],"replies":[{"embeddable":true,"href":"https:\/\/www.europesays.com\/es\/wp-json\/wp\/v2\/comments?post=327365"}],"version-history":[{"count":0,"href":"https:\/\/www.europesays.com\/es\/wp-json\/wp\/v2\/posts\/327365\/revisions"}],"wp:featuredmedia":[{"embeddable":true,"href":"https:\/\/www.europesays.com\/es\/wp-json\/wp\/v2\/media\/327366"}],"wp:attachment":[{"href":"https:\/\/www.europesays.com\/es\/wp-json\/wp\/v2\/media?parent=327365"}],"wp:term":[{"taxonomy":"category","embeddable":true,"href":"https:\/\/www.europesays.com\/es\/wp-json\/wp\/v2\/categories?post=327365"},{"taxonomy":"post_tag","embeddable":true,"href":"https:\/\/www.europesays.com\/es\/wp-json\/wp\/v2\/tags?post=327365"}],"curies":[{"name":"wp","href":"https:\/\/api.w.org\/{rel}","templated":true}]}}