{"id":327379,"date":"2026-01-07T07:57:10","date_gmt":"2026-01-07T07:57:10","guid":{"rendered":"https:\/\/www.europesays.com\/es\/327379\/"},"modified":"2026-01-07T07:57:10","modified_gmt":"2026-01-07T07:57:10","slug":"marta-cardenas-pintora-cuando-murio-mi-marido-deje-de-pintar-ahora-escribo-un-diario","status":"publish","type":"post","link":"https:\/\/www.europesays.com\/es\/327379\/","title":{"rendered":"Marta C\u00e1rdenas, Pintora: \u00abCuando muri\u00f3 mi marido, dej\u00e9 de pintar: ahora escribo un diario\u00bb"},"content":{"rendered":"<p>El Colegio de Arquitectos de Madrid (COAM) acoge hasta el pr\u00f3ximo d\u00eda 20 una exposici\u00f3n antol\u00f3gica de la pintora Marta C\u00e1rdenas (Donostia, 1944), que re\u00fane  &#8230; m\u00e1s de setenta obras, entre pinturas y dibujos, realizados a lo largo de seis d\u00e9cadas de trayectoria art\u00edstica. C\u00e1rdenas se muestra \u00abencantada\u00bb con la muestra, pero confiesa que desde la muerte en 2021 de su marido, el compositor Luis de Pablo, ha abandonado la pintura para centrarse en su otra pasi\u00f3n: la escritura. En este caso, de un diario. <\/p>\n<p class=\"v-p\"><strong>\u2013 \u00bfQu\u00e9 siente al contemplar estas obras, algunas de hace cinco y seis d\u00e9cadas?<\/strong><\/p>\n<p class=\"v-p\">\u2013 Es verdad que he ido evolucionando, como todo el mundo, pero para m\u00ed ha habido una pasi\u00f3n por lo que hac\u00eda que se refleja en una actividad un poco fren\u00e9tica. Por ejemplo, durante muchos a\u00f1os iba a todas partes con cuadernos tomando notas y apuntes todo el rato. Captaba movimientos y esas cosas tan divertidas para correr la mano. Eso es lo que he hecho sobre todo. Me lo he pasado muy bien, aunque eso no se refleja muy bien en la exposici\u00f3n, en donde queda muy evidente la pintura, algo mucho m\u00e1s est\u00e1tica.<\/p>\n<p><a href=\"http:\/\/www.diariovasco.com\/culturas\/desaparecido-visitantes-galerias-pues-den-morcilla-20260107000922-nt.html#vtm_modulosEngag=mod-rel:culturas:noticia:1:cmp:1-not\" class=\"v-a-link\" aria-label=\"Imagen\" rel=\"nofollow noopener\" target=\"_blank\"><\/p>\n<p><img decoding=\"async\" loading=\"lazy\" src=\"https:\/\/www.europesays.com\/es\/wp-content\/uploads\/2026\/01\/cardenas2-kGUB--366x256@Diario Vasco.jpg\" class=\"v-a-img\" width=\"258\" height=\"180\" alt=\"\" data-voc-vtm-id=\"in-text-traffic\"\/><\/p>\n<p><\/a><\/p>\n<p class=\"v-p\"><strong>\u2013 \u00bfY por qu\u00e9 en este momento una antol\u00f3gica?<\/strong><\/p>\n<p class=\"v-p\">\u2013 Pues mire, yo eso no lo s\u00e9. Ellos han decidido y la han hecho. Quiz\u00e1s porque tengo ya muchos a\u00f1os y me queda poco tiempo para hacerme estas cosas. Tengo 81 a\u00f1os, as\u00ed que si no me la hacen ahora, ya no me la hacen nunca.<\/p>\n<p class=\"v-p\"><strong>\u2013 En todo caso, no es una despedida&#8230;<\/strong><\/p>\n<p class=\"v-p\">\u2013 No digo que lo sea. Si quieren despedirse de m\u00ed, que lo hagan. Tengo que decir una cosa: en el momento en el que hace unos seis a\u00f1os muri\u00f3 mi marido, con el cual estaba feliz y todo era maravilloso, no pod\u00eda dibujar ni pintar ni nada. Le dije al m\u00e9dico que hab\u00eda tratado a Luis que en cuanto cog\u00eda un pincel, se me ca\u00eda de la mano y me dice: \u00abPues claro, eso es el luto\u00bb. Bueno, pues s\u00ed, es verdad.<\/p>\n<p>\nLUTO\n<\/p>\n<p>\u00abCuando muri\u00f3 mi marido, con el cual estaba feliz y todo era maravilloso, no pod\u00eda dibujar ni pintar ni nada. Y empec\u00e9 a escribir un diario\u00bb<\/p>\n<p>\nLA ESCRITURA\n<\/p>\n<p>\u00abDisfruto con la forma en la que desarrolla la frase, ah\u00ed queda constancia de todo lo que hago. Entiendes mucho mejor qui\u00e9n eres y por qu\u00e9 lo haces\u00bb<\/p>\n<p>\nPINTA Y ESCRIBIR\n<\/p>\n<p>\u00abTanto la una como la otra son parte de mi personalidad y reflejan cosas muy similares porque soy la misma, qu\u00e9 demonios\u00bb<\/p>\n<p class=\"v-p\"><strong>\u2013 \u00bfCu\u00e1ndo super\u00f3 ese luto?<\/strong><\/p>\n<p class=\"v-p\">\u2013 Y me dijo: \u00abNo te preocupes, eso es l\u00f3gico. No luches contra ello, busca otra cosa que te guste y te dedicas a eso\u00bb. Y s\u00ed, tengo otra cosa que me gusta much\u00edsimo desde los doce a\u00f1os, cuando empec\u00e9 a pensar que era pintora, pero tambi\u00e9n escritora. Me gusta much\u00edsimo escribir y lo he hecho todo la vida. Ahora ni dibujo, ni pinto, sino que escribo un diario. Desde que muri\u00f3 mi marido, s\u00f3lo escribo un diario, algo para m\u00ed important\u00edsimo porque adem\u00e1s de escribir y disfrutar con la forma en la que desarrolla la frase, ah\u00ed queda constancia de todo lo que voy haciendo. Nunca lo hab\u00eda practicado de una manera tan met\u00f3dica y es fabuloso. Adem\u00e1s, entiendes mucho mejor qui\u00e9n eres y por qu\u00e9 lo haces. <\/p>\n<p class=\"v-p\"><strong>\u2013 O sea que ha dejado de pintar para centrarse en escribir&#8230;<\/strong><\/p>\n<p class=\"v-p\">\u2013 S\u00ed. No tiene nada de raro porque cuando comenc\u00e9 a sentirme artista, no sab\u00eda si iba a ser pintora o escritora. Me gustaban las dos cosas. En el colegio, ten\u00eda un profesor de Literatura buen\u00edsimo y cuando iba a clase, me comunicaba con \u00e9l por carta. <\/p>\n<p class=\"v-p\"><strong>\u2013 \u00bfSe arrepiente de haber dedicado m\u00e1s tiempo a la pintura que a la escritura a lo largo de su vida?<\/strong><\/p>\n<p class=\"v-p\">\u2013 No. Creo que no me arrepiento de nada, estoy encantada de haber vivido mi vida as\u00ed. No me arrepiento de haberme dedicado a la pintura, pero son etapas. Ahora estoy dedicada a la escritura y tanto la una como la otra son parte de mi personalidad y reflejaran cosas muy similares porque soy la misma, qu\u00e9 demonios.<\/p>\n<p class=\"v-p\"><strong>\u2013 \u00bfCu\u00e1les son esas cosas?<\/strong><\/p>\n<p class=\"v-p\">\u2013 Muchas veces, observaciones. Algunas me encantar\u00eda reflejarlas en pintura. Por ejemplo, c\u00f3mo una persona pone el pie en un escal\u00f3n. Cosas absurdas, pero que estoy viendo todo el tiempo. Cada vez es una cosa diferente y es muy dif\u00edcil de explicar. Todo esto no lo cuento en mi diario, ah\u00ed recojo lo que hago d\u00eda a d\u00eda con comentarios de lo que va pasando. Me desahoga de toda ansiedad porque tengo alguna, desmasiada.<\/p>\n<p>\nINICIOS\n<\/p>\n<p>\u00abNo pensaba en hacer una carrera porque eso no tiene belleza, es m\u00e1s bien ambici\u00f3n y eso no me parece elegante. Estoy contenta de ser como soy\u00bb<\/p>\n<p>\nLA EXPOSICI\u00d3N\n<\/p>\n<p>\u00abEs muy completa y muy bonita. No me hab\u00edan hecho una exposici\u00f3n as\u00ed en la vida y creo que la merec\u00eda y la necesitaba, pero tampoco la buscaba\u00bb<\/p>\n<p>\nAUTOSUFICIENTE\n<\/p>\n<p>\u00abNo he vivido del todo de la pintura porque hab\u00eda otros elementos. Mi marido me mantuvo, pero yo no he tenido que mantener a nadie, salvo a mi gata\u00bb<\/p>\n<p class=\"v-p\"><strong>\u2013 Echando la vista atr\u00e1s, \u00bfsu carrera se ha desarrollado tal y como la imagin\u00f3 cuando empezaba?<\/strong><\/p>\n<p class=\"v-p\">\u2013 Yo no pensaba en hacer una carrera porque eso no tiene mucha belleza, es m\u00e1s bien ambici\u00f3n y eso no me parece elegante. Si lo hubiese hecho, no me hubiese resultado dif\u00edcil moverme por unos ambientes superiores, m\u00e1s importantes e internacionales. Hablo franc\u00e9s e ingl\u00e9s desde peque\u00f1a, as\u00ed que me hubiera podido relacionar con cualquiera, pero no ten\u00eda inter\u00e9s en ser internacional, ni nada de eso. Estoy contenta en ser como soy y si alguien me conoce, que me conozca y si no, qu\u00e9 le vamos a hacer porque yo ya he hecho mi carrera y mi obra. He vivido de ella y de eso se trataba&#8230; Bueno, he vivido de mi obra en temporadas, claro.<\/p>\n<p class=\"v-p\"><strong>\u2013 Pero, \u00bfse siente reconocida en el \u00e1mbito art\u00edstico? Ha sido un poco &#8216;guadianesca&#8217; en cuanto a que aparec\u00eda y desaparec\u00eda&#8230;<\/strong><\/p>\n<p class=\"v-p\">\u2013 S\u00ed. Ahora que me ha salido esta exposici\u00f3n, estoy encantada porque es muy completa y muy bonita. No me hab\u00edan hecho una exposici\u00f3n as\u00ed en la vida y creo que la merec\u00eda y la necesitaba, pero tampoco la buscaba. No es verdad que trabajemos para los dem\u00e1s, lo hacemos para nosotros mismos. Ahora, si alguien la ve, yo estoy encantada y si la aprecia, mejor todav\u00eda, pero tampoco voy a decir que he intentado hacer una carrera. No s\u00e9 si la he hecho. Parece que te pusieras en un punto de salida para salir corriendo y no. T\u00fa vas haciendo lo que te parece y eso luego tiene resultados o no. Lo importante es que puedas vivir de ello y no tengas que recurrir a otras actividades para comer. Eso a m\u00ed no me ha pasado, as\u00ed que he podido pintar lo que me daba la gana. <\/p>\n<p class=\"v-p\"><strong>\u2013 M\u00e1s all\u00e1 de sus etapas realistas, abstractas&#8230; \u00bfcree que hay un hilo conductor que atraviese toda su obra?<\/strong><\/p>\n<p class=\"v-p\">\u2013 Pues s\u00ed. Cuando ten\u00eda treinta a\u00f1os o as\u00ed, todo mi entorno art\u00edstico eran pintores abstractos. Yo no pod\u00eda vivir m\u00e1s que con la representaci\u00f3n, no pod\u00eda vivir sin la realidad, sin pintar lo que ve\u00eda. Intent\u00e9 ser una pintora abstracta y no me funcionaba. \u00a1Pues qu\u00e9 m\u00e1s me da! He hecho lo que me ha dado la gana y por fortuna, no he vivido del todo de la pintura porque hab\u00eda otros elementos que me ayudaban. Mi marido me mantuvo, pero yo no he tenido que mantener a nadie, salvo a mi gata.<\/p>\n<p class=\"v-p\"><strong>\u2013 Parece que la pintura ha sobrevivido para convivir con otras pr\u00e1cticas art\u00edsticas, como el v\u00eddeo, las instalaciones o las performances.<\/strong><\/p>\n<p class=\"v-p\">\u2013 Quiz\u00e1s s\u00ed. Yo no he hecho nada de eso. La pintura estar\u00e1 siempre. La performance es una actividad de actor, que me parece estupendo. Que el artista se exhiba a s\u00ed mismo o que exhiba lo que pinta no es tan distinto. Lo que pasa es que en una de ellas te ven en plena actividad y la otra, ven el resultado. Son peque\u00f1os matices que se han utilizado para estimular a unos o a otros. Algunos periodistas consideraban que hab\u00eda que desarrollar esas pr\u00e1cticas, pero no tiene importancia.<\/p>\n","protected":false},"excerpt":{"rendered":"El Colegio de Arquitectos de Madrid (COAM) acoge hasta el pr\u00f3ximo d\u00eda 20 una exposici\u00f3n antol\u00f3gica de la&hellip;\n","protected":false},"author":2,"featured_media":327380,"comment_status":"","ping_status":"","sticky":false,"template":"","format":"standard","meta":{"footnotes":""},"categories":[173],"tags":[229,233,231,230,15441,75668,13196,232,1819,234,146,147,25,75667,24,22167,14494,11611,7535,23],"class_list":{"0":"post-327379","1":"post","2":"type-post","3":"status-publish","4":"format-standard","5":"has-post-thumbnail","7":"category-arte-y-diseno","8":"tag-arte","9":"tag-arte-y-diseno","10":"tag-arts","11":"tag-arts-and-design","12":"tag-cardenas","13":"tag-coam","14":"tag-deje","15":"tag-design","16":"tag-diario","17":"tag-diseno","18":"tag-entertainment","19":"tag-entretenimiento","20":"tag-es","21":"tag-escribo","22":"tag-espana","23":"tag-marido","24":"tag-marta","25":"tag-murio","26":"tag-pintar","27":"tag-spain"},"share_on_mastodon":{"url":"","error":""},"_links":{"self":[{"href":"https:\/\/www.europesays.com\/es\/wp-json\/wp\/v2\/posts\/327379","targetHints":{"allow":["GET"]}}],"collection":[{"href":"https:\/\/www.europesays.com\/es\/wp-json\/wp\/v2\/posts"}],"about":[{"href":"https:\/\/www.europesays.com\/es\/wp-json\/wp\/v2\/types\/post"}],"author":[{"embeddable":true,"href":"https:\/\/www.europesays.com\/es\/wp-json\/wp\/v2\/users\/2"}],"replies":[{"embeddable":true,"href":"https:\/\/www.europesays.com\/es\/wp-json\/wp\/v2\/comments?post=327379"}],"version-history":[{"count":0,"href":"https:\/\/www.europesays.com\/es\/wp-json\/wp\/v2\/posts\/327379\/revisions"}],"wp:featuredmedia":[{"embeddable":true,"href":"https:\/\/www.europesays.com\/es\/wp-json\/wp\/v2\/media\/327380"}],"wp:attachment":[{"href":"https:\/\/www.europesays.com\/es\/wp-json\/wp\/v2\/media?parent=327379"}],"wp:term":[{"taxonomy":"category","embeddable":true,"href":"https:\/\/www.europesays.com\/es\/wp-json\/wp\/v2\/categories?post=327379"},{"taxonomy":"post_tag","embeddable":true,"href":"https:\/\/www.europesays.com\/es\/wp-json\/wp\/v2\/tags?post=327379"}],"curies":[{"name":"wp","href":"https:\/\/api.w.org\/{rel}","templated":true}]}}