{"id":327399,"date":"2026-01-07T08:08:10","date_gmt":"2026-01-07T08:08:10","guid":{"rendered":"https:\/\/www.europesays.com\/es\/327399\/"},"modified":"2026-01-07T08:08:10","modified_gmt":"2026-01-07T08:08:10","slug":"una-gran-comitiva-ha-acompanado-a-los-reyes-magos-de-oriente-a-su-paso-por-pozuelo","status":"publish","type":"post","link":"https:\/\/www.europesays.com\/es\/327399\/","title":{"rendered":"Una gran comitiva ha acompa\u00f1ado a los Reyes Magos de Oriente a su paso por Pozuelo"},"content":{"rendered":"<ul>\n<li>Melchor, Gaspar y Baltasar han concluido su visita a la ciudad en el templete del Parque Alcalde Jos\u00e9 Mart\u00edn-Crespo D\u00edaz, desde donde se han dirigido a los m\u00e1s peque\u00f1os en esta m\u00e1gica noche.<\/li>\n<\/ul>\n<p>Los Reyes Magos de Oriente ya han pasado por Pozuelo de Alarc\u00f3n en una Gran Cabalgata con m\u00e1s de una decena de carrozas de fantas\u00eda, reba\u00f1os de ovejas y burros, diferentes pasacalles y una centuria romana. Melchor, Gaspar y Baltasar han recibido el calor de los pozueleros en esta fr\u00eda tarde y desde sus carrozas han saludado a los m\u00e1s peque\u00f1os, a los que tambi\u00e9n les han lanzado miles de caramelos.<\/p>\n<p>La gran comitiva tambi\u00e9n ha estado protagonizada por una banda de gaiteros, la comparsa de Gigantes y Cabezudos y la banda La Lira de Pozuelo, adem\u00e1s de una representaci\u00f3n de Polic\u00eda Municipal y del Servicio de Emergencias del Ayuntamiento de Pozuelo de Alarc\u00f3n (SEAPA), y del Cuerpo de Bomberos de la Comunidad de Madrid.<\/p>\n<p>Tras la salida desde la Glorieta V\u00edctimas del Terrorismo, en la Avenida de Europa, Sus Majestades han recorrido la calle Francia, Avenida Pablo VI, Avenida Juan Pablo II y la Avenida Juan XXIII para finalizar en la Plaza de la Constituci\u00f3n. All\u00ed, les ha recibido la alcaldesa, Paloma Tejero, para darles la bienvenida y entregarles las llaves de la ciudad y los asistentes han disfrutado de un espect\u00e1culo pirot\u00e9cnico musical, acompa\u00f1ado de nieve, fuego fr\u00edo y fuegos artificiales. Por \u00faltimo, sus Majestades se han dirigido a los m\u00e1s peque\u00f1os para darles unos consejos de cara a esta noche m\u00e1gica.<\/p>\n<p><strong>Recogida de cartas y Rosc\u00f3n de Reyes<\/strong><\/p>\n<p>Antes de la gran Cabalgata, Gaspar, Melchor y Baltasar han estado en la Plaza Mayor y en el templete del Parque Alcalde Jos\u00e9 Mart\u00edn-Crespo D\u00edaz para recoger las cartas de los m\u00e1s peque\u00f1os y escuchar sus peticiones, a la vez que, junto a sus familias, han degustado el tradicional rosc\u00f3n de reyes con chocolate caliente.\u00a0 Los Reyes Magos tambi\u00e9n han recogido las cartas de ni\u00f1os con TEA y otras necesidades especiales en un entorno con baja estimulaci\u00f3n sensorial en la sala La Capilla del Consistorio.<\/p>\n<p><strong>Dispositivo especial de limpieza viaria<\/strong><\/p>\n<p>Con motivo de esta Cabalgata, el Ayuntamiento ha desplegado un dispositivo especial de limpieza viaria con el objetivo de que las calles de la ciudad queden totalmente limpias al paso de la cabalgata y evitar molestias a los vecinos. Para ello, el equipo de trabajo ha estado compuesto por 18 operarios, dos barredoras, un cami\u00f3n de carga trasera, cinco sopladoras y una baldeadora.<\/p>\n<p><img decoding=\"async\" alt=\"Cabalgata de Reyes\" data-entity-type=\"\" data-entity-uuid=\"\" src=\"https:\/\/www.europesays.com\/es\/wp-content\/uploads\/2026\/01\/20260105-FOT.-Cabalgata Reyes Magos de Oriente en Pozuelo (3)_.jpg\"\/><\/p>\n<p><img decoding=\"async\" alt=\"Cabalgata de Reyes\" data-entity-type=\"\" data-entity-uuid=\"\" src=\"https:\/\/www.europesays.com\/es\/wp-content\/uploads\/2026\/01\/20260105-FOT.-Cabalgata Reyes Magos de Oriente en Pozuelo (2)_.jpg\"\/><\/p>\n<p><img decoding=\"async\" alt=\"Cabalgata de Reyes\" data-entity-type=\"\" data-entity-uuid=\"\" src=\"https:\/\/www.europesays.com\/es\/wp-content\/uploads\/2026\/01\/20260105-FOT.-Cabalgata Reyes Magos de Oriente en Pozuelo (4)_.jpg\"\/><\/p>\n","protected":false},"excerpt":{"rendered":"Melchor, Gaspar y Baltasar han concluido su visita a la ciudad en el templete del Parque Alcalde Jos\u00e9&hellip;\n","protected":false},"author":2,"featured_media":327400,"comment_status":"","ping_status":"","sticky":false,"template":"","format":"standard","meta":{"footnotes":""},"categories":[8],"tags":[17,18,25,24,13,14,11,19,20,9,10,15,16,23,12,21,22],"class_list":{"0":"post-327399","1":"post","2":"type-post","3":"status-publish","4":"format-standard","5":"has-post-thumbnail","7":"category-espana","8":"tag-breaking-news","9":"tag-breakingnews","10":"tag-es","11":"tag-espana","12":"tag-featured-news","13":"tag-featurednews","14":"tag-headlines","15":"tag-latest-news","16":"tag-latestnews","17":"tag-news","18":"tag-noticias","19":"tag-noticias-destacadas","20":"tag-noticiasdestacadas","21":"tag-spain","22":"tag-titulares","23":"tag-ultimas-noticias","24":"tag-ultimasnoticias"},"share_on_mastodon":{"url":"https:\/\/pubeurope.com\/@es\/115852797794945960","error":""},"_links":{"self":[{"href":"https:\/\/www.europesays.com\/es\/wp-json\/wp\/v2\/posts\/327399","targetHints":{"allow":["GET"]}}],"collection":[{"href":"https:\/\/www.europesays.com\/es\/wp-json\/wp\/v2\/posts"}],"about":[{"href":"https:\/\/www.europesays.com\/es\/wp-json\/wp\/v2\/types\/post"}],"author":[{"embeddable":true,"href":"https:\/\/www.europesays.com\/es\/wp-json\/wp\/v2\/users\/2"}],"replies":[{"embeddable":true,"href":"https:\/\/www.europesays.com\/es\/wp-json\/wp\/v2\/comments?post=327399"}],"version-history":[{"count":0,"href":"https:\/\/www.europesays.com\/es\/wp-json\/wp\/v2\/posts\/327399\/revisions"}],"wp:featuredmedia":[{"embeddable":true,"href":"https:\/\/www.europesays.com\/es\/wp-json\/wp\/v2\/media\/327400"}],"wp:attachment":[{"href":"https:\/\/www.europesays.com\/es\/wp-json\/wp\/v2\/media?parent=327399"}],"wp:term":[{"taxonomy":"category","embeddable":true,"href":"https:\/\/www.europesays.com\/es\/wp-json\/wp\/v2\/categories?post=327399"},{"taxonomy":"post_tag","embeddable":true,"href":"https:\/\/www.europesays.com\/es\/wp-json\/wp\/v2\/tags?post=327399"}],"curies":[{"name":"wp","href":"https:\/\/api.w.org\/{rel}","templated":true}]}}