{"id":327413,"date":"2026-01-07T08:23:11","date_gmt":"2026-01-07T08:23:11","guid":{"rendered":"https:\/\/www.europesays.com\/es\/327413\/"},"modified":"2026-01-07T08:23:11","modified_gmt":"2026-01-07T08:23:11","slug":"el-inesperado-comunicado-de-la-oreja-de-van-gogh-sobre-amaia-montero-tiene-un-caracter-complicado","status":"publish","type":"post","link":"https:\/\/www.europesays.com\/es\/327413\/","title":{"rendered":"El inesperado comunicado de La Oreja de Van Gogh sobre Amaia Montero: \u00abTiene un car\u00e1cter complicado\u00bb"},"content":{"rendered":"<p data-journey-content=\"true\" data-node-id=\"3\" class=\"css-6wxqfj emevuu60\">La Oreja de Van Gogh ha vuelto y lo ha hecho con <a href=\"https:\/\/www.diezminutos.es\/teleprograma\/programas-tv\/a69836237\/la-oreja-de-van-gogh-fecha-lanzamiento-single-amaia-montero-television-espanola-gala-nochevieja\/\" target=\"_blank\" data-vars-ga-outbound-link=\"https:\/\/www.diezminutos.es\/teleprograma\/programas-tv\/a69836237\/la-oreja-de-van-gogh-fecha-lanzamiento-single-amaia-montero-television-espanola-gala-nochevieja\/\" data-vars-ga-ux-element=\"Hyperlink\" data-vars-ga-call-to-action=\"Amaia Montero a la cabeza\" data-node-id=\"3.1\" class=\"body-link css-177bzfx emevuu60\" rel=\"nofollow noopener\">Amaia Montero a la cabeza<\/a>. Su actuaci\u00f3n <a href=\"https:\/\/www.diezminutos.es\/teleprograma\/programas-tv\/a69903868\/amaia-montero-criticas-edredon-actuacion-nochevieja\/\" target=\"_blank\" data-vars-ga-outbound-link=\"https:\/\/www.diezminutos.es\/teleprograma\/programas-tv\/a69903868\/amaia-montero-criticas-edredon-actuacion-nochevieja\/\" data-vars-ga-ux-element=\"Hyperlink\" data-vars-ga-call-to-action=\"en el especial de Nochevieja de La1 \" data-node-id=\"3.3\" class=\"body-link css-177bzfx emevuu60\" rel=\"nofollow noopener\">en el especial de Nochevieja de La1 <\/a>ha marcado su regreso oficial, juntos como la formaci\u00f3n original, tras la <a href=\"https:\/\/www.diezminutos.es\/famosos-corazon\/famosos-espanoles\/a69043024\/leire-martinez-reaccion-regreso-amaia-montero-la-oreja-de-van-gogh\/\" target=\"_blank\" data-vars-ga-outbound-link=\"https:\/\/www.diezminutos.es\/famosos-corazon\/famosos-espanoles\/a69043024\/leire-martinez-reaccion-regreso-amaia-montero-la-oreja-de-van-gogh\/\" data-vars-ga-ux-element=\"Hyperlink\" data-vars-ga-call-to-action=\"abrupta salida de Leire Mart\u00ednez de la formaci\u00f3n\" data-node-id=\"3.5\" class=\"body-link css-177bzfx emevuu60\" rel=\"nofollow noopener\">abrupta salida de Leire Mart\u00ednez de la formaci\u00f3n<\/a>. Una salida que ha dado mucho de qu\u00e9 hablar. Sin embargo, la vuelta de Amaia no ha ido tan bien como la banda donostiarra esperaba. El estilismo elegido por la vocalista, la puesta en escena y la canci\u00f3n generaban todo tipo de reacciones, entre ellas, <strong data-node-id=\"3.7\">muchas cr\u00edticas que centraban sobre todo su atenci\u00f3n en Amaia Montero. <\/strong><\/p>\n<p data-journey-content=\"true\" data-node-id=\"6\" class=\"css-6wxqfj emevuu60\">Por eso, La Oreja de Van Gogh ha decidido emitir un comunicado p\u00fablico en redes sociales, firmado por <strong data-node-id=\"6.1\">los componentes de la banda, que ha sorprendido a los seguidores<\/strong>. Y es que parece que \u00faltimamente esta es la forma de comunicaci\u00f3n con el que se han transmitido los mensajes importantes de la formaci\u00f3n.<\/p>\n<p><img draggable=\"true\" alt=\"musical performance in a vintagestyle setting\" title=\"musical performance in a vintagestyle setting\" loading=\"lazy\" width=\"4539\" height=\"2500\" decoding=\"async\" data-nimg=\"1\" style=\"color:transparent;width:100%;height:auto;\"   src=\"https:\/\/www.europesays.com\/es\/wp-content\/uploads\/2026\/01\/1767774190_495_amaia-montero-nochevieja-6957fcc02b34f.jpg\" class=\"css-0 e1g79fud0\"\/><\/p>\n<p>Captura RTVE<\/p>\n<p data-journey-content=\"true\" data-node-id=\"9\" class=\"css-6wxqfj emevuu60\">Con una imagen de su actuaci\u00f3n de vuelta, La Oreja de Van Gogh ha defendido a vocalista. \u00ab<strong data-node-id=\"9.1\">Esta de aqu\u00ed parece una chica normal, tirando a bajita, pero ah\u00ed dentro cabe un universo entero<\/strong>. Y esos dos ojitos de gata son en realidad un par de ventanas al lugar donde ocurre la magia: hay m\u00e1s melod\u00edas en esa cabeza que las que nadie pueda inventar en diez vidas\u00bb, se puede leer en el texto que acompa\u00f1a la imagen. <\/p>\n<p data-journey-content=\"true\" data-node-id=\"13\" class=\"css-6wxqfj emevuu60\">Un texto en el que alaban la personalidad de la cantante a quien se\u00f1alan con una gran empat\u00eda: \u00ab<strong data-node-id=\"13.1\">Si de verdad quieres sentir lo que es conectar con alguien al nivel m\u00e1s profundo y re\u00edrte sin darte cuenta<\/strong>, tienes que pasar un rato con ella. Deber\u00eda de ser una asignatura obligatoria para todos en esta vida\u00bb.<\/p>\n<p>El aplauso de La Oreja de Van Gogh a Amaia Montero<\/p>\n<p data-journey-content=\"true\" data-node-id=\"16\" class=\"css-6wxqfj emevuu60\">Eso s\u00ed, la banda se\u00f1ala las dos <strong data-node-id=\"16.1\">grandes faltas de la vasca: cabezota y con car\u00e1cter complicado<\/strong>. \u00abCabezota como ella sola, eso tambi\u00e9n te digo, y con un car\u00e1cter m\u00e1s complicado que verle la sombra al viento, tiene sin embargo un coraz\u00f3n gigante y de gominola\u00bb.\u2028<\/p>\n<p data-journey-content=\"true\" data-node-id=\"18\" class=\"css-6wxqfj emevuu60\">Todo esto hace que <strong data-node-id=\"18.1\">la banda sienta que los 18 a\u00f1os que han permanecido separados<\/strong> se hayan difuminado, algo que no sabemos <a href=\"https:\/\/www.diezminutos.es\/famosos-corazon\/famosos-espanoles\/a69873621\/leire-martinez-comparaciones-amaia-montero-la-oreja-de-van-gogh-no-era-lo-mio\/\" target=\"_blank\" data-vars-ga-outbound-link=\"https:\/\/www.diezminutos.es\/famosos-corazon\/famosos-espanoles\/a69873621\/leire-martinez-comparaciones-amaia-montero-la-oreja-de-van-gogh-no-era-lo-mio\/\" data-vars-ga-ux-element=\"Hyperlink\" data-vars-ga-call-to-action=\"c\u00f3mo podr\u00eda sentar a Leire Mart\u00ednez\" data-node-id=\"18.3\" class=\"body-link css-177bzfx emevuu60\" rel=\"nofollow noopener\">c\u00f3mo podr\u00eda sentar a Leire Mart\u00ednez<\/a>: \u00abRetomamos el camino exactamente donde lo dejamos sin tener claro cu\u00e1l es el destino, pero \u00bfsabes qu\u00e9? Nos importa un comino mientras sea contigo. Te queremos mucho, Amaia Montero Saldias\u00bb.<\/p>\n<p>La dulce respuesta de Amaia Montero<\/p>\n<p data-journey-content=\"true\" data-node-id=\"21\" class=\"css-6wxqfj emevuu60\">Amaia Montero ha aprovechado esta comunicaci\u00f3n p\u00fablica para hacer una respuesta, tambi\u00e9n p\u00fablica, a esas palabras: \u00abLeer vuestras palabras ha sido como mirarme en un espejo amable, de esos que no juzgan, que entienden incluso lo que una a\u00fan no sabe explicar. <strong data-node-id=\"21.1\">Gracias por verme as\u00ed, por mirar m\u00e1s all\u00e1 de lo evidente y por asomaros,<\/strong> con tanto respeto y cari\u00f1o a ese universo interior que a veces ni yo misma s\u00e9 ordenar\u00bb.<\/p>\n<p data-journey-content=\"true\" data-node-id=\"23\" class=\"css-6wxqfj emevuu60\">\u00abConectar de verdad es un regalo raro y sentirlo con vosotros es algo que guardo muy dentro. <strong data-node-id=\"23.1\">Me emociona pensar que el camino pueda retomarse sin mapas, sin promesas cerradas,<\/strong> s\u00f3lo con la certeza del amor, de la m\u00fasica, del acompa\u00f1arnos, del re\u00edrnos sin darnos cuenta y de caminar aunque no sepamos muy bien hacia d\u00f3nde. Eso, para m\u00ed, es hogar\u00bb, ha continuado Amaia.<\/p>\n<p data-journey-content=\"true\" data-node-id=\"25\" class=\"css-6wxqfj emevuu60\">En cuanto a las cr\u00edticas que <strong data-node-id=\"25.1\">ha recibido La Oreja de Van Gogh en esta vuelta<\/strong>, Amaia ha desvelado c\u00f3mo se encuentra. \u00abNo soy f\u00e1cil, lo s\u00e9. Pero si algo tengo claro es que mi coraz\u00f3n late grande gracias a vosotros, que sab\u00e9is ver con ternura incluso lo complejo y quer\u00e9is sin pedir que nada cambie. Gracias por el amor y por ese \u201ccontigo\u201d que lo hace todo \u00fanico. Yo tambi\u00e9n os quiero. Mucho ( como todo el cielo y todo el mar). Y celebro cada d\u00eda haber coincidido en esta vida. @laorejadevangogh 4ever!\u00bb<\/p>\n<p><img src=\"https:\/\/www.europesays.com\/es\/wp-content\/uploads\/2026\/01\/1767774191_764_323095e3-d675-4360-ad79-c3a735f161a1_1681830139.file.png\" alt=\"Headshot of Aroa D\u00edaz\" title=\"Headshot of Aroa D\u00edaz\" width=\"100%\" height=\"100%\" decoding=\"async\" loading=\"lazy\" class=\"css-o0wq4v ev8dhu53\"\/><\/p>\n<p>Aroa D\u00edaz es experta en realities, televisi\u00f3n y actualidad en general. No hay momento del d\u00eda en el que no tenga encendida la televisi\u00f3n conociendo los \u00faltimos desvelos de los famosos, disfrutando de los realities como Supervivientes o de los concursos m\u00e1s rocambolescos. Las \u00faltimas novedades de los famosos del coraz\u00f3n son su perdici\u00f3n y la actualidad de las Casas Reales, su gran pasi\u00f3n. \u00a0\u00a0<\/p>\n<p>En sus ratos libres disfruta de las pel\u00edculas y series de moda, y bucea por los cat\u00e1logos de las plataformas de podcast buscando nuevas entrevistas y charlas de famosos.<\/p>\n<p>Adem\u00e1s, no ha parado de formarse en todos los aspectos convirti\u00e9ndose en una periodista 360: locuci\u00f3n, doblaje, grabaci\u00f3n de v\u00eddeo, periodismo m\u00f3vil, producci\u00f3n de podcast y SEO. Actualmente est\u00e1 form\u00e1ndose en el M\u00e1ster universitario de Periodismo y Comunicaci\u00f3n Digital: Datos y Nuevas Narrativas de la UOC.<\/p>\n<p>Graduada en periodismo por la Universidad Rey Juan Carlos, no ha parado de trabajar desde que obtuvo su t\u00edtulo all\u00e1 por el 2013. Despu\u00e9s de un breve impass en Palma de Mallorca, volvi\u00f3 a Legan\u00e9s donde arranc\u00f3 su experiencia con Legan\u00e9s Activo. En este tiempo he pasado por las redacciones de varios medios recayendo finalmente en Hearst Espa\u00f1a (Telenovela, Qu\u00e9 me dices y Diez Minutos). Tambi\u00e9n tiene experiencia en diferentes radios. \u00a0<\/p>\n","protected":false},"excerpt":{"rendered":"La Oreja de Van Gogh ha vuelto y lo ha hecho con Amaia Montero a la cabeza. Su&hellip;\n","protected":false},"author":2,"featured_media":327414,"comment_status":"","ping_status":"","sticky":false,"template":"","format":"standard","meta":{"footnotes":""},"categories":[170],"tags":[253,146,147,25,24,184,185,23],"class_list":{"0":"post-327413","1":"post","2":"type-post","3":"status-publish","4":"format-standard","5":"has-post-thumbnail","7":"category-musica","8":"tag-discover","9":"tag-entertainment","10":"tag-entretenimiento","11":"tag-es","12":"tag-espana","13":"tag-music","14":"tag-musica","15":"tag-spain"},"share_on_mastodon":{"url":"https:\/\/pubeurope.com\/@es\/115852856848159700","error":""},"_links":{"self":[{"href":"https:\/\/www.europesays.com\/es\/wp-json\/wp\/v2\/posts\/327413","targetHints":{"allow":["GET"]}}],"collection":[{"href":"https:\/\/www.europesays.com\/es\/wp-json\/wp\/v2\/posts"}],"about":[{"href":"https:\/\/www.europesays.com\/es\/wp-json\/wp\/v2\/types\/post"}],"author":[{"embeddable":true,"href":"https:\/\/www.europesays.com\/es\/wp-json\/wp\/v2\/users\/2"}],"replies":[{"embeddable":true,"href":"https:\/\/www.europesays.com\/es\/wp-json\/wp\/v2\/comments?post=327413"}],"version-history":[{"count":0,"href":"https:\/\/www.europesays.com\/es\/wp-json\/wp\/v2\/posts\/327413\/revisions"}],"wp:featuredmedia":[{"embeddable":true,"href":"https:\/\/www.europesays.com\/es\/wp-json\/wp\/v2\/media\/327414"}],"wp:attachment":[{"href":"https:\/\/www.europesays.com\/es\/wp-json\/wp\/v2\/media?parent=327413"}],"wp:term":[{"taxonomy":"category","embeddable":true,"href":"https:\/\/www.europesays.com\/es\/wp-json\/wp\/v2\/categories?post=327413"},{"taxonomy":"post_tag","embeddable":true,"href":"https:\/\/www.europesays.com\/es\/wp-json\/wp\/v2\/tags?post=327413"}],"curies":[{"name":"wp","href":"https:\/\/api.w.org\/{rel}","templated":true}]}}