{"id":327421,"date":"2026-01-07T08:27:27","date_gmt":"2026-01-07T08:27:27","guid":{"rendered":"https:\/\/www.europesays.com\/es\/327421\/"},"modified":"2026-01-07T08:27:27","modified_gmt":"2026-01-07T08:27:27","slug":"letizia-ortiz-y-la-primera-y-nueva-blusa-cloud-dancer-del-ano","status":"publish","type":"post","link":"https:\/\/www.europesays.com\/es\/327421\/","title":{"rendered":"Letizia Ortiz y la primera (y nueva) blusa \u2018Cloud Dancer\u2019 del a\u00f1o"},"content":{"rendered":"<p>La blusa est\u00e1 confeccionada en un <strong>tejido plisado y semitransparente con mucho movimiento<\/strong> y presenta cuello redondo y mangas largas acampanadas, detalle que sin duda le da ese toque contempor\u00e1neo que tan suyo hace la Reina. Tan rom\u00e1ntica como cl\u00e1sica, tan sobria como moderna.<\/p>\n<p>Como podemos ver, la Princesa de Asturias ha recurrido una vez m\u00e1s a una de las <strong>combinaciones m\u00e1s simples de la industria del vestir<\/strong> y de las que m\u00e1s funciona: el blanco y el negro. Que tambi\u00e9n es a la que siempre acuden las chicas que m\u00e1s saben de moda. Por algo ser\u00e1. De hecho, junto al azul oscuro, es una de las mezclas a la que m\u00e1s recurrido la monarca en la Pascua Militar (adem\u00e1s de otros eventos), habi\u00e9ndola <strong>llevado en 2016, 2021 y 2024<\/strong> (y aunque en este \u00faltimo la blusa era satinada y de tono beige, son dos conjuntos muy similares).<\/p>\n<p><img decoding=\"async\" alt=\"Reina Letizia Pascua militar 2026\" loading=\"lazy\" class=\"ResponsiveImageContainer-eNxvmU cfBbTk responsive-image__image\"   src=\"https:\/\/www.europesays.com\/es\/wp-content\/uploads\/2026\/01\/U597661_038.jpg\"\/><\/p>\n<p>Jesus Briones<\/p>\n<p>Pero esto no se queda aqu\u00ed, porque hay m\u00e1s repeticiones en el look, esta vez de una de las prendas clave del outfit, la de la parte de abajo. Se trata de la misma falda que ya llev\u00f3 en 2024 en esta misma festividad, el <a data-offer-url=\"https:\/\/bouretshop.com\/products\/falda-raffica-negro\" class=\"external-link\" data-event-click=\"{&quot;element&quot;:&quot;ExternalLink&quot;,&quot;outgoingURL&quot;:&quot;https:\/\/bouretshop.com\/products\/falda-raffica-negro&quot;}\" href=\"https:\/\/bouretshop.com\/products\/falda-raffica-negro\" rel=\"nofollow noopener\" target=\"_blank\">modelo Raffica de de la firma gallega Bo\u00fcret<\/a>. Esto solo significa que este es un conjunto muy \u2018Letizia\u2019, con el que nos dice que se siente de lo m\u00e1s c\u00f3moda con este tipo de estilismos. \u00bfSer\u00e1 esa la raz\u00f3n por la que ha repetido varias de sus f\u00f3rmulas en la festividad menos \u2018Letizia\u2019? Tambi\u00e9n hay que destacar que, para protegerse del fr\u00edo en su llegada al Palacio Real, ha vuelto a su <strong>capa de punto de lana con cuello de pelo de Carolina Herrera<\/strong> (el modelo Doma), que le hemos visto en m\u00faltiples ocasiones. Digno de menci\u00f3n son, adem\u00e1s, sus nuevos pendientes brillantes, que ha combinado con su anillo de oro grabado de Coreterno.<\/p>\n<p>Y, pese a que no es una boda y no sabemos si Letizia lleva algo prestado, todo indica a que es <strong>su particular forma de atraer la buena suerte<\/strong> con algo nuevo (la blusa), algo viejo (la falda) y algo azul (la banda de Leonor). Veremos si la Reina sigue la misma f\u00f3rmula minimal en la XXIII edici\u00f3n de los Premios Internacionales de Periodismo de El Mundo que celebrar\u00e1 en unos d\u00edas. Estamos seguras de que no defraudar\u00e1.<\/p>\n","protected":false},"excerpt":{"rendered":"La blusa est\u00e1 confeccionada en un tejido plisado y semitransparente con mucho movimiento y presenta cuello redondo y&hellip;\n","protected":false},"author":2,"featured_media":327422,"comment_status":"","ping_status":"","sticky":false,"template":"","format":"standard","meta":{"footnotes":""},"categories":[91],"tags":[146,147,25,24,11440,11362,23],"class_list":{"0":"post-327421","1":"post","2":"type-post","3":"status-publish","4":"format-standard","5":"has-post-thumbnail","7":"category-entretenimiento","8":"tag-entertainment","9":"tag-entretenimiento","10":"tag-es","11":"tag-espana","12":"tag-letizia-ortiz","13":"tag-reina-letizia","14":"tag-spain"},"share_on_mastodon":{"url":"https:\/\/pubeurope.com\/@es\/115852872920169853","error":""},"_links":{"self":[{"href":"https:\/\/www.europesays.com\/es\/wp-json\/wp\/v2\/posts\/327421","targetHints":{"allow":["GET"]}}],"collection":[{"href":"https:\/\/www.europesays.com\/es\/wp-json\/wp\/v2\/posts"}],"about":[{"href":"https:\/\/www.europesays.com\/es\/wp-json\/wp\/v2\/types\/post"}],"author":[{"embeddable":true,"href":"https:\/\/www.europesays.com\/es\/wp-json\/wp\/v2\/users\/2"}],"replies":[{"embeddable":true,"href":"https:\/\/www.europesays.com\/es\/wp-json\/wp\/v2\/comments?post=327421"}],"version-history":[{"count":0,"href":"https:\/\/www.europesays.com\/es\/wp-json\/wp\/v2\/posts\/327421\/revisions"}],"wp:featuredmedia":[{"embeddable":true,"href":"https:\/\/www.europesays.com\/es\/wp-json\/wp\/v2\/media\/327422"}],"wp:attachment":[{"href":"https:\/\/www.europesays.com\/es\/wp-json\/wp\/v2\/media?parent=327421"}],"wp:term":[{"taxonomy":"category","embeddable":true,"href":"https:\/\/www.europesays.com\/es\/wp-json\/wp\/v2\/categories?post=327421"},{"taxonomy":"post_tag","embeddable":true,"href":"https:\/\/www.europesays.com\/es\/wp-json\/wp\/v2\/tags?post=327421"}],"curies":[{"name":"wp","href":"https:\/\/api.w.org\/{rel}","templated":true}]}}