{"id":327431,"date":"2026-01-07T08:36:07","date_gmt":"2026-01-07T08:36:07","guid":{"rendered":"https:\/\/www.europesays.com\/es\/327431\/"},"modified":"2026-01-07T08:36:07","modified_gmt":"2026-01-07T08:36:07","slug":"thomas-detry-cubre-el-hueco-que-deja-koepka-en-liv-golf","status":"publish","type":"post","link":"https:\/\/www.europesays.com\/es\/327431\/","title":{"rendered":"Thomas Detry cubre el hueco que deja Koepka en LIV Golf"},"content":{"rendered":"<p>            <a href=\"https:\/\/ten-golf.com\/wp-content\/uploads\/2026\/01\/detrylivsmylie26.jpg\" data-caption=\"Thomas Detry. (\u00a9 Golffile | Thos Caffrey)\" rel=\"nofollow noopener\" target=\"_blank\"><img decoding=\"async\" loading=\"lazy\" width=\"666\" height=\"444\" class=\"entry-thumb td-modal-image\" src=\"https:\/\/www.europesays.com\/es\/wp-content\/uploads\/2026\/01\/detrylivsmylie26-666x444.jpg\"   alt=\"Thomas Detry.\" title=\"Nedbank Golf Challenge 2025\"\/><\/a>Thomas Detry. (\u00a9 Golffile | Thos Caffrey)<\/p>\n<p data-start=\"89\" data-end=\"412\"><strong>LIV Golf<\/strong>, al fin, va a anunciar un par de fichajes despu\u00e9s de tanta noticia negativa. Son dos nuevos nombres que se unen a su parrilla para la pr\u00f3xima temporada. <strong data-start=\"160\" data-end=\"233\">Thomas Detry y Elvis Smylie est\u00e1n a punto de fichar por la liga saud\u00ed<\/strong>, seg\u00fan ha publicado <strong data-start=\"254\" data-end=\"267\">The Times<\/strong>, en un movimiento que llega en pleno mercado de invierno y con la sensaci\u00f3n de que, esta vez, <strong data-start=\"362\" data-end=\"411\">cuesta m\u00e1s que nunca atraer a grandes estrellas<\/strong>.<\/p>\n<p data-start=\"414\" data-end=\"675\">De confirmarse, Detry ser\u00eda <strong data-start=\"442\" data-end=\"498\">el fichaje m\u00e1s relevante de LIV en los \u00faltimos meses<\/strong>, aunque lejos del impacto que tuvieron hace dos a\u00f1os incorporaciones del calibre de <strong data-start=\"583\" data-end=\"612\">Jon Rahm o Tyrrell Hatton<\/strong>, las \u00faltimas operaciones realmente destacadas del circuito.<\/p>\n<p>Detry, el belga que ya gan\u00f3 en el PGA Tour<\/p>\n<p data-start=\"725\" data-end=\"1149\">Detry, de 32 a\u00f1os y <strong data-start=\"745\" data-end=\"772\">57\u00ba del ranking mundial<\/strong>, dio un paso hist\u00f3rico para su pa\u00eds hace menos de un a\u00f1o al convertirse en <strong data-start=\"848\" data-end=\"899\">el primer belga en ganar un torneo del PGA Tour<\/strong>, con una contundente victoria por <strong data-start=\"934\" data-end=\"972\">siete golpes en el WM Phoenix Open<\/strong>. En 2025 firm\u00f3 una temporada muy s\u00f3lida: <strong data-start=\"1014\" data-end=\"1051\">19 cortes superados en 24 torneos<\/strong> y <strong data-start=\"1054\" data-end=\"1077\">44\u00ba en la FedEx Cup<\/strong>, n\u00fameros que le convierten en un perfil apetecible para cualquier liga. Eso s\u00ed, no tiene el cartel de s\u00faper estrella. Al menos, no por el momento.<\/p>\n<p data-start=\"1151\" data-end=\"1439\">Seg\u00fan la informaci\u00f3n de The Times, el destino m\u00e1s probable del belga ser\u00eda <strong data-start=\"1226\" data-end=\"1235\">4Aces<\/strong>, el equipo capitaneado por <strong data-start=\"1263\" data-end=\"1281\">Dustin Johnson<\/strong>, lo que le reunir\u00eda con <strong data-start=\"1306\" data-end=\"1324\">Thomas Pieters<\/strong>, su compatriota y uno de los nombres europeos con m\u00e1s peso dentro de LIV desde los primeros compases del proyecto. El fichaje de Detry por los 4Aces llevar\u00eda a Harold Varner III al equipo de Talor Gooch, con lo que Detri, de manera indirecta cubrir\u00eda la baja de Koepka. El cambio de cromos es muy negativo para LIV.<\/p>\n<p>Smylie, juventud australiana para el \u201ccorral\u201d de Cameron Smith<\/p>\n<p data-start=\"1509\" data-end=\"1930\">El otro fichaje ser\u00eda <strong data-start=\"1531\" data-end=\"1547\">Elvis Smylie<\/strong>, australiano de 23 a\u00f1os, <strong data-start=\"1573\" data-end=\"1591\">127\u00ba del mundo<\/strong> y uno de los j\u00f3venes con m\u00e1s proyecci\u00f3n del pa\u00eds. Smylie fue <strong data-start=\"1653\" data-end=\"1680\">23\u00ba en la Race to Dubai<\/strong> la pasada temporada en el DP World Tour y tiene en su palmar\u00e9s reciente un t\u00edtulo de mucho impacto medi\u00e1tico en casa: gan\u00f3 el <strong data-start=\"1807\" data-end=\"1859\">Australian PGA Championship en noviembre de 2024<\/strong>, resistiendo el empuje de <strong data-start=\"1886\" data-end=\"1903\">Cameron Smith<\/strong>, campe\u00f3n del Open en 2022. Este a\u00f1o se qued\u00f3 a las puertas del PGA Tour mediante la Race to Dubai.<\/p>\n<p data-start=\"1932\" data-end=\"2273\">Precisamente por esa conexi\u00f3n nacional, The Times apunta a que lo l\u00f3gico ser\u00eda verle en <strong data-start=\"2020\" data-end=\"2033\">Ripper GC<\/strong>, el equipo \u201caussie\u201d de Smith. All\u00ed, adem\u00e1s, hay movimiento: <strong data-start=\"2094\" data-end=\"2108\">Matt Jones<\/strong> aparece inscrito en el <strong data-start=\"2132\" data-end=\"2155\">LIV Golf Promotions<\/strong> de esta semana en Florida, el torneo que reparte plazas para 2026, lo que abre la puerta a cambios en esa franquicia.<\/p>\n<p>Un mercado complicado: Koepka se va y LIV necesita completar huecos<\/p>\n<p data-start=\"2348\" data-end=\"2712\">A<strong data-start=\"2384\" data-end=\"2436\">\u00a0un mes para el arranque de la temporada<\/strong> (el primer torneo est\u00e1 programado del <strong data-start=\"2475\" data-end=\"2518\">4 al 7 de febrero en Riad, Arabia Saud\u00ed<\/strong>), el gran ruido de este invierno no ha sido una llegada, sino una salida: <strong data-start=\"2589\" data-end=\"2628\">Brooks Koepka decidi\u00f3 abandonar LIV<\/strong> pese a que todav\u00eda le quedaba un a\u00f1o de contrato, una noticia que agit\u00f3 el avispero.<\/p>\n<p data-start=\"2714\" data-end=\"3148\">En paralelo, LIV contin\u00faa rearm\u00e1ndose: ya incorpor\u00f3 este invierno a <strong data-start=\"2782\" data-end=\"2799\">Laurie Canter<\/strong> y <strong data-start=\"2802\" data-end=\"2818\">Victor Perez<\/strong> y, adem\u00e1s, ha ampliado el n\u00famero de participantes para 2026 hasta <strong data-start=\"2867\" data-end=\"2883\">57 jugadores<\/strong>, con el objetivo de cerrar las \u00faltimas plazas en las pr\u00f3ximas semanas. Todo ello, mientras mantiene su estrategia de cambios \u2014incluido el paso a <strong data-start=\"3041\" data-end=\"3063\">torneos a 72 hoyos<\/strong>\u2014 en su intento de reforzar su candidatura para acceder a puntos del ranking mundial. De los 57 jugadores, cinco competir\u00e1n \u00fanicamente a t\u00edtulos individual, los dos procedentes de las International Series y los tres que acceder\u00e1n por la Escuela.<\/p>\n","protected":false},"excerpt":{"rendered":"Thomas Detry. (\u00a9 Golffile | Thos Caffrey) LIV Golf, al fin, va a anunciar un par de fichajes&hellip;\n","protected":false},"author":2,"featured_media":327432,"comment_status":"","ping_status":"","sticky":false,"template":"","format":"standard","meta":{"footnotes":""},"categories":[275],"tags":[168,75678,25,24,329,968,336,339,340,1909,1910,23,167,75679],"class_list":{"0":"post-327431","1":"post","2":"type-post","3":"status-publish","4":"format-standard","5":"has-post-thumbnail","7":"category-golf","8":"tag-deportes","9":"tag-elvis-smylie","10":"tag-es","11":"tag-espana","12":"tag-golf","13":"tag-liv-golf","14":"tag-notificacion","15":"tag-portada-america","16":"tag-portada-global","17":"tag-portada-top","18":"tag-portada-top-america","19":"tag-spain","20":"tag-sports","21":"tag-thomas-detry"},"share_on_mastodon":{"url":"https:\/\/pubeurope.com\/@es\/115852907949498306","error":""},"_links":{"self":[{"href":"https:\/\/www.europesays.com\/es\/wp-json\/wp\/v2\/posts\/327431","targetHints":{"allow":["GET"]}}],"collection":[{"href":"https:\/\/www.europesays.com\/es\/wp-json\/wp\/v2\/posts"}],"about":[{"href":"https:\/\/www.europesays.com\/es\/wp-json\/wp\/v2\/types\/post"}],"author":[{"embeddable":true,"href":"https:\/\/www.europesays.com\/es\/wp-json\/wp\/v2\/users\/2"}],"replies":[{"embeddable":true,"href":"https:\/\/www.europesays.com\/es\/wp-json\/wp\/v2\/comments?post=327431"}],"version-history":[{"count":0,"href":"https:\/\/www.europesays.com\/es\/wp-json\/wp\/v2\/posts\/327431\/revisions"}],"wp:featuredmedia":[{"embeddable":true,"href":"https:\/\/www.europesays.com\/es\/wp-json\/wp\/v2\/media\/327432"}],"wp:attachment":[{"href":"https:\/\/www.europesays.com\/es\/wp-json\/wp\/v2\/media?parent=327431"}],"wp:term":[{"taxonomy":"category","embeddable":true,"href":"https:\/\/www.europesays.com\/es\/wp-json\/wp\/v2\/categories?post=327431"},{"taxonomy":"post_tag","embeddable":true,"href":"https:\/\/www.europesays.com\/es\/wp-json\/wp\/v2\/tags?post=327431"}],"curies":[{"name":"wp","href":"https:\/\/api.w.org\/{rel}","templated":true}]}}