{"id":327513,"date":"2026-01-07T09:31:15","date_gmt":"2026-01-07T09:31:15","guid":{"rendered":"https:\/\/www.europesays.com\/es\/327513\/"},"modified":"2026-01-07T09:31:15","modified_gmt":"2026-01-07T09:31:15","slug":"el-cheque-en-blanco-de-jose-pablo-lopez","status":"publish","type":"post","link":"https:\/\/www.europesays.com\/es\/327513\/","title":{"rendered":"el cheque en blanco de Jos\u00e9 Pablo L\u00f3pez"},"content":{"rendered":"<p><b>Jos\u00e9 Pablo L\u00f3pez <\/b>dispara con p\u00f3lvora del rey. O mejor dicho, de los s\u00fabditos de <a href=\"https:\/\/www.eleconomista.es\/informalia\/casas-reales\/noticias\/13715773\/01\/26\/la-mirada-de-admiracion-de-letizia-a-felipe-vi-el-momento-corrillo-de-los-reyes-y-leonor.html\" rel=\"nofollow noopener\" target=\"_blank\"><b>Felipe VI<\/b><\/a> que pagan impuestos. Por mucho que presuma de haber rebajado el descomunal coste que RTVE supone para el contribuyente, dispone de un presupuesto tan fabuloso como para hacerse con los <b>derechos de la Copa del Rey de f\u00fatbol <\/b>(desde esa <b>teocracia llamada Arabia Saud\u00ed<\/b>), el <b>Mundial de Trump<\/b> y para llenar el prime time de famosos, m\u00e1s o menos frikis, con grandes cach\u00e9s.<\/p>\n<p>No sabemos si Jos\u00e9 Pablo L\u00f3pez est\u00e1 <a href=\"https:\/\/www.eleconomista.es\/informalia\/television\/noticias\/12622117\/01\/24\/belen-esteban-provoca-una-bronca-en-rtve-entre-la-presidenta-y-su-numero-2-tenian-cerrado-contratarla.html\" rel=\"nofollow noopener\" target=\"_blank\"><b>obsesionado con Bel\u00e9n Esteban (ya tuvo una memorable bronca con su antigua presidenta para ficharla)<\/b><\/a> pero s\u00ed parece que lo est\u00e1 con alcanzar el liderazgo de audiencia al precio que sea, aunque no vaya por el camino del servicio p\u00fablico. Al presidente de RTVE parece darle igual gastar dinero p\u00fablico en famoseo. Ha comprendido que el coraz\u00f3n tal y como entend\u00edan en programas como La familia de la tele est\u00e1 acabado. Pero ha mudado los rostros de aquellos espacios al prime time y les ha puesto a cocinar, a hacer bollos, a recorrer aventuras por el mundo o a decorar, o bailar.<\/p>\n<p>Lo malo es que Bel\u00e9n Esteban o Mar Flores tienen por costumbre cobrar por hacer de gui\u00f1oles y entretener a la audiencia. Solo que el dinero que reciben en TVE (aunque sea a trav\u00e9s de productoras) al final viene del contribuyente. Jos\u00e9 Pablo L\u00f3pez, con sus matices, gestiona la parrilla de La 1 como si fuera un canal privado. Pero sin dar cuenta a un consejo de administraci\u00f3n. Ha demostrado que es eficaz en su trabajo. Quiz\u00e1s, en el futuro, alg\u00fan conglomerado necesitado de \u00e9xitos lo fiche para llevar a cabo una catarsis. El problema es que para ver a Rociito en un reality o a Bel\u00e9n Esteban o a Isa Pantoja diciendo banalidades no necesitamos un canal p\u00fablico. Esos est\u00e1n ya en Antena 3, Telecinco y otros canales.<\/p>\n<p>                            <img decoding=\"async\" src=\"https:\/\/s04.s3c.es\/imag\/_v0\/3182x1736\/8\/b\/d\/770x_jose-pablo2.jpg\" loading=\"lazy\"\/><\/p>\n<p>TVE pone sobre la mesa, con coste para todos, <b>ofertas que pueden darnos televisiones privadas sin coste para el contribuyente<\/b>. A Jos\u00e9 Pablo L\u00f3pez no le parece mal pagar a <b>Carlota Corredera <\/b>como catedr\u00e1tica de todolog\u00eda de sus tertulias (da igual de lo que opine), o a concursantes como <b>Bel\u00e9n Esteban<\/b>, la hija de <b>Isabel Pantoja <\/b>o a <b>Mar Flores <\/b>y su primog\u00e9nito estafador, convertido en estrella rosa tras emparejarse con<b> Alejandra Rubio <\/b>y convertirse en padre del nieto de <b>Terelu Campos<\/b>.<b> <\/b>Puro servicio p\u00fablico.<\/p>\n<p>El presidente de RTVE mantiene este zoo y, como aliados, a los productores del antiguo S\u00e1lvame, a pesar de haber sido <a href=\"https:\/\/www.eleconomista.es\/informalia\/television\/noticias\/13671530\/12\/25\/la-productora-de-oscar-cornejo-y-adrian-madrid-si-coproduce-malas-lenguas-pero-rtve-sostiene-lo-contrario-el-oscuro-misterio-de-un-programa-que-busca-transparencia.html\" rel=\"nofollow noopener\" target=\"_blank\"><b>condenados a dos a\u00f1os de c\u00e1rcel e inhabilitaci\u00f3n profesional por haber difundido datos \u00edntimos de Roc\u00edo Flores<\/b><\/a> (hija de Roc\u00edo Carrasco y Antonio David Flores) cuando era menor de edad. Adri\u00e1n Madrid y \u00d3scar Cornejo recurrieron la sentencia de la Audiencia Provincial y RTVE asume, de momento, el perjuicio reputacional que suponen, a cambio de sostener Malas lenguas, de Jes\u00fas Cintora, y Directo al grano, de Marta Flich, ambos con buenas audiencias.<\/p>\n<p>Jos\u00e9 Pablo L\u00f3pez encarg\u00f3 un informe jur\u00eddico para decidir qu\u00e9 hac\u00eda tras la sonora condena de dos a\u00f1os de c\u00e1rcel e inhabilitaci\u00f3n contra los productores de &#8216;Malas lenguas&#8217; y &#8216;Directo al grano&#8217;<\/p>\n<p><b>Encarg\u00f3 un dictamen jur\u00eddico interno pero de momento no se ha hecho p\u00fablico<\/b>. TVE se juega adem\u00e1s su crecimiento con la renovaci\u00f3n \u2014no confirmada, pero probable\u2014 de Broncano, el f\u00fatbol y varios talent shows repletos de famosos. La corporaci\u00f3n apuesta por la Copa del Rey (no hay boicot a las teocracias del Golfo P\u00e9rsico) y, adem\u00e1s, en verano tendr\u00e1 como gran baza la retransmisi\u00f3n del Mundial de F\u00fatbol de 2026.<\/p>\n<p>En su pugna por arrebatar el liderazgo a Antena 3, la Corporaci\u00f3n p\u00fablica no ha escatimado en gastos \u2014al fin y al cabo, es dinero p\u00fablico\u2014 y entre los estrenos inmediatos de la cadena figura la serie espa\u00f1ola <b>Barrio Esperanza<\/b>, una comedia protagonizada por Mariona Ter\u00e9s y ambientada en una escuela p\u00fablica, con el sistema educativo y la reinserci\u00f3n social como temas de fondo.<\/p>\n<p>Jos\u00e9 Pablo L\u00f3pez, a quien podemos atribuir un rosario de \u00e9xitos y un crecimiento de audiencia notable, <b>presume de haber contenido el descomunal coste que RTVE supone para el contribuyente<\/b>, pero la realidad es que maneja un presupuesto lo suficientemente holgado como para hacerse con los <b>derechos de la Copa del Rey de f\u00fatbol <\/b>\u2014con partidos disputados en Arabia Saud\u00ed\u2014, asegurar retransmisiones de grandes eventos deportivos como el Mundial de Trump (compartido) y, al mismo tiempo, llenar el prime time de celebridades con cach\u00e9s elevados. RTVE cuesta alrededor de cien millones de euros al mes.<\/p>\n<p>La obsesi\u00f3n del presidente de la corporaci\u00f3n es clara: <b>alcanzar el liderazgo de audiencia a cualquier precio<\/b>. Y ese precio, seg\u00fan critican sus detractores, pasa por destinar dinero p\u00fablico a fichar a rostros habituales de la prensa del coraz\u00f3n u ofrecer productos que ya dan las privadas: como <b>Bel\u00e9n Esteban<\/b>, <b>Isa Pantoja <\/b>o <b>Mar Flores<\/b>, esta \u00faltima acompa\u00f1ada de su hijo, convertido en personaje recurrente del universo medi\u00e1tico tras su relaci\u00f3n con <b>Alejandra Rubio <\/b>y su paternidad, que lo vincula directamente con la familia Campos.<\/p>\n<p>RTVE asume el desgaste reputacional de mantener (mientras la sentencia no sea firme) como productores a dos profesionales condenados a dos a\u00f1os de c\u00e1rcel e inhabilitaci\u00f3n por violentar la intimidad de una menor<\/p>\n<p>En esta estrategia, L\u00f3pez mantiene como socios a los productores del extinto S\u00e1lvame, pese a la citada condena a<b> dos a\u00f1os de c\u00e1rcel e inhabilitaci\u00f3n profesional que recibieron por difundir datos \u00edntimos de Roc\u00edo Flores<\/b> \u2014hija de <b>Roc\u00edo Carrasco<\/b> y Antonio David Flores\u2014 cuando a\u00fan era menor de edad. Adri\u00e1n Madrid y \u00d3scar Cornejo recurrieron la sentencia, y <b>RTVE asume, al menos por ahora, el desgaste reputacional<\/b> que ello implica a cambio de conservar en parrilla espacios como <b>Malas lenguas<\/b>,<b> <\/b>presentado por <b>Jes\u00fas Cintora<\/b>, y<b> Directo al grano<\/b>, con Marta Flich, ambos respaldados por resultados de audiencia s\u00f3lidos.<\/p>\n<p>La apuesta de la televisi\u00f3n p\u00fablica no se limita al entretenimiento del coraz\u00f3n. TVE se juega buena parte de su crecimiento futuro con la renovaci\u00f3n \u2014todav\u00eda no confirmada, aunque ampliamente asumida\u2014 de <b>David Broncano<\/b>,<b> <\/b>la continuidad del f\u00fatbol y una bater\u00eda de talent shows protagonizados por famosos. La Corporaci\u00f3n ha decidido invertir sin complejos en la Copa del Rey, sin cuestionar la celebraci\u00f3n de partidos en las teocracias del Golfo P\u00e9rsico, y suma a su hoja de ruta la retransmisi\u00f3n del Mundial de F\u00fatbol de 2026, que ser\u00e1 una de sus grandes bazas estivales.<\/p>\n<p>En la pugna por arrebatar el liderazgo a Antena 3, RTVE no ha escatimado en gastos \u2014al fin y al cabo, se trata de dinero p\u00fablico\u2014 y ya prepara nuevos estrenos de ficci\u00f3n. Entre ellos destaca Barrio Esperanza, una serie espa\u00f1ola protagonizada por Mariona Ter\u00e9s y ambientada en una escuela p\u00fablica, que aborda como tel\u00f3n de fondo el sistema educativo y la reinserci\u00f3n social. Una propuesta que contrasta, por tem\u00e1tica y tono, con el despliegue de celebridades y grandes eventos que hoy concentran buena parte del presupuesto y de la estrategia de La 1.<\/p>\n<p>WhatsApp<a href=\"https:\/\/api.whatsapp.com\/send?text=https:\/\/www.eleconomista.es\/informalia\/television\/noticias\/13716327\/01\/26\/belen-esteban-mar-flores-o-isa-pantoja-y-el-futbol-desde-arabia-saudi-exprimen-el-presupuesto-de-rtve-el-cheque-en-blanco-de-jose-pablo-lopez.html?utm_source%3Dwhatsapp%26utm_medium%3Dshare_button&amp;id=1648118629957_whatsapp\" target=\"_blank\" data-action=\"share\/whatsapp\/share\" aria-label=\"Compartir en Whatsapp\" rel=\"nofollow noopener\"><\/a>Facebook<a id=\"fb-share\" href=\"#\" target=\"_blank\" rel=\"noopener noreferrer\" aria-label=\"Compartir en Facebook\"><\/a>Twitter<a href=\"https:\/\/twitter.com\/share?text=Bel%C3%A9n+Esteban%2C+Mar+Flores+o+Isa+Pantoja+y+el+f%C3%BAtbol+desde+Arabia+Saud%C3%AD+exprimen+el+presupuesto+de+RTVE%3A+el+cheque+en+blanco+de+Jos%C3%A9+Pablo+L%C3%B3pez&amp;url=https:\/\/www.eleconomista.es\/informalia\/television\/noticias\/13716327\/01\/26\/belen-esteban-mar-flores-o-isa-pantoja-y-el-futbol-desde-arabia-saudi-exprimen-el-presupuesto-de-rtve-el-cheque-en-blanco-de-jose-pablo-lopez.html&amp;via=Informalia&amp;id=1648118839245_twitter\" target=\"_blank\" aria-label=\"Compartir en Twitter\" rel=\"nofollow noopener\"><\/a>Linkedin<a onclick=\"return abrirLinkedin();\" href=\"https:\/\/www.linkedin.com\/shareArticle?text=Bel%C3%A9n+Esteban%2C+Mar+Flores+o+Isa+Pantoja+y+el+f%C3%BAtbol+desde+Arabia+Saud%C3%AD+exprimen+el+presupuesto+de+RTVE%3A+el+cheque+en+blanco+de+Jos%C3%A9+Pablo+L%C3%B3pez&amp;url=https:\/\/www.eleconomista.es\/informalia\/television\/noticias\/13716327\/01\/26\/belen-esteban-mar-flores-o-isa-pantoja-y-el-futbol-desde-arabia-saudi-exprimen-el-presupuesto-de-rtve-el-cheque-en-blanco-de-jose-pablo-lopez.html&amp;mini=true\" target=\"_blank\" aria-label=\"Compartir en linkedin\" rel=\"nofollow noopener\"><\/a>Beloud<a href=\"https:\/\/beloud.com\/share?text=Bel%C3%A9n+Esteban%2C+Mar+Flores+o+Isa+Pantoja+y+el+f%C3%BAtbol+desde+Arabia+Saud%C3%AD+exprimen+el+presupuesto+de+RTVE%3A+el+cheque+en+blanco+de+Jos%C3%A9+Pablo+L%C3%B3pez&amp;url=https:\/\/www.eleconomista.es\/informalia\/television\/noticias\/13716327\/01\/26\/belen-esteban-mar-flores-o-isa-pantoja-y-el-futbol-desde-arabia-saudi-exprimen-el-presupuesto-de-rtve-el-cheque-en-blanco-de-jose-pablo-lopez.html&amp;via=Informalia&amp;id=1648118839245_beloud\" target=\"_blank\" aria-label=\"Compartir en beloud\" rel=\"nofollow noopener\"><\/a>Bluesky<a href=\"https:\/\/bsky.app\/intent\/compose?text=https:\/\/bsky.app\/intent\/compose?text=https:\/\/www.eleconomista.es\/informalia\/television\/noticias\/13716327\/01\/26\/belen-esteban-mar-flores-o-isa-pantoja-y-el-futbol-desde-arabia-saudi-exprimen-el-presupuesto-de-rtve-el-cheque-en-blanco-de-jose-pablo-lopez.html&amp;url=https:\/\/www.eleconomista.es\/informalia\/television\/noticias\/13716327\/01\/26\/belen-esteban-mar-flores-o-isa-pantoja-y-el-futbol-desde-arabia-saudi-exprimen-el-presupuesto-de-rtve-el-cheque-en-blanco-de-jose-pablo-lopez.html&amp;via=elEconomistaes&amp;id=1648118839245_bluesky\" target=\"_blank\" aria-label=\"Compartir en bluesky\" rel=\"nofollow noopener\"><\/a><\/p>\n<p><script async src=\"https:\/\/platform.twitter.com\/widgets.js\" charset=\"utf-8\"><\/script><\/p>\n","protected":false},"excerpt":{"rendered":"Jos\u00e9 Pablo L\u00f3pez dispara con p\u00f3lvora del rey. O mejor dicho, de los s\u00fabditos de Felipe VI que&hellip;\n","protected":false},"author":2,"featured_media":327514,"comment_status":"","ping_status":"","sticky":false,"template":"","format":"standard","meta":{"footnotes":""},"categories":[171],"tags":[146,147,25,24,23,807,214],"class_list":{"0":"post-327513","1":"post","2":"type-post","3":"status-publish","4":"format-standard","5":"has-post-thumbnail","7":"category-tv","8":"tag-entertainment","9":"tag-entretenimiento","10":"tag-es","11":"tag-espana","12":"tag-spain","13":"tag-television","14":"tag-tv"},"share_on_mastodon":{"url":"https:\/\/pubeurope.com\/@es\/115853124084780822","error":""},"_links":{"self":[{"href":"https:\/\/www.europesays.com\/es\/wp-json\/wp\/v2\/posts\/327513","targetHints":{"allow":["GET"]}}],"collection":[{"href":"https:\/\/www.europesays.com\/es\/wp-json\/wp\/v2\/posts"}],"about":[{"href":"https:\/\/www.europesays.com\/es\/wp-json\/wp\/v2\/types\/post"}],"author":[{"embeddable":true,"href":"https:\/\/www.europesays.com\/es\/wp-json\/wp\/v2\/users\/2"}],"replies":[{"embeddable":true,"href":"https:\/\/www.europesays.com\/es\/wp-json\/wp\/v2\/comments?post=327513"}],"version-history":[{"count":0,"href":"https:\/\/www.europesays.com\/es\/wp-json\/wp\/v2\/posts\/327513\/revisions"}],"wp:featuredmedia":[{"embeddable":true,"href":"https:\/\/www.europesays.com\/es\/wp-json\/wp\/v2\/media\/327514"}],"wp:attachment":[{"href":"https:\/\/www.europesays.com\/es\/wp-json\/wp\/v2\/media?parent=327513"}],"wp:term":[{"taxonomy":"category","embeddable":true,"href":"https:\/\/www.europesays.com\/es\/wp-json\/wp\/v2\/categories?post=327513"},{"taxonomy":"post_tag","embeddable":true,"href":"https:\/\/www.europesays.com\/es\/wp-json\/wp\/v2\/tags?post=327513"}],"curies":[{"name":"wp","href":"https:\/\/api.w.org\/{rel}","templated":true}]}}