{"id":327516,"date":"2026-01-07T09:34:09","date_gmt":"2026-01-07T09:34:09","guid":{"rendered":"https:\/\/www.europesays.com\/es\/327516\/"},"modified":"2026-01-07T09:34:09","modified_gmt":"2026-01-07T09:34:09","slug":"el-incomodo-examen-general-de-la-supercopa-de-espana-futbol-deportes","status":"publish","type":"post","link":"https:\/\/www.europesays.com\/es\/327516\/","title":{"rendered":"El inc\u00f3modo examen general de la Supercopa\u00a0de Espa\u00f1a | F\u00fatbol | Deportes"},"content":{"rendered":"<p class=\"\">Desde 2020, aislada y situada en el calendario en los primeros d\u00edas del a\u00f1o por estrategia comercial durante el mandato de Luis Rubiales, la Supercopa de Espa\u00f1a que arranca esta noche con la semifinal <a href=\"https:\/\/elpais.com\/deportes\/futbol\/2025-12-12\/marcus-rashford-el-futbolista-del-barcelona-que-lucha-contra-la-pobreza-infantil-que-el-mismo-vivio.html\" target=\"_self\" rel=\"nofollow noopener\" title=\"https:\/\/elpais.com\/deportes\/futbol\/2025-12-12\/marcus-rashford-el-futbolista-del-barcelona-que-lucha-contra-la-pobreza-infantil-que-el-mismo-vivio.html\">entre el Barcelona<\/a> y el Athletic (20.00, Movistar) se muda por sexta vez a la controvertida sede de Arabia Saud\u00ed. Para estos primeros d\u00edas de enero, la temporada est\u00e1 ya en un punto en el que los defectos, las virtudes, las dudas y las certezas colectivas e individuales, con las de los entrenadores a la cabeza de los focos, se agrandan o se achican. Todos se juegan algo en este inc\u00f3modo examen de paso del ecuador del curso. La Supercopa es la cuarta competici\u00f3n por jerarqu\u00eda, pero tambi\u00e9n es la primera en resolverse y en influir en los estados de \u00e1nimo de los equipos. El formato, tambi\u00e9n ideado bajo el mandato de Rubiales, ha elevado el inter\u00e9s y el nivel del torneo. El cartel es de primera, completado como el m\u00e1s cl\u00e1sico del f\u00fatbol espa\u00f1ol con la participaci\u00f3n del Real Madrid y del Atl\u00e9tico de Madrid, que se medir\u00e1n en la semifinal del jueves (mismo horario y televisi\u00f3n).<\/p>\n<p class=\"\">En un torneo que suele dejar secuelas an\u00edmicas seg\u00fan desempe\u00f1os, Bar\u00e7a y Madrid se presentan ganadores de la \u00faltima jornada de Liga y Atl\u00e9tico y Athletic cosecharon empates que les alejaron m\u00e1s de sus respectivos objetivos ligueros.<a href=\"https:\/\/elpais.com\/espana\/catalunya\/2025-12-29\/joan-laporta-imputado-por-una-presunta-estafa-de-91500-euros-a-una-inversora-en-2016.html\" target=\"_self\" rel=\"nofollow noopener\" title=\"https:\/\/elpais.com\/espana\/catalunya\/2025-12-29\/joan-laporta-imputado-por-una-presunta-estafa-de-91500-euros-a-una-inversora-en-2016.html\"> El conjunto de Hansi Flick <\/a>se presenta en medio del debate nacional por la ausencia de Joan Garc\u00eda en las listas de Luis de la Fuente tras su prodigiosa actuaci\u00f3n en el \u00faltimo derbi barcelon\u00e9s. El nivel mostrado por el guardameta azulgrana en Cornell\u00e0 ha provocado que la discusi\u00f3n salte directamente, no a su inclusi\u00f3n en la pr\u00f3xima convocatoria del seleccionador, sino a cuestionar la titularidad de Unai Sim\u00f3n, que no ha cumplido su mejor primera mitad de temporada. El primer episodio con los dos bajo palos ser\u00e1 uno de los grandes atractivos iniciales del torneo.<\/p>\n<p class=\"\">Por trayectoria reciente y por defender t\u00edtulo,<a href=\"https:\/\/elpais.com\/deportes\/futbol\/2025-12-19\/laporta-carga-contra-el-real-madrid-tienen-un-bodrio-de-television-en-el-que-vomitan-mentiras-e-intoxican.html\" target=\"_self\" rel=\"nofollow noopener\" title=\"https:\/\/elpais.com\/deportes\/futbol\/2025-12-19\/laporta-carga-contra-el-real-madrid-tienen-un-bodrio-de-television-en-el-que-vomitan-mentiras-e-intoxican.html\"> el Barcelona se presenta como favorito<\/a>. Flick ya solo tiene en la enfermer\u00eda a Gavi y a Christensen y del derbi, adem\u00e1s de lo tan gratificante como preocupante que pueda ser que el portero sostenga a un equipo, sali\u00f3 reforzado al mostrar el m\u00fasculo de su banquillo, del que salieron Ferm\u00edn, Olmo y Lewandowski para ganar el partido en los \u00faltimos 10 minutos. El Athletic, que no es el equipo machac\u00f3n y veloz que logr\u00f3 su participaci\u00f3n en el torneo por acabar cuarto en la Liga, medir\u00e1 la continuidad del crecimiento azulgrana en las \u00faltimas semanas. El grupo de Ernesto Valverde echa de menos el peso y la efectividad de Sancet en las inmediaciones del \u00e1rea rival, m\u00e1s desequilibrio de Nico Williams y m\u00e1s contundencia defensiva, m\u00e1s all\u00e1 del momento por el que atraviesa Unai Sim\u00f3n. Sus oportunidades de eliminar al Barcelona pasan por repetir una versi\u00f3n similar a la que mostr\u00f3 en la victoria en San Mam\u00e9s ante el Atl\u00e9tico de Madrid (1-0), su mejor partido en lo que va de campa\u00f1a.<\/p>\n<p class=\"\">Diego Pablo Simeone y sus futbolistas llegan tocados porque las tablas en Anoeta les alejaron a 11 puntos del liderato y no controlaron el partido como en muchos de los que no ganaron en el inicio de curso y que tanto le penalizan ahora en la tabla. Se le puede aplicar al equipo de Simeone aquello de que tiene menos puntos que juego, muy afectado tambi\u00e9n porque su estrella, Juli\u00e1n Alvarez, ve poca puerta. La semifinal es un derbi con todas las connotaciones que tendr\u00e1 para entrenador y jugadores a posteriori seg\u00fan compita. La baja para la semifinal de Pablo Barrios, cada vez m\u00e1s jer\u00e1rquico, por las molestias en el s\u00f3leo que le retiraron de Anoeta al descanso, y comprobar si Alex Baena recupera el nivel mostrado antes de su lesi\u00f3n en el Camp Nou son aristas fundamentales en la participaci\u00f3n del Atl\u00e9tico.<\/p>\n<p class=\"\">La gran ausencia es la de Kylian Mbapp\u00e9, que no ha viajado con el Real Madrid por un esguince de rodilla, aunque se mantiene la inc\u00f3gnita de su incorporaci\u00f3n al grupo en Arabia si el Madrid alcanza la final. Su baja ante el Betis fue paliada con sobresaliente por el instinto goleador de Gonzalo, para el que tambi\u00e9n juega a favor de su titularidad en la semifinal su esfuerzo en la presi\u00f3n sobre la salida del bal\u00f3n del rival, necesitado como est\u00e1 Xabi Alonso de que aumente el n\u00famero de efectivos que cumplen con ese requisito tan fundamental en el libreto que pretende instaurar. Nadie parece jugarse m\u00e1s que el t\u00e9cnico tolosarra en esta Supercopa, que vive desde el primer d\u00eda lo descarnada que puede ser la exigencia del banquillo que ocupa. Nada que no supiera, aunque no lo esperara de forma tan madrugadora. Los cinco goles encajados en el derbi liguero fueron el primer caldo de cultivo de su cuestionamiento. No estar en la final del domingo podr\u00eda tener consecuencias si una hipot\u00e9tica derrota fuera estrepitosa. Al menos, entre la lesi\u00f3n de Mbapp\u00e9 y el runr\u00fan eterno sobre Vinicius, Alonso pudo asistir ante el Betis a que la cantera madridista se reivindicara con los tantos adem\u00e1s de Asencio y Fran Garc\u00eda.<\/p>\n<p class=\"\">Esta sexta Supercopa en Arabia Saud\u00ed tambi\u00e9n examina a la organizaci\u00f3n local y a la propia Federaci\u00f3n Espa\u00f1ola de F\u00fatbol, que obtiene por el exilio de la competici\u00f3n unos 40 millones de euros que le sirven para regar la pir\u00e1mide del f\u00fatbol por abajo. En la \u00faltima edici\u00f3n, tambi\u00e9n celebrada en Yeda, varias aficionadas del Mallorca fueron acosadas a la salida del estadio King Abdullah por hinchas saud\u00edes. Aquella fue la primera crisis seria que tuvo que lidiar el reci\u00e9n elegido presidente Rafael Louz\u00e1n. La Federaci\u00f3n abri\u00f3 una investigaci\u00f3n sobre lo sucedido y las autoridades del pa\u00eds pidieron disculpas por los desagradables hechos. Que no se repitan evitar\u00e1 que los cuestionamientos, aparte de los morales y los judiciales que siguen su causa por las millonarias comisiones que percibi\u00f3 Gerard Piqu\u00e9 por ejercer de intermediario, sigan en el candelero y aumenten. <\/p>\n","protected":false},"excerpt":{"rendered":"Desde 2020, aislada y situada en el calendario en los primeros d\u00edas del a\u00f1o por estrategia comercial durante&hellip;\n","protected":false},"author":2,"featured_media":327517,"comment_status":"","ping_status":"","sticky":false,"template":"","format":"standard","meta":{"footnotes":""},"categories":[93],"tags":[4136,1540,168,1539,25,24,282,1538,23,167,72072],"class_list":{"0":"post-327516","1":"post","2":"type-post","3":"status-publish","4":"format-standard","5":"has-post-thumbnail","7":"category-deportes","8":"tag-arabia-saudi","9":"tag-competiciones","10":"tag-deportes","11":"tag-entrenadores","12":"tag-es","13":"tag-espana","14":"tag-futbol","15":"tag-futbolistas","16":"tag-spain","17":"tag-sports","18":"tag-supercopa-espana"},"share_on_mastodon":{"url":"https:\/\/pubeurope.com\/@es\/115853135946473136","error":""},"_links":{"self":[{"href":"https:\/\/www.europesays.com\/es\/wp-json\/wp\/v2\/posts\/327516","targetHints":{"allow":["GET"]}}],"collection":[{"href":"https:\/\/www.europesays.com\/es\/wp-json\/wp\/v2\/posts"}],"about":[{"href":"https:\/\/www.europesays.com\/es\/wp-json\/wp\/v2\/types\/post"}],"author":[{"embeddable":true,"href":"https:\/\/www.europesays.com\/es\/wp-json\/wp\/v2\/users\/2"}],"replies":[{"embeddable":true,"href":"https:\/\/www.europesays.com\/es\/wp-json\/wp\/v2\/comments?post=327516"}],"version-history":[{"count":0,"href":"https:\/\/www.europesays.com\/es\/wp-json\/wp\/v2\/posts\/327516\/revisions"}],"wp:featuredmedia":[{"embeddable":true,"href":"https:\/\/www.europesays.com\/es\/wp-json\/wp\/v2\/media\/327517"}],"wp:attachment":[{"href":"https:\/\/www.europesays.com\/es\/wp-json\/wp\/v2\/media?parent=327516"}],"wp:term":[{"taxonomy":"category","embeddable":true,"href":"https:\/\/www.europesays.com\/es\/wp-json\/wp\/v2\/categories?post=327516"},{"taxonomy":"post_tag","embeddable":true,"href":"https:\/\/www.europesays.com\/es\/wp-json\/wp\/v2\/tags?post=327516"}],"curies":[{"name":"wp","href":"https:\/\/api.w.org\/{rel}","templated":true}]}}