{"id":327527,"date":"2026-01-07T09:40:07","date_gmt":"2026-01-07T09:40:07","guid":{"rendered":"https:\/\/www.europesays.com\/es\/327527\/"},"modified":"2026-01-07T09:40:07","modified_gmt":"2026-01-07T09:40:07","slug":"el-ayuntamiento-desplaza-la-cabalgata-de-reyes-al-pabellon-polideportivo-para-garantizar-la-seguridad-y-bienestar-de-las-familias","status":"publish","type":"post","link":"https:\/\/www.europesays.com\/es\/327527\/","title":{"rendered":"El Ayuntamiento desplaza la Cabalgata de Reyes al Pabell\u00f3n Polideportivo para garantizar la seguridad y bienestar de las familias"},"content":{"rendered":"<p><strong>El Ayuntamiento desplaza la Cabalgata de Reyes al Pabell\u00f3n Polideportivo para garantizar la seguridad y bienestar de las familias<\/strong><\/p>\n<p>En <strong>San Vicente del Raspeig<\/strong> se han repartido miles de regalos y dulces entre los ni\u00f1os y j\u00f3venes que han asistido a la convocatoria de la Cabalgata de Reyes de 2026. Este a\u00f1o, con motivo de las lluvias, la celebraci\u00f3n se ha desplazado al nuevo Pabell\u00f3n Polideportivo para garantizar el bienestar y la seguridad de todas las familias.<br \/>Las puertas del recinto municipal se han abierto a las 17 horas para recibir a los ni\u00f1os y a sus acompa\u00f1antes y, a las 18 horas, los Reyes Magos han realizado la tradicional Adoraci\u00f3n al Ni\u00f1o Jes\u00fas. El acto ha finalizado con la entrega de regalos a aquellos menores que previamente han solicitado un encuentro con Sus Majestades, a trav\u00e9s de los canales habilitados desde la Concejal\u00eda de Fiestas.<br \/>Los Reyes Magos de Oriente y sus Pajes Reales han estado acompa\u00f1ados por representantes del mundo de la fiesta y de la cultura en un acto amenizado por las actuaciones de compa\u00f1\u00edas de danza del municipio.<br \/>El Ayuntamiento de San Vicente del Raspeig y la Comisi\u00f3n Municipal de Fiestas han mantenido un seguimiento de la evoluci\u00f3n meteorol\u00f3gica durante toda la jornada para garantizar que, en todo momento, la convocatoria festiva se celebrase en las mejores condiciones. Se ha desplegado un amplio dispositivo de seguridad, a trav\u00e9s de la Polic\u00eda Local y Protecci\u00f3n Civil, que han contado con el apoyo de una ambulancia. Tambi\u00e9n desde el \u00e1rea Servicios Urbanos se ha puesto en marcha un servicio especial de limpieza.<\/p>\n<p>\u00a0<\/p>\n","protected":false},"excerpt":{"rendered":"El Ayuntamiento desplaza la Cabalgata de Reyes al Pabell\u00f3n Polideportivo para garantizar la seguridad y bienestar de las&hellip;\n","protected":false},"author":2,"featured_media":327528,"comment_status":"","ping_status":"","sticky":false,"template":"","format":"standard","meta":{"footnotes":""},"categories":[8],"tags":[51327,17,18,25,24,13,14,43,11,19,20,9,10,15,16,66523,47770,23,12,21,22],"class_list":{"0":"post-327527","1":"post","2":"type-post","3":"status-publish","4":"format-standard","5":"has-post-thumbnail","7":"category-espana","8":"tag-ayuntamiento-de-san-vicente","9":"tag-breaking-news","10":"tag-breakingnews","11":"tag-es","12":"tag-espana","13":"tag-featured-news","14":"tag-featurednews","15":"tag-fiestas","16":"tag-headlines","17":"tag-latest-news","18":"tag-latestnews","19":"tag-news","20":"tag-noticias","21":"tag-noticias-destacadas","22":"tag-noticiasdestacadas","23":"tag-reyes-magos","24":"tag-san-vicente","25":"tag-spain","26":"tag-titulares","27":"tag-ultimas-noticias","28":"tag-ultimasnoticias"},"share_on_mastodon":{"url":"","error":""},"_links":{"self":[{"href":"https:\/\/www.europesays.com\/es\/wp-json\/wp\/v2\/posts\/327527","targetHints":{"allow":["GET"]}}],"collection":[{"href":"https:\/\/www.europesays.com\/es\/wp-json\/wp\/v2\/posts"}],"about":[{"href":"https:\/\/www.europesays.com\/es\/wp-json\/wp\/v2\/types\/post"}],"author":[{"embeddable":true,"href":"https:\/\/www.europesays.com\/es\/wp-json\/wp\/v2\/users\/2"}],"replies":[{"embeddable":true,"href":"https:\/\/www.europesays.com\/es\/wp-json\/wp\/v2\/comments?post=327527"}],"version-history":[{"count":0,"href":"https:\/\/www.europesays.com\/es\/wp-json\/wp\/v2\/posts\/327527\/revisions"}],"wp:featuredmedia":[{"embeddable":true,"href":"https:\/\/www.europesays.com\/es\/wp-json\/wp\/v2\/media\/327528"}],"wp:attachment":[{"href":"https:\/\/www.europesays.com\/es\/wp-json\/wp\/v2\/media?parent=327527"}],"wp:term":[{"taxonomy":"category","embeddable":true,"href":"https:\/\/www.europesays.com\/es\/wp-json\/wp\/v2\/categories?post=327527"},{"taxonomy":"post_tag","embeddable":true,"href":"https:\/\/www.europesays.com\/es\/wp-json\/wp\/v2\/tags?post=327527"}],"curies":[{"name":"wp","href":"https:\/\/api.w.org\/{rel}","templated":true}]}}