{"id":327529,"date":"2026-01-07T09:41:07","date_gmt":"2026-01-07T09:41:07","guid":{"rendered":"https:\/\/www.europesays.com\/es\/327529\/"},"modified":"2026-01-07T09:41:07","modified_gmt":"2026-01-07T09:41:07","slug":"premio-europeo-carlomagno-de-la-juventud-2026-apoyo-a-iniciativas-juveniles-temas","status":"publish","type":"post","link":"https:\/\/www.europesays.com\/es\/327529\/","title":{"rendered":"Premio Europeo Carlomagno de la Juventud 2026: apoyo a iniciativas juveniles | Temas"},"content":{"rendered":"<p class=\"ep-wysiwig_paragraph\">El Premio Europeo Carlomagno de la Juventud tiene como objetivo reconocer proyectos realizados por j\u00f3venes que fomenten la democracia, promuevan la ciudadan\u00eda activa y unan a las comunidades.<\/p>\n<p data-start=\"0\" data-end=\"171\">Celebra el valioso trabajo que las personas j\u00f3venes realizan cada d\u00eda para construir una identidad europea compartida y generar un impacto duradero en el futuro de Europa.<\/p>\n<p>C\u00f3mo presentar una candidatura<\/p>\n<p data-start=\"173\" data-end=\"543\" data-is-last-node=\"\" data-is-only-node=\"\"><br data-start=\"207\" data-end=\"210\"\/>Pueden presentarse candidaturas de personas de entre 16 y 30 a\u00f1os, residentes en la UE, que desarrollen un proyecto con impacto en su comunidad o m\u00e1s all\u00e1. El plazo finaliza el <strong data-start=\"387\" data-end=\"421\">2 de febrero a las 23:59 (CET)<\/strong>.<br data-start=\"422\" data-end=\"425\"\/>Los proyectos pueden presentarse a t\u00edtulo individual o en representaci\u00f3n de una organizaci\u00f3n o de un grupo de j\u00f3venes.<\/p>\n<p>El proceso de selecci\u00f3n<\/p>\n<p data-start=\"0\" data-end=\"351\"><br data-start=\"27\" data-end=\"30\"\/>Todos los proyectos presentados ser\u00e1n evaluados inicialmente por jurados nacionales, que seleccionar\u00e1n una candidatura por pa\u00eds. Las personas representantes de los proyectos ganadores nacionales ser\u00e1n invitadas a Aquisgr\u00e1n (Alemania) el <strong data-start=\"267\" data-end=\"281\">12 de mayo<\/strong>, donde se anunciar\u00e1n los <strong data-start=\"307\" data-end=\"350\">tres mejores proyectos a nivel de la UE<\/strong>.<\/p>\n<p data-start=\"353\" data-end=\"679\">Los proyectos que obtengan el <strong data-start=\"383\" data-end=\"418\">primer, segundo y tercer premio<\/strong> ser\u00e1n seleccionados entre los 27 ganadores nacionales por un jurado europeo. Estos proyectos laureados tendr\u00e1n la oportunidad de visitar el <strong data-start=\"559\" data-end=\"581\">Parlamento Europeo<\/strong> en Bruselas o Estrasburgo, y una persona representante de cada uno recibir\u00e1 una <strong data-start=\"662\" data-end=\"678\">beca Schuman<\/strong>.<\/p>\n<p>El Premio Europeo Carlomagno de la Juventud<\/p>\n<p data-start=\"681\" data-end=\"959\"><br data-start=\"728\" data-end=\"731\"\/>El Parlamento Europeo y la Fundaci\u00f3n Internacional del Premio Carlomagno de Aquisgr\u00e1n conceden anualmente el Premio Europeo Carlomagno de la Juventud para apoyar proyectos juveniles inspiradores con una fuerte dimensi\u00f3n europea.<\/p>\n<p data-start=\"961\" data-end=\"1067\">El <strong data-start=\"964\" data-end=\"981\">primer premio<\/strong> est\u00e1 dotado con <strong data-start=\"998\" data-end=\"1009\">7.500 \u20ac<\/strong>, el <strong data-start=\"1014\" data-end=\"1037\">segundo con 5.000 \u20ac<\/strong> y el <strong data-start=\"1043\" data-end=\"1066\">tercero con 2.500 \u20ac<\/strong>.<\/p>\n<p data-start=\"1069\" data-end=\"1142\" data-is-last-node=\"\" data-is-only-node=\"\">Desde 2008, un total de <strong data-start=\"1093\" data-end=\"1112\">7.150 proyectos<\/strong> han participado en el premio.<\/p>\n<p>El premio en redes sociales<\/p>\n<p class=\"ep-wysiwig_paragraph\">Descubre m\u00e1s sobre los proyectos y \u00fanete a la conversaci\u00f3n usando el hashtag <strong>#ECYP2026<\/strong>.<\/p>\n","protected":false},"excerpt":{"rendered":"El Premio Europeo Carlomagno de la Juventud tiene como objetivo reconocer proyectos realizados por j\u00f3venes que fomenten la&hellip;\n","protected":false},"author":2,"featured_media":327530,"comment_status":"","ping_status":"","sticky":false,"template":"","format":"standard","meta":{"footnotes":""},"categories":[5],"tags":[17,18,25,24,13,14,11,19,20,9,10,15,16,43340,23,12,21,22],"class_list":{"0":"post-327529","1":"post","2":"type-post","3":"status-publish","4":"format-standard","5":"has-post-thumbnail","7":"category-titulares","8":"tag-breaking-news","9":"tag-breakingnews","10":"tag-es","11":"tag-espana","12":"tag-featured-news","13":"tag-featurednews","14":"tag-headlines","15":"tag-latest-news","16":"tag-latestnews","17":"tag-news","18":"tag-noticias","19":"tag-noticias-destacadas","20":"tag-noticiasdestacadas","21":"tag-producttypestory","22":"tag-spain","23":"tag-titulares","24":"tag-ultimas-noticias","25":"tag-ultimasnoticias"},"share_on_mastodon":{"url":"https:\/\/pubeurope.com\/@es\/115853163388712463","error":""},"_links":{"self":[{"href":"https:\/\/www.europesays.com\/es\/wp-json\/wp\/v2\/posts\/327529","targetHints":{"allow":["GET"]}}],"collection":[{"href":"https:\/\/www.europesays.com\/es\/wp-json\/wp\/v2\/posts"}],"about":[{"href":"https:\/\/www.europesays.com\/es\/wp-json\/wp\/v2\/types\/post"}],"author":[{"embeddable":true,"href":"https:\/\/www.europesays.com\/es\/wp-json\/wp\/v2\/users\/2"}],"replies":[{"embeddable":true,"href":"https:\/\/www.europesays.com\/es\/wp-json\/wp\/v2\/comments?post=327529"}],"version-history":[{"count":0,"href":"https:\/\/www.europesays.com\/es\/wp-json\/wp\/v2\/posts\/327529\/revisions"}],"wp:featuredmedia":[{"embeddable":true,"href":"https:\/\/www.europesays.com\/es\/wp-json\/wp\/v2\/media\/327530"}],"wp:attachment":[{"href":"https:\/\/www.europesays.com\/es\/wp-json\/wp\/v2\/media?parent=327529"}],"wp:term":[{"taxonomy":"category","embeddable":true,"href":"https:\/\/www.europesays.com\/es\/wp-json\/wp\/v2\/categories?post=327529"},{"taxonomy":"post_tag","embeddable":true,"href":"https:\/\/www.europesays.com\/es\/wp-json\/wp\/v2\/tags?post=327529"}],"curies":[{"name":"wp","href":"https:\/\/api.w.org\/{rel}","templated":true}]}}