{"id":327531,"date":"2026-01-07T09:46:07","date_gmt":"2026-01-07T09:46:07","guid":{"rendered":"https:\/\/www.europesays.com\/es\/327531\/"},"modified":"2026-01-07T09:46:07","modified_gmt":"2026-01-07T09:46:07","slug":"el-tenis-de-menorca-y-sus-instalaciones-beneficiados-por-las-ayudas","status":"publish","type":"post","link":"https:\/\/www.europesays.com\/es\/327531\/","title":{"rendered":"El tenis de Menorca y sus instalaciones, beneficiados por las ayudas"},"content":{"rendered":"<p>El Consell ha aprobado la <strong>concesi\u00f3n de varias ayudas para la mejora de instalaciones privadas gestionadas por entidades deportivas sin \u00e1nimo de lucro<\/strong> en la Isla. La inversi\u00f3n asciende a un total de 242.000 euros.<\/p>\n<p><strong>Esta ayuda se divide en dos l\u00edneas.<\/strong> La primera est\u00e1 reservada para la mejora de instalaciones deportivas, espacios de pr\u00e1ctica deportiva y zonas complementarias que ha asumido la entidad. De estos 154.000 concedidos, el <a href=\"https:\/\/www.menorca.info\/etiqueta\/tenis.html?utm_source=Inline-tag&amp;utm_medium=internal\" rel=\"nofollow noopener\" target=\"_blank\">tenis<\/a> concentra casi el 80 por ciento de la convocatoria. En concreto, tanto el Club Tennis Alaior como el Club Tennis Ciutadella y el Club Tennis Ma\u00f3 se llevan 40.000 euros cada uno.<\/p>\n<p>Por su parte, el CB Boscos obtiene 22.000 euros para reformar la pista de Cal\u00f3s, mientras que el Flic-Flac Gimn\u00e0stic Club se beneficiar\u00e1 de una aportaci\u00f3n de casi 9.000 euros. Otros cerca de 2.000 euros ir\u00e1n a parar a la Reial Societat H\u00edpica Ciutadella y poco m\u00e1s de 1.000 euros para el F\u00edsics Ciutadella.<\/p>\n<p>Mantenimiento<\/p>\n<p>De los casi 90.000 euros reservados para la segunda l\u00ednea de la convocatoria, centrada en el mantenimiento de dichas instalaciones, <strong>el tenis vuelve a copar casi el 70 por ciento.<\/strong> Los tres clubes mencionados anteriormente recibir\u00e1n 20.000 euros cada uno.<\/p>\n<p>De esta forma, se confirma una asignaci\u00f3n proporcional respecto al reparto de la primera l\u00ednea. Por tanto, la Reial Societat H\u00edpica Ciutadella tambi\u00e9n podr\u00e1 emplear unos 16.500 euros en tareas de mantenimiento.<\/p>\n","protected":false},"excerpt":{"rendered":"El Consell ha aprobado la concesi\u00f3n de varias ayudas para la mejora de instalaciones privadas gestionadas por entidades&hellip;\n","protected":false},"author":2,"featured_media":327532,"comment_status":"","ping_status":"","sticky":false,"template":"","format":"standard","meta":{"footnotes":""},"categories":[274],"tags":[29250,168,25,24,744,23,167,327,326],"class_list":{"0":"post-327531","1":"post","2":"type-post","3":"status-publish","4":"format-standard","5":"has-post-thumbnail","7":"category-tenis","8":"tag-ayudas-publicas","9":"tag-deportes","10":"tag-es","11":"tag-espana","12":"tag-polideportivo","13":"tag-spain","14":"tag-sports","15":"tag-tenis","16":"tag-tennis"},"share_on_mastodon":{"url":"https:\/\/pubeurope.com\/@es\/115853183110669595","error":""},"_links":{"self":[{"href":"https:\/\/www.europesays.com\/es\/wp-json\/wp\/v2\/posts\/327531","targetHints":{"allow":["GET"]}}],"collection":[{"href":"https:\/\/www.europesays.com\/es\/wp-json\/wp\/v2\/posts"}],"about":[{"href":"https:\/\/www.europesays.com\/es\/wp-json\/wp\/v2\/types\/post"}],"author":[{"embeddable":true,"href":"https:\/\/www.europesays.com\/es\/wp-json\/wp\/v2\/users\/2"}],"replies":[{"embeddable":true,"href":"https:\/\/www.europesays.com\/es\/wp-json\/wp\/v2\/comments?post=327531"}],"version-history":[{"count":0,"href":"https:\/\/www.europesays.com\/es\/wp-json\/wp\/v2\/posts\/327531\/revisions"}],"wp:featuredmedia":[{"embeddable":true,"href":"https:\/\/www.europesays.com\/es\/wp-json\/wp\/v2\/media\/327532"}],"wp:attachment":[{"href":"https:\/\/www.europesays.com\/es\/wp-json\/wp\/v2\/media?parent=327531"}],"wp:term":[{"taxonomy":"category","embeddable":true,"href":"https:\/\/www.europesays.com\/es\/wp-json\/wp\/v2\/categories?post=327531"},{"taxonomy":"post_tag","embeddable":true,"href":"https:\/\/www.europesays.com\/es\/wp-json\/wp\/v2\/tags?post=327531"}],"curies":[{"name":"wp","href":"https:\/\/api.w.org\/{rel}","templated":true}]}}