{"id":327542,"date":"2026-01-07T09:54:06","date_gmt":"2026-01-07T09:54:06","guid":{"rendered":"https:\/\/www.europesays.com\/es\/327542\/"},"modified":"2026-01-07T09:54:06","modified_gmt":"2026-01-07T09:54:06","slug":"dakota-tarraga-revela-por-que-no-entro-en-la-casa-de-los-gemelos-2-acabo-en-la-carcel","status":"publish","type":"post","link":"https:\/\/www.europesays.com\/es\/327542\/","title":{"rendered":"Dakota T\u00e1rraga revela por qu\u00e9 no entr\u00f3 en &#8216;La casa de los gemelos 2&#8217;: \u00abAcabo en la c\u00e1rcel\u00bb"},"content":{"rendered":"<p class=\"c-paragraph\">La televisiva Dakota T\u00e1rraga fue uno de los personajes que m\u00e1s se rumore\u00f3 para entrar en La casa de los gemelos 2, el pol\u00e9mico reality emitido en plataformas como YouTube o Kick y <b>ahora ella misma ha revelado que se lo propusieron, aunque declin\u00f3.\u00a0<\/b><\/p>\n<p class=\"c-paragraph\">\u00ab<b>Muchas cosas tienen que cambiar para que yo vaya, porque si no, acabo en la c\u00e1rcel<\/b>\u00ab, afirmaba la recordada participante de Hermano Mayor (Cuatro) en una ronda de preguntas con sus fans de Instagram.\u00a0<\/p>\n<p class=\"c-paragraph\">En La casa de los gemelos pr\u00e1cticamente no hubo normas ni l\u00edmites y se vieron <b>agresiones f\u00edsicas y verbales, vejaciones<\/b>, destrucci\u00f3n de mobiliario e incluso de las paredes, <b>incendios provocados, peleas, lanzamientos de objetos provocando brechas en la cabeza<\/b>, lenguaje expl\u00edcito sobre drogas y sexo, consumo de alcohol sin medida&#8230;\u00a0<\/p>\n<p class=\"c-paragraph\">\u00abPara la [temporada] 2 <b>llamaron a mi repre y dijimos que no. No creo que vuelvan a llamarnos<\/b>\u00ab, dec\u00eda Dakota, que s\u00ed estuvo en otros realities como Supervivientes 2019.\u00a0<\/p>\n<p class=\"c-paragraph\">S\u00ed entrar\u00eda, seg\u00fan le dec\u00eda a sus fans, en GH D\u00fao, el reality de Telecinco que estos d\u00edas est\u00e1 confirmando a sus concursantes y que empezar\u00e1 este 8 de enero en Telecinco. \u00ab<b>Por supuesto que ir\u00eda y ser\u00eda la que m\u00e1s juego dar\u00eda<\/b>\u00ab, afirma. Y sobre por qu\u00e9 no va, a\u00f1ad\u00eda: \u00abhabr\u00e1 que preguntarle a los del c\u00e1sting de Mediaset\u00bb.\u00a0<\/p>\n","protected":false},"excerpt":{"rendered":"La televisiva Dakota T\u00e1rraga fue uno de los personajes que m\u00e1s se rumore\u00f3 para entrar en La casa&hellip;\n","protected":false},"author":2,"featured_media":327543,"comment_status":"","ping_status":"","sticky":false,"template":"","format":"standard","meta":{"footnotes":""},"categories":[171],"tags":[18363,146,147,25,24,5043,2074,1789,23,75689,214],"class_list":{"0":"post-327542","1":"post","2":"type-post","3":"status-publish","4":"format-standard","5":"has-post-thumbnail","7":"category-tv","8":"tag-dakota","9":"tag-entertainment","10":"tag-entretenimiento","11":"tag-es","12":"tag-espana","13":"tag-por","14":"tag-que","15":"tag-revela","16":"tag-spain","17":"tag-tarraga","18":"tag-tv"},"share_on_mastodon":{"url":"https:\/\/pubeurope.com\/@es\/115853214520392020","error":""},"_links":{"self":[{"href":"https:\/\/www.europesays.com\/es\/wp-json\/wp\/v2\/posts\/327542","targetHints":{"allow":["GET"]}}],"collection":[{"href":"https:\/\/www.europesays.com\/es\/wp-json\/wp\/v2\/posts"}],"about":[{"href":"https:\/\/www.europesays.com\/es\/wp-json\/wp\/v2\/types\/post"}],"author":[{"embeddable":true,"href":"https:\/\/www.europesays.com\/es\/wp-json\/wp\/v2\/users\/2"}],"replies":[{"embeddable":true,"href":"https:\/\/www.europesays.com\/es\/wp-json\/wp\/v2\/comments?post=327542"}],"version-history":[{"count":0,"href":"https:\/\/www.europesays.com\/es\/wp-json\/wp\/v2\/posts\/327542\/revisions"}],"wp:featuredmedia":[{"embeddable":true,"href":"https:\/\/www.europesays.com\/es\/wp-json\/wp\/v2\/media\/327543"}],"wp:attachment":[{"href":"https:\/\/www.europesays.com\/es\/wp-json\/wp\/v2\/media?parent=327542"}],"wp:term":[{"taxonomy":"category","embeddable":true,"href":"https:\/\/www.europesays.com\/es\/wp-json\/wp\/v2\/categories?post=327542"},{"taxonomy":"post_tag","embeddable":true,"href":"https:\/\/www.europesays.com\/es\/wp-json\/wp\/v2\/tags?post=327542"}],"curies":[{"name":"wp","href":"https:\/\/api.w.org\/{rel}","templated":true}]}}