{"id":327546,"date":"2026-01-07T09:57:15","date_gmt":"2026-01-07T09:57:15","guid":{"rendered":"https:\/\/www.europesays.com\/es\/327546\/"},"modified":"2026-01-07T09:57:15","modified_gmt":"2026-01-07T09:57:15","slug":"el-anuncio-del-fichaje-de-cancelo-apunta-al-viernes","status":"publish","type":"post","link":"https:\/\/www.europesays.com\/es\/327546\/","title":{"rendered":"El anuncio del fichaje de Cancelo apunta al viernes"},"content":{"rendered":"<p class=\"ft-text\">El Bar\u00e7a sigue dando pasos firmes y oficiales para cerrar, a nivel contractual, el fichaje de Jo\u00e3o Cancelo. E<strong>l club azulgrana trabaja desde ayer con toda la documentaci\u00f3n necesaria para dejar el acuerdo completamente cerrado<\/strong> y solo faltan los \u00faltimos tr\u00e1mites formales para que la operaci\u00f3n sea oficial.<\/p>\n<p class=\"ft-text\">El acuerdo con el Al Hilal es total desde ayer y no existen flecos pendientes entre ambos clubes. Adem\u00e1s, el entendimiento con el futbolista tambi\u00e9n est\u00e1 plenamente sellado, ya que Cancelo dio prioridad absoluta al Bar\u00e7a desde el primer momento<strong>. Su voluntad siempre fue clara y eso ha facilitado que todo avance con rapidez. <\/strong><\/p>\n<p class=\"ft-text\">Seg\u00fan fuentes del club azulgrana<strong>, en las pr\u00f3ximas horas se podr\u00eda rubricar la firma definitiva tanto por parte del presidente y su junta directiva como por parte del propio jugador.<\/strong> De confirmarse este \u00faltimo paso, Jo\u00e3o Cancelo se convertir\u00eda de manera oficial en nuevo futbolista del Bar\u00e7a. <strong>Aun as\u00ed, desde el club insisten en que, aunque todo est\u00e1 muy encarrilado<\/strong> y se da por hecho internamente, el contrato todav\u00eda no est\u00e1 finiquitado al cien por cien.<\/p>\n<p>El anuncio apunta al viernes<\/p>\n<p class=\"ft-text\">La idea del Bar\u00e7a es anunciar el fichaje este mismo viernes, aprovechando el par\u00f3n competitivo. Sin embargo, la presentaci\u00f3n oficial del lateral portugu\u00e9s tendr\u00e1 que esperar. El club no contempla hacerlo durante la estancia del equipo en Yeda<strong> y la idea es que se haga una vez el equipo est\u00e9 de vuelta en Barcelona.<\/strong><\/p>\n<p class=\"ft-text\">Al existir un acuerdo total entre las partes,<strong> no ser\u00e1 necesario que ninguna direcci\u00f3n deportiva se desplace ni mantenga reuniones presenciales. <\/strong>Si todo sigue su curso normal, la firma se realizar\u00e1 de forma electr\u00f3nica en las pr\u00f3ximas horas, poniendo<strong> punto final a un culebr\u00f3n intenso pero corto que est\u00e1 muy cerca de cerrarse de manera definitiva.<\/strong><\/p>\n","protected":false},"excerpt":{"rendered":"El Bar\u00e7a sigue dando pasos firmes y oficiales para cerrar, a nivel contractual, el fichaje de Jo\u00e3o Cancelo.&hellip;\n","protected":false},"author":2,"featured_media":327547,"comment_status":"","ping_status":"","sticky":false,"template":"","format":"standard","meta":{"footnotes":""},"categories":[93],"tags":[2296,53977,3563,168,25,24,557,75690,23,167],"class_list":{"0":"post-327546","1":"post","2":"type-post","3":"status-publish","4":"format-standard","5":"has-post-thumbnail","7":"category-deportes","8":"tag-barca","9":"tag-cancelo","10":"tag-cumbre","11":"tag-deportes","12":"tag-es","13":"tag-espana","14":"tag-fichaje","15":"tag-mercato","16":"tag-spain","17":"tag-sports"},"share_on_mastodon":{"url":"https:\/\/pubeurope.com\/@es\/115853226498269082","error":""},"_links":{"self":[{"href":"https:\/\/www.europesays.com\/es\/wp-json\/wp\/v2\/posts\/327546","targetHints":{"allow":["GET"]}}],"collection":[{"href":"https:\/\/www.europesays.com\/es\/wp-json\/wp\/v2\/posts"}],"about":[{"href":"https:\/\/www.europesays.com\/es\/wp-json\/wp\/v2\/types\/post"}],"author":[{"embeddable":true,"href":"https:\/\/www.europesays.com\/es\/wp-json\/wp\/v2\/users\/2"}],"replies":[{"embeddable":true,"href":"https:\/\/www.europesays.com\/es\/wp-json\/wp\/v2\/comments?post=327546"}],"version-history":[{"count":0,"href":"https:\/\/www.europesays.com\/es\/wp-json\/wp\/v2\/posts\/327546\/revisions"}],"wp:featuredmedia":[{"embeddable":true,"href":"https:\/\/www.europesays.com\/es\/wp-json\/wp\/v2\/media\/327547"}],"wp:attachment":[{"href":"https:\/\/www.europesays.com\/es\/wp-json\/wp\/v2\/media?parent=327546"}],"wp:term":[{"taxonomy":"category","embeddable":true,"href":"https:\/\/www.europesays.com\/es\/wp-json\/wp\/v2\/categories?post=327546"},{"taxonomy":"post_tag","embeddable":true,"href":"https:\/\/www.europesays.com\/es\/wp-json\/wp\/v2\/tags?post=327546"}],"curies":[{"name":"wp","href":"https:\/\/api.w.org\/{rel}","templated":true}]}}