{"id":327565,"date":"2026-01-07T10:12:12","date_gmt":"2026-01-07T10:12:12","guid":{"rendered":"https:\/\/www.europesays.com\/es\/327565\/"},"modified":"2026-01-07T10:12:12","modified_gmt":"2026-01-07T10:12:12","slug":"parece-el-peor-equipo-de-la-euroliga","status":"publish","type":"post","link":"https:\/\/www.europesays.com\/es\/327565\/","title":{"rendered":"Parece el peor equipo de la Euroliga"},"content":{"rendered":"<p class=\"ft-text\"><strong>Joan Pe\u00f1arroya<\/strong> sigue sin dar con la tecla en el <strong>Partiz\u00e1n<\/strong> y la <a class=\"ft-link ft-link--decoration\" href=\"https:\/\/www.sport.es\/es\/baloncesto\/euroliga\/\" rel=\"nofollow noopener\" target=\"_blank\"><strong>Euroliga.<\/strong><\/a> El conjunto serbio sigue sin capacidad de reacci\u00f3n en la competici\u00f3n europea, y la situaci\u00f3n es l\u00edmite para un equipo que no levanta cabeza desde la dimisi\u00f3n de <strong>Zeljko Obradovic.<\/strong><\/p>\n<p class=\"ft-text\"><strong>El exentrenador del Bar\u00e7a<\/strong> ha logrado <strong>dos c\u00f3modos triunfos<\/strong> en la <strong>Liga Adri\u00e1tica<\/strong> ante el<strong> KK Split (110-74)<\/strong> y el <strong>KK Borac Cacak (91-106).<\/strong> Pero <strong>la situaci\u00f3n en Euroliga es cr\u00edtica y preocupante,<\/strong> tras una nueva derrota.<\/p>\n<p class=\"ft-text\">El estreno europeo de Pe\u00f1arroya con Partiz\u00e1n dej\u00f3 claro que el margen de mejora del equipo es muy amplio, con un <strong>duro correctivo<\/strong> en casa ante un <strong>Maccabi Tel Aviv<\/strong> que asalt\u00f3 Belgrado con un contundente <strong>87-112.<\/strong> La semana pasada, los serbios visitaron el <strong>Roig Arena<\/strong> para medirse al l\u00edder de la Euroliga, un <strong>Valencia Basket<\/strong> contra el que compitieron bien durante los primeros 30 minutos antes de sucumbir en el <strong>\u00faltimo cuarto en el que tan solo anotaron 10 puntos (86-73).<\/strong><\/p>\n<p><img decoding=\"async\" src=\"https:\/\/www.europesays.com\/es\/wp-content\/uploads\/2026\/01\/89450ea5-64a5-4209-97b7-104bb2f62f57_alta-libre-aspect-ratio_default_0.jpg\" width=\"1200\" height=\"675\" alt=\"Joan Pe\u00f1arroya, serio tras la derrota en M\u00f3naco\" class=\"ft-helper-img-rd\" loading=\"lazy\"\/><\/p>\n<p class=\"ft-helper-fontColor-quaternary ft-helper-fontSize-body-S ft-helper-spacer-t-xxs\">Joan Pe\u00f1arroya, serio tras la derrota en M\u00f3naco  \/ EFE<\/p>\n<p>Nueva derrota contundente en M\u00f3naco<\/p>\n<p class=\"ft-text\">Una derrota abultada ante el cuadro taronja, pero inferior a la cosechada en las \u00faltimas horas, tambi\u00e9n a domicilio, frente al <strong>M\u00f3naco.<\/strong> Los de <strong>Vassilis Spanoulis<\/strong> jugaron como quisieron, y al descanso ya mandaban por un importante 54-39. Finalmente, y tras una gran actuaci\u00f3n de <strong>Nikola Mirotic, autor de 13 puntos, un rebote, una asistencia y cuatro recuperaciones,<\/strong> la victoria se qued\u00f3 en el Principado monegasco por <strong>101-84.<\/strong><\/p>\n<p class=\"ft-text\">Un tropiezo que, debido a la diferencia de 17 puntos, supone una doble mala noticia para Pe\u00f1arroya y su Partiz\u00e1n, ya que, con un +\/- de -179 puntos, <strong>han ca\u00eddo a la \u00faltima posici\u00f3n en la clasificaci\u00f3n,<\/strong> con el mismo balance de triunfos y derrotas que <strong>Asvel<\/strong> (6-14), que anoche plant\u00f3 cara al <strong>Real Madrid<\/strong> para acabar cayendo por <strong>69-80.<\/strong><\/p>\n<p>La prensa serbia, muy cr\u00edtica con \u00e9l y el equipo<\/p>\n<p class=\"ft-text\"><strong>\u00abPocos cambios en el juego del equipo, casi todo sigue igual y tan mal que no hay palabras para describir lo f\u00e1cil que se ha convertido enfrentarse a Partiz\u00e1n en la Euroliga.<\/strong> M\u00f3naco resolvi\u00f3 el partido en 15 minutos contra un equipo que, sin duda, p<strong>arece el peor de la competici\u00f3n en este momento\u00bb,<\/strong> coment\u00f3 el medio serbio &#8216;Mozzart Sport&#8217; en su cr\u00f3nica del encuentro. En los tres primeros partidos del egarense en Euroliga,<strong> el equipo anota una media de 81,3 puntos y encaja 99,6 tantos.<\/strong><\/p>\n<p><img decoding=\"async\" src=\"https:\/\/www.europesays.com\/es\/wp-content\/uploads\/2026\/01\/cdc94c1e-9c60-4e9e-83eb-d830afa48fe5_alta-libre-aspect-ratio_default_0.jpg\" width=\"1200\" height=\"675\" alt=\"Pe\u00f1arroya todav\u00eda no ha ganado en Euroliga desde que dirige a Partiz\u00e1n\" class=\"ft-helper-img-rd\" loading=\"lazy\"\/><\/p>\n<p class=\"ft-helper-fontColor-quaternary ft-helper-fontSize-body-S ft-helper-spacer-t-xxs\">Pe\u00f1arroya todav\u00eda no ha ganado en Euroliga desde que dirige a Partiz\u00e1n  \/ EFE<\/p>\n<p>Jabari Parker vuelve a sumar<\/p>\n<p class=\"ft-text\">Un Pe\u00f1arroya que ha vuelto a darle minutos a <strong>Jabari Parker,<\/strong> tras confirmarse que el ala-p\u00edvot estadounidense seguir\u00eda en Belgrado poniendo punto final a los rumores sobre su continuidad, y que ante el <strong>M\u00f3naco<\/strong> firmo <strong>11 puntos y tres rebotes<\/strong> que resultaron est\u00e9riles.<\/p>\n<p><img decoding=\"async\" src=\"https:\/\/www.europesays.com\/es\/wp-content\/uploads\/2026\/01\/f4511db7-a532-4eae-b20f-56bd37bb5d1b_alta-libre-aspect-ratio_default_0.jpg\" width=\"1200\" height=\"675\" alt=\"Jabari Parker, en un partido de Euroliga con Partiz\u00e1n\" class=\"ft-helper-img-rd\" loading=\"lazy\"\/><\/p>\n<p class=\"ft-helper-fontColor-quaternary ft-helper-fontSize-body-S ft-helper-spacer-t-xxs\">Jabari Parker, en un partido de Euroliga con Partiz\u00e1n  \/ EFE<\/p>\n<p class=\"ft-text\">Tras el partido en M\u00f3naco, tanto <strong>Jabari Parker<\/strong> como<strong> Joan Pe\u00f1arroya<\/strong> empezar\u00e1n a preparar el siguiente partido europeo, que no ser\u00e1 uno cualquiera. El pr\u00f3ximo viernes 9, a partir de las 20:30h (CET) se reencontrar\u00e1n con su antigua afici\u00f3n en el <strong>Palau Blaugrana<\/strong> para medirse al <strong>Bar\u00e7a.<\/strong><\/p>\n","protected":false},"excerpt":{"rendered":"Joan Pe\u00f1arroya sigue sin dar con la tecla en el Partiz\u00e1n y la Euroliga. El conjunto serbio sigue&hellip;\n","protected":false},"author":2,"featured_media":327566,"comment_status":"","ping_status":"","sticky":false,"template":"","format":"standard","meta":{"footnotes":""},"categories":[269],"tags":[299,2296,298,168,622,25,24,833,5170,45749,4819,946,23,167],"class_list":{"0":"post-327565","1":"post","2":"type-post","3":"status-publish","4":"format-standard","5":"has-post-thumbnail","7":"category-baloncesto","8":"tag-baloncesto","9":"tag-barca","10":"tag-basketball","11":"tag-deportes","12":"tag-equipo","13":"tag-es","14":"tag-espana","15":"tag-euroliga","16":"tag-joan","17":"tag-partizan","18":"tag-penarroya","19":"tag-peor","20":"tag-spain","21":"tag-sports"},"share_on_mastodon":{"url":"https:\/\/pubeurope.com\/@es\/115853285439435326","error":""},"_links":{"self":[{"href":"https:\/\/www.europesays.com\/es\/wp-json\/wp\/v2\/posts\/327565","targetHints":{"allow":["GET"]}}],"collection":[{"href":"https:\/\/www.europesays.com\/es\/wp-json\/wp\/v2\/posts"}],"about":[{"href":"https:\/\/www.europesays.com\/es\/wp-json\/wp\/v2\/types\/post"}],"author":[{"embeddable":true,"href":"https:\/\/www.europesays.com\/es\/wp-json\/wp\/v2\/users\/2"}],"replies":[{"embeddable":true,"href":"https:\/\/www.europesays.com\/es\/wp-json\/wp\/v2\/comments?post=327565"}],"version-history":[{"count":0,"href":"https:\/\/www.europesays.com\/es\/wp-json\/wp\/v2\/posts\/327565\/revisions"}],"wp:featuredmedia":[{"embeddable":true,"href":"https:\/\/www.europesays.com\/es\/wp-json\/wp\/v2\/media\/327566"}],"wp:attachment":[{"href":"https:\/\/www.europesays.com\/es\/wp-json\/wp\/v2\/media?parent=327565"}],"wp:term":[{"taxonomy":"category","embeddable":true,"href":"https:\/\/www.europesays.com\/es\/wp-json\/wp\/v2\/categories?post=327565"},{"taxonomy":"post_tag","embeddable":true,"href":"https:\/\/www.europesays.com\/es\/wp-json\/wp\/v2\/tags?post=327565"}],"curies":[{"name":"wp","href":"https:\/\/api.w.org\/{rel}","templated":true}]}}