{"id":327567,"date":"2026-01-07T10:13:07","date_gmt":"2026-01-07T10:13:07","guid":{"rendered":"https:\/\/www.europesays.com\/es\/327567\/"},"modified":"2026-01-07T10:13:07","modified_gmt":"2026-01-07T10:13:07","slug":"un-caos-de-centrales-en-el-real-zaragoza","status":"publish","type":"post","link":"https:\/\/www.europesays.com\/es\/327567\/","title":{"rendered":"Un caos de centrales en el Real Zaragoza"},"content":{"rendered":"<p>            Un caos de centrales en el Real Zaragoza                <\/p>\n<p>Un caos de centrales en el Real Zaragoza<\/p>\n<p class=\"epigraph\">La falta de continuidad en la retaguardia debido a las bajas, los indefinidos roles de Ale Gomes o el comod\u00edn Said\u00fa y los malos registros defensivos del equipo tambi\u00e9n con Sell\u00e9s obligan a Txema Indias a fichar en la posici\u00f3n<\/p>\n<p class=\"paragraph\"><b>Entre las semanas de baja de Tachi, los interminables percances de Radovanovic, la volatilizaci\u00f3n de Sebastian Kosa, el inconcreto rol de Ale Gomes y las forzosas reubicaciones de Saidu<\/b> la l\u00ednea defensiva del Real Zaragoza ha carecido de la regularidad, estabilidad y cohesi\u00f3n tan necesarias en una zona cr\u00edtica para el funcionamiento del equipo. El Zaragoza no tiene a\u00fan, al final de la primera vuelta, una defensa reconocible porque sus entrenadores -ahora Rub\u00e9n Sell\u00e9s- no han podido asentar esos cimientos defensivos en una pareja de centrales constante, fiable y uniforme. <a href=\"https:\/\/www.heraldo.es\/noticias\/deportes\/futbol\/real-zaragoza\/2026\/01\/04\/partido-real-zaragoza-las-palmas-cronica-resultado-resumen-analisis-1883183.html\" title=\"Hu\u00e9rfanos de calidad: el Real Zaragoza pierde contra Las Palmas (1-2)\" rel=\"nofollow noopener\" target=\"_blank\">Un caos en la l\u00ednea que explica, en buena parte y m\u00e1s all\u00e1 de determinadas calidades individuales, los problemas del Real Zaragoza en la protecci\u00f3n del \u00e1rea propia.<\/a> Un defecto que tiene uno de sus s\u00edntomas en la facilidad con la que lo rivales perforan su porter\u00eda: no necesitan un caudal ofensivo excesivo para marcarle al equipo aragon\u00e9s.<b> Casi siempre le anotan una de las primeras ocasiones que le generan.<\/b> Su capacidad de evitaci\u00f3n de goles sigue lastrando el rendimiento. Y esos problemas defensivos son la principal faceta del juego a la que Rub\u00e9n Sell\u00e9s no le ha encontrado la cirug\u00eda adecuada. El Zaragoza, aun con su contenci\u00f3n mejorada, sigue encajando demasiados goles.<b> Es el tercer equipo con m\u00e1s tantos recibidos (32 en 20 partidos) tras Albacete (34) y Mirand\u00e9s (33). Adem\u00e1s, con Sell\u00e9s al mando, solo se dej\u00f3 la porter\u00eda a 0 contra la SD Huesca.<\/b><\/p>\n<p>            Conforme a los criterios de<br \/>\n            <a class=\"trustproject_img\" id=\"trustproject_img\" href=\"https:\/\/thetrustproject.org\/\" target=\"_blank\" rel=\"nofollow noopener\" aria-label=\"Trust Project\"><img decoding=\"async\" loading=\"lazy\" src=\"https:\/\/www.heraldo.es\/images\/Trust-Logo-Horizontal.svg\" alt=\"Logo Trust Project\" width=\"200\" height=\"34\"\/><\/a><\/p>\n<p>        <a href=\"https:\/\/www.henneo.com\/\" title=\"Grupo Henneo\" class=\"logo\" rel=\"nofollow noopener\" target=\"_blank\"><br \/>\n            <img decoding=\"async\" src=\"https:\/\/www.heraldo.es\/images\/logo_henneo_gris.svg\" alt=\"Logo Henneo\" width=\"559\" height=\"389\" loading=\"lazy\"\/><br \/>\n        <\/a><\/p>\n<p>\u00a9 HERALDO DE ARAGON EDITORA, S.L.U.<br \/>Tel\u00e9fono 976 765 000 \/ &#8211; P\u00ba. Independencia, 29, 50001 Zaragoza &#8211; CIF: B99288763 &#8211; Inscrita en el Registro Mercantil de Zaragoza al Tomo 3796, Libro 0, Folio 177, Secci\u00f3n 8, Hoja Z-50564<br \/>Queda prohibida toda reproducci\u00f3n sin permiso escrito de la empresa a los efectos del art\u00edculo 32.1, p\u00e1rrafo segundo, de la Ley de Propiedad Intelectual<\/p>\n<p>\n                P\u00ba Independencia, 29, 50001 Zaragoza<br \/> Tel\u00e9fono 976 765 000\n            <\/p>\n<p>                    Actualmente tu navegador no permite ejecutar JavaScript. Para poder disfrutar de nuestro contenido es necesario que lo permita.<br \/>\n                                        <img decoding=\"async\" loading=\"lazy\" alt=\"Heraldo logo\" src=\"https:\/\/dkumiip2e9ary.cloudfront.net\/xalok\/heraldo\/especiales\/hola-de-nuevo\/logo-heraldo.svg\" width=\"215\" height=\"43\"\/><\/p>\n","protected":false},"excerpt":{"rendered":"Un caos de centrales en el Real Zaragoza Un caos de centrales en el Real Zaragoza La falta&hellip;\n","protected":false},"author":2,"featured_media":327568,"comment_status":"","ping_status":"","sticky":false,"template":"","format":"standard","meta":{"footnotes":""},"categories":[268],"tags":[11579,1977,168,25,24,280,282,798,281,23,167,491],"class_list":{"0":"post-327567","1":"post","2":"type-post","3":"status-publish","4":"format-standard","5":"has-post-thumbnail","7":"category-futbol","8":"tag-caos","9":"tag-centrales","10":"tag-deportes","11":"tag-es","12":"tag-espana","13":"tag-football","14":"tag-futbol","15":"tag-real","16":"tag-soccer","17":"tag-spain","18":"tag-sports","19":"tag-zaragoza"},"share_on_mastodon":{"url":"https:\/\/pubeurope.com\/@es\/115853289429569870","error":""},"_links":{"self":[{"href":"https:\/\/www.europesays.com\/es\/wp-json\/wp\/v2\/posts\/327567","targetHints":{"allow":["GET"]}}],"collection":[{"href":"https:\/\/www.europesays.com\/es\/wp-json\/wp\/v2\/posts"}],"about":[{"href":"https:\/\/www.europesays.com\/es\/wp-json\/wp\/v2\/types\/post"}],"author":[{"embeddable":true,"href":"https:\/\/www.europesays.com\/es\/wp-json\/wp\/v2\/users\/2"}],"replies":[{"embeddable":true,"href":"https:\/\/www.europesays.com\/es\/wp-json\/wp\/v2\/comments?post=327567"}],"version-history":[{"count":0,"href":"https:\/\/www.europesays.com\/es\/wp-json\/wp\/v2\/posts\/327567\/revisions"}],"wp:featuredmedia":[{"embeddable":true,"href":"https:\/\/www.europesays.com\/es\/wp-json\/wp\/v2\/media\/327568"}],"wp:attachment":[{"href":"https:\/\/www.europesays.com\/es\/wp-json\/wp\/v2\/media?parent=327567"}],"wp:term":[{"taxonomy":"category","embeddable":true,"href":"https:\/\/www.europesays.com\/es\/wp-json\/wp\/v2\/categories?post=327567"},{"taxonomy":"post_tag","embeddable":true,"href":"https:\/\/www.europesays.com\/es\/wp-json\/wp\/v2\/tags?post=327567"}],"curies":[{"name":"wp","href":"https:\/\/api.w.org\/{rel}","templated":true}]}}