{"id":327589,"date":"2026-01-07T10:26:07","date_gmt":"2026-01-07T10:26:07","guid":{"rendered":"https:\/\/www.europesays.com\/es\/327589\/"},"modified":"2026-01-07T10:26:07","modified_gmt":"2026-01-07T10:26:07","slug":"abierto-el-plazo-para-presentar-candidaturas-a-la-xv-edicion-de-los-premios-maireneros-del-ano","status":"publish","type":"post","link":"https:\/\/www.europesays.com\/es\/327589\/","title":{"rendered":"Abierto el plazo para presentar candidaturas a la XV edici\u00f3n de los Premios Maireneros del A\u00f1o"},"content":{"rendered":"<p>Publicadas las bases de los XV Premios Maireneros del A\u00f1o. Se establecen cinco categor\u00edas que son Mairenero del A\u00f1o en Cultura y Educaci\u00f3n, en Deportes, en Innovaci\u00f3n, Desarrollo y Empresa, Joven Valor Mairenero y Mairenero Ilustre.<\/p>\n<p><strong>\u00bfC\u00f3mo puedo presentar una candidatura?<\/strong> Cualquier mairenero a t\u00edtulo individual, grupo de personas, instituciones o asociaciones, pueden presentar candidaturas a estos Premios, indicando el nombre de la persona propuesta, la categor\u00eda y una breve biograf\u00eda. Las candidaturas se presentan en el registro municipal en horario de 9 a 14 horas, desde la publicaci\u00f3n de las bases hasta el d\u00eda 9 de febrero de 2026.<\/p>\n","protected":false},"excerpt":{"rendered":"Publicadas las bases de los XV Premios Maireneros del A\u00f1o. Se establecen cinco categor\u00edas que son Mairenero del&hellip;\n","protected":false},"author":2,"featured_media":327590,"comment_status":"","ping_status":"","sticky":false,"template":"","format":"standard","meta":{"footnotes":""},"categories":[8],"tags":[17,18,25,24,13,14,11,19,20,9,10,15,16,23,12,21,22],"class_list":{"0":"post-327589","1":"post","2":"type-post","3":"status-publish","4":"format-standard","5":"has-post-thumbnail","7":"category-espana","8":"tag-breaking-news","9":"tag-breakingnews","10":"tag-es","11":"tag-espana","12":"tag-featured-news","13":"tag-featurednews","14":"tag-headlines","15":"tag-latest-news","16":"tag-latestnews","17":"tag-news","18":"tag-noticias","19":"tag-noticias-destacadas","20":"tag-noticiasdestacadas","21":"tag-spain","22":"tag-titulares","23":"tag-ultimas-noticias","24":"tag-ultimasnoticias"},"share_on_mastodon":{"url":"https:\/\/pubeurope.com\/@es\/115853340486973965","error":""},"_links":{"self":[{"href":"https:\/\/www.europesays.com\/es\/wp-json\/wp\/v2\/posts\/327589","targetHints":{"allow":["GET"]}}],"collection":[{"href":"https:\/\/www.europesays.com\/es\/wp-json\/wp\/v2\/posts"}],"about":[{"href":"https:\/\/www.europesays.com\/es\/wp-json\/wp\/v2\/types\/post"}],"author":[{"embeddable":true,"href":"https:\/\/www.europesays.com\/es\/wp-json\/wp\/v2\/users\/2"}],"replies":[{"embeddable":true,"href":"https:\/\/www.europesays.com\/es\/wp-json\/wp\/v2\/comments?post=327589"}],"version-history":[{"count":0,"href":"https:\/\/www.europesays.com\/es\/wp-json\/wp\/v2\/posts\/327589\/revisions"}],"wp:featuredmedia":[{"embeddable":true,"href":"https:\/\/www.europesays.com\/es\/wp-json\/wp\/v2\/media\/327590"}],"wp:attachment":[{"href":"https:\/\/www.europesays.com\/es\/wp-json\/wp\/v2\/media?parent=327589"}],"wp:term":[{"taxonomy":"category","embeddable":true,"href":"https:\/\/www.europesays.com\/es\/wp-json\/wp\/v2\/categories?post=327589"},{"taxonomy":"post_tag","embeddable":true,"href":"https:\/\/www.europesays.com\/es\/wp-json\/wp\/v2\/tags?post=327589"}],"curies":[{"name":"wp","href":"https:\/\/api.w.org\/{rel}","templated":true}]}}