{"id":327597,"date":"2026-01-07T10:36:07","date_gmt":"2026-01-07T10:36:07","guid":{"rendered":"https:\/\/www.europesays.com\/es\/327597\/"},"modified":"2026-01-07T10:36:07","modified_gmt":"2026-01-07T10:36:07","slug":"se-sometera-a-pruebas-medicas","status":"publish","type":"post","link":"https:\/\/www.europesays.com\/es\/327597\/","title":{"rendered":"Se someter\u00e1 a pruebas m\u00e9dicas"},"content":{"rendered":"<p class=\"c-paragraph\">El portero alem\u00e1n del Barcelona Marc-Andr\u00e9 Ter Stegen ha abandonado por lesi\u00f3n la concentraci\u00f3n del equipo en Yeda, donde defiende el t\u00edtulo de campe\u00f3n de la Supercopa de Espa\u00f1a, <b>y regresa a la ciudad condal para someterse a pruebas m\u00e9dicas.<\/b><\/p>\n<p class=\"c-paragraph\">As\u00ed lo informa el club azulgrana, que agrega que Diego Kochen, portero del filial, se incorporar\u00e1 este mi\u00e9rcoles a la expedici\u00f3n del Barcelona en la <b>ciudad saud\u00ed para reemplazar al meta germano, con molestias f\u00edsicas.<\/b><\/p>\n<p class=\"c-paragraph\"><b>Kochen se une como tercer meta a Joan Garc\u00eda, <\/b>portero titular, y al polaco Wojciech Szcz\u0119sny.<\/p>\n<p class=\"c-paragraph\">El Barcelona se enfrenta este mi\u00e9rcoles al Athletic Club en la primera semifinal de la Supercopa de Espa\u00f1a.<b> El jueves se cruzan en el Atl\u00e9tico de Madrid y el Real Madrid.<\/b><\/p>\n<p class=\"c-paragraph\">Por el momento se desconoce el alcance de la lesi\u00f3n del guardameta del FC Barcelona, aunque esto coincide con los rumores sobre su futuro. Este mismo martes, Hansi Flick en rueda de prensa, <b>afirm\u00f3 que ning\u00fan jugador le hab\u00eda pedido salir del club este mes de enero. <\/b>No obstante, tambi\u00e9n confirm\u00f3 la titularidad de Joan Garc\u00eda como portero de la Supercopa de Espa\u00f1a.\u00a0<\/p>\n","protected":false},"excerpt":{"rendered":"El portero alem\u00e1n del Barcelona Marc-Andr\u00e9 Ter Stegen ha abandonado por lesi\u00f3n la concentraci\u00f3n del equipo en Yeda,&hellip;\n","protected":false},"author":2,"featured_media":327598,"comment_status":"","ping_status":"","sticky":false,"template":"","format":"standard","meta":{"footnotes":""},"categories":[268],"tags":[2302,8413,5762,168,25,24,280,282,281,23,167,14776,14775],"class_list":{"0":"post-327597","1":"post","2":"type-post","3":"status-publish","4":"format-standard","5":"has-post-thumbnail","7":"category-futbol","8":"tag-abandona","9":"tag-arabia","10":"tag-concentracion","11":"tag-deportes","12":"tag-es","13":"tag-espana","14":"tag-football","15":"tag-futbol","16":"tag-soccer","17":"tag-spain","18":"tag-sports","19":"tag-stegen","20":"tag-ter"},"share_on_mastodon":{"url":"https:\/\/pubeurope.com\/@es\/115853379876644725","error":""},"_links":{"self":[{"href":"https:\/\/www.europesays.com\/es\/wp-json\/wp\/v2\/posts\/327597","targetHints":{"allow":["GET"]}}],"collection":[{"href":"https:\/\/www.europesays.com\/es\/wp-json\/wp\/v2\/posts"}],"about":[{"href":"https:\/\/www.europesays.com\/es\/wp-json\/wp\/v2\/types\/post"}],"author":[{"embeddable":true,"href":"https:\/\/www.europesays.com\/es\/wp-json\/wp\/v2\/users\/2"}],"replies":[{"embeddable":true,"href":"https:\/\/www.europesays.com\/es\/wp-json\/wp\/v2\/comments?post=327597"}],"version-history":[{"count":0,"href":"https:\/\/www.europesays.com\/es\/wp-json\/wp\/v2\/posts\/327597\/revisions"}],"wp:featuredmedia":[{"embeddable":true,"href":"https:\/\/www.europesays.com\/es\/wp-json\/wp\/v2\/media\/327598"}],"wp:attachment":[{"href":"https:\/\/www.europesays.com\/es\/wp-json\/wp\/v2\/media?parent=327597"}],"wp:term":[{"taxonomy":"category","embeddable":true,"href":"https:\/\/www.europesays.com\/es\/wp-json\/wp\/v2\/categories?post=327597"},{"taxonomy":"post_tag","embeddable":true,"href":"https:\/\/www.europesays.com\/es\/wp-json\/wp\/v2\/tags?post=327597"}],"curies":[{"name":"wp","href":"https:\/\/api.w.org\/{rel}","templated":true}]}}