{"id":327599,"date":"2026-01-07T10:37:12","date_gmt":"2026-01-07T10:37:12","guid":{"rendered":"https:\/\/www.europesays.com\/es\/327599\/"},"modified":"2026-01-07T10:37:12","modified_gmt":"2026-01-07T10:37:12","slug":"seguir-viendo-a-una-mujer-soltera-como-alguien-a-quien-le-falta-algo-es-tratarla-como-si-necesitara-una-muleta-para-vivir","status":"publish","type":"post","link":"https:\/\/www.europesays.com\/es\/327599\/","title":{"rendered":"Seguir viendo a una mujer soltera como alguien a quien le falta algo es tratarla como si necesitara una muleta para vivir"},"content":{"rendered":"<p id=\"ez_vbIK_PS\" data-wc=\"57\">Una mujer plena. Completa. Sin fisuras. O las justas, que es humana\u2026 Y, dentro de lo que el drama de la cotidianidad le permite, tambi\u00e9n una mujer realizada. Que \u00bfcu\u00e1l es la receta del \u00e9xito? As\u00ed es precisamente<a class=\"hm-link ho-link\" href=\"https:\/\/www.hola.com\/actualidad\/20251231875342\/marilo-montero-receta-exito-celebra-60-anyos-victoria-masterchef-deseos-abuela\/\" data-mrf-recirculation=\"article-body-link\" rel=\"nofollow noopener\" target=\"_blank\">\u00a0como titulamos la entrevista de portada de esta semana en \u00a1HOLA!.<\/a> Que, \u00bfqui\u00e9n ha conseguido ese equilibrio? Maril\u00f3 Montero.<\/p>\n<p id=\"eyKxoatXbwh\" data-wc=\"138\">Y decimos bien, \u201cequilibrio\u201d, que no \u201cvictoria\u201d, porque, a veces, sentirse ganador \u2014o satisfecho\u2014 con uno mismo no depende de que la vida te lo regale \u2014o lo venzas\u2014 todo, sino de que seas capaz de no pedir m\u00e1s de lo que la propia vida puede darte. La presentadora navarra no necesita de nada ni de nadie para alcanzar una confianza total en sus posibilidades, que son muchas y virtuosas, ni tampoco para manejar sus emociones por muy contradictorias que sean o en ser fiel a su sus sentimientos, que aqu\u00ed no hay adjetivos. Como mujer, Maril\u00f3 no echa de menos nada. Que Maril\u00f3 es muchas cosas. No es solo la madre de la modelo internacional Roc\u00edo Crusset y de la nueva revelaci\u00f3n de las ondas hertzianas,<a class=\"hm-link ho-link\" href=\"https:\/\/www.hola.com\/actualidad\/20250925857892\/marilo-montero-sobre-ser-abuela-prefiero-que-me-llame-marilo\/\" data-mrf-recirculation=\"article-body-link\" rel=\"nofollow noopener\" target=\"_blank\">\u00a0Alberto Herrera, gracias a qui\u00e9n se convertir\u00e1 en abuela este a\u00f1o.<\/a>\u00a0<\/p>\n<p>  <img src=\"https:\/\/www.europesays.com\/es\/wp-content\/uploads\/2026\/01\/f20ac37e3667-555e54fca666aba01982b28adb12ea3cnb6a29120191ret-2.jpg\"   width=\"2500\" height=\"3750\" loading=\"lazy\" decoding=\"async\" alt=\"MARIl\u00d3 MoNTEro Y la RECETA DEL \u00c9XITO\" fetchpriority=\"auto\" class=\"image ho-image\"\/>\u00a9 Victoria Mu\u00f1oz<\/p>\n<p id=\"eN7P_yrQz-\" data-wc=\"188\">Tampoco es solo una profesional del periodismo que comenz\u00f3 de becaria en Costa Rica y lleg\u00f3 a convertirse en imagen de la cadena, para despu\u00e9s, volverse a Espa\u00f1a y ser chica Hermida, bandera de Canal Sur, de A3, de RTVE\u2026 Porque todo lo que se propone, lo consigue \u00bfLo \u00faltimo?<a class=\"hm-link ho-link\" href=\"https:\/\/www.hola.com\/actualidad\/20251118868042\/marilo-montero-ganadora-de-masterchef-celebrity-10\/\" data-mrf-recirculation=\"article-body-link\" rel=\"nofollow noopener\" target=\"_blank\">\u00a0Ganar Masterchef Celebrity cuando llegaba a las cocinas de La 1 sabiendo cortar, a duras penas, una naranja en dos mitades\u2026<\/a> Y ah\u00ed viene el tema, la media naranja. Maril\u00f3 est\u00e1 soltera. Y como mujer soltera ha logrado estar en paz consigo misma. Que nos han educado con eso de que uno tiene m\u00e1s val\u00eda o es m\u00e1s completo si logra encontrar a esa otra persona que, como en un Lego, encaja a la perfecci\u00f3n contigo y con la que, s\u00f3lo a partir de esa f\u00f3rmula qu\u00edmica que se llama amor, puede construir algo con sentido o con futuro. Y no, no es necesario. Por mucho que digan los cuentos de Christian Andersen, Disney, las comedias rom\u00e1nticas Made in Hollywood o el neorrealismo espa\u00f1ol con relatos tan tr\u00e1gicos como esperp\u00e9nticos sobre las solteronas con \u201cCalle Mayor\u201d al frente.<\/p>\n<p id=\"epDKoi2NhpK\" data-wc=\"175\">Es posible ser una super se\u00f1ora sin ning\u00fan hombre del bracero. O sea, sola. Maril\u00f3 nos lo cuenta. Ella lo ha logrado. Sin que ese fuera un objetivo. Maril\u00f3 estuvo casada con Carlos Herrera veinte a\u00f1os. Del 91 al 2011. Despu\u00e9s mantuvo una relaci\u00f3n con Santiago Gonz\u00e1lez, director de TVE en aquel momento y con el que comparti\u00f3 poco m\u00e1s de un a\u00f1o de viajes y confidencias. Y hace poco, <a class=\"hm-link ho-link\" href=\"https:\/\/www.hola.com\/actualidad\/20251204871086\/marilo-montero-boda-africana\/\" data-mrf-recirculation=\"article-body-link\" rel=\"nofollow noopener\" target=\"_blank\">ella misma cont\u00f3 que desde 2018 estaba casada con un gu\u00eda africano<\/a>, un matrimonio que contrajo sin saberlo durante un safari de vacaciones y sin val\u00eda alguna\u2026 \u00bfPor qu\u00e9 lo hizo? Porque es \u201clibre. hago lo que quiero, cuando quiero y como quiero\u00bb. Palabra de Maril\u00f3 Montero. Con nosotros ha sido a\u00fan m\u00e1s expl\u00edcita. Llegamos al tema hablando de su relaci\u00f3n con su f\u00edsico, con su edad, con su capacidad para hacerse un hueco en un mundo dominado por los hombres\u2026 Porque, no se nos olvida, no. Si eres mujer, las preguntas sobre por qu\u00e9 est\u00e1s solA se multiplican. Asentimos y entonamos el mea culpa.<\/p>\n<p>  <img src=\"https:\/\/www.europesays.com\/es\/wp-content\/uploads\/2025\/12\/2258d9984bc5-e961a1c70abf695a434d69ca4be0b84cnb6a27890068ret-2cut.jpg\"   width=\"2500\" height=\"3749\" loading=\"lazy\" decoding=\"async\" alt=\"MARIl\u00d3 MoNTEro Y la RECETA DEL \u00c9XITO\" fetchpriority=\"auto\" class=\"image ho-image\"\/>\u00a9 Victoria Mu\u00f1oz<\/p>\n<p>\u2014Maril\u00f3, tu estilo y tu f\u00edsico son un referente de la madurez espl\u00e9ndida. \u00bfC\u00f3mo defines tu relaci\u00f3n actual con la belleza y el paso del tiempo?<\/p>\n<p class=\"answer-s1\" id=\"eYa2RvL9ycK\" data-wc=\"45\">Record\u00e9, con una foto junto a mi querida y admirada Maribel Y\u00e9benes, aquella frase de Coco Chanel: \u201cLa belleza empieza cuando decides ser t\u00fa misma\u201d. Ah\u00ed me encuentro. Intento que esa autenticidad vaya siempre acompa\u00f1ada de una elegancia consciente, hecha de vida y de cuidado.<\/p>\n<p>\u2014Como mujer poderosa que se ha hecho un lugar en un mundo tradicionalmente masculino, \u00bfqu\u00e9 cree que ha cambiado en la televisi\u00f3n y qu\u00e9 desaf\u00edos nos quedan?<\/p>\n<p class=\"answer-s1\" id=\"evTDbNUgZfB\" data-wc=\"44\">La televisi\u00f3n ha cambiado, pero no lo suficiente: los medios siguen dirigidos mayoritariamente por hombres. Hay talento femenino de sobra, pero el poder contin\u00faa en mesas masculinas. Reivindico una correcci\u00f3n real en el relevo generacional, para que los medios reflejen al pa\u00eds que cuentan.<\/p>\n<p>  <img src=\"https:\/\/www.europesays.com\/es\/wp-content\/uploads\/2026\/01\/883a3ca995b2-8381eed65ad9-cc8ccbddfb6b47cf291fd959d3ce2267nb6a29610236ret.jpg\"   width=\"1080\" height=\"1800\" loading=\"lazy\" decoding=\"async\" alt=\"Maril\u00f3 Montero  con cabello oscuro, camisa blanca y falda beige frente a un espejo.\" fetchpriority=\"auto\" class=\"image ho-image\"\/>\u00a9 Victoria Mu\u00f1oz<\/p>\n<p>\u2014\u00bfQu\u00e9 significa para ti ser una mujer completa y realizada? \u00bfCu\u00e1l es tu definici\u00f3n de feminidad?<\/p>\n<p class=\"answer-s1\" id=\"eMgS-J4snfu\" data-wc=\"36\">La feminidad no es un adorno, sino car\u00e1cter, lucidez y libertad. Ser completa es elegir, pensar y sostener la propia vida con dignidad. Es la afirmaci\u00f3n adulta de una mujer que se pertenece sin pedir permiso.<\/p>\n<p>\u2014Llevas a\u00f1os en los que Maril\u00f3 se enfrenta al mundo sola, sin una pareja, \u00bferes muy exigente? \u00bfindependiente? \u00bfno necesitas a nadie? \u00bfno ha llegado esa persona? \u00bfno lo has buscado? \u00bfCu\u00e1l es la cualidad que m\u00e1s valora en un hombre hoy en d\u00eda para que forme parte de tu vida?<\/p>\n<p class=\"answer-s1\" id=\"eQV51TSlpdv\" data-wc=\"139\">La idea de que una mujer sin pareja \u201cse enfrenta sola al mundo\u201d es un anacronismo. A los 18 a\u00f1os me fui sola a Costa Rica a trabajar; ah\u00ed no hab\u00eda muletas emocionales. La idea de que una mujer sin pareja \u201cest\u00e1 sola\u201d es un pensamiento viejo que ya no sirve. Una persona es completa por s\u00ed misma; la pareja suma, no es una mitad para una unidad obligatoria. Seguir viendo a una mujer soltera como alguien a quien le falta algo es tratarla como si necesitara una muleta para vivir. Y no: estar sin pareja no es una carencia, es una forma de estar en el mundo con autonom\u00eda y libertad, que es lo m\u00ednimo que deber\u00eda respetarse. Cada vez m\u00e1s personas viven como quieren, por libertad. Yo no busco ni espero: vivo, con buena compa\u00f1\u00eda y autonom\u00eda.<\/p>\n<p>\u2014\u00bfQu\u00e9 es lo que m\u00e1s te chifla y lo que m\u00e1s te amuerma del amor?<\/p>\n<p class=\"answer-s1\" id=\"e-x2x6VjL3w\" data-wc=\"31\">El amor no me \u201cchifla\u201d porque chiflar es perder la cabeza, y la tengo bien sujeta. \u00bfQu\u00e9 me amuerma? Nada: el amor no es un somn\u00edfero. Amar requiere toda una vida.<\/p>\n<p>  <img src=\"https:\/\/www.europesays.com\/es\/wp-content\/uploads\/2026\/01\/c754ab23321a-5c3b29539ace-72ddbbd5a4339800464b0cb59ce8867dnb6a27580036ret-3cut.jpg\"   width=\"1080\" height=\"1800\" loading=\"lazy\" decoding=\"async\" alt=\"Maril\u00f3 Montero en uniforme de chef con logo 'M', sosteniendo un alimento, rodeada de ingredientes.\" fetchpriority=\"auto\" class=\"image ho-image\"\/>\u00a9 Victoria Mu\u00f1oz<\/p>\n<p>\u2014Y hacia donde basculan tus intereses \u00bfhacia una pasi\u00f3n desbordante, un entendimiento y aprendizaje desde la inteligencia o\u2026 la serenidad y la paz?<\/p>\n<p class=\"answer-s1\" id=\"efYdfbg1F8\" data-wc=\"27\"><strong>\u00a0<\/strong>La paz, la serenidad, la inteligencia y el aprendizaje son trabajos cotidianos. <a class=\"hm-link ho-link\" href=\"https:\/\/www.hola.com\/moda\/20251205871447\/marilo-montero-chaqueta-laganini-isabel-diaz-ayuso-victoria-aniversario-constitucion\/\" data-mrf-recirculation=\"article-body-link\" rel=\"nofollow noopener\" target=\"_blank\">Mis intereses est\u00e1n en la vida real, no en caminos ajenos.<\/a> Estoy bien donde estoy.<\/p>\n<p>\u2014Si tuvieras que definir el erotismo hoy, \u00bfd\u00f3nde residir\u00eda? (En la mirada, la conversaci\u00f3n, la inteligencia&#8230;)<\/p>\n<p class=\"answer-s1\" id=\"ea9VUxj2T6\" data-wc=\"24\">En la mezcla entre la mirada, la conversaci\u00f3n y la inteligencia. La chispa aparece cuando dos mentes se entienden y dos miradas se reconocen.<\/p>\n<p>\u2014\u00bfC\u00f3mo has cultivado el amor propio a lo largo de los a\u00f1os? \u00bfla seguridad en ti misma? Enfrentarte al juicio de los dem\u00e1s, tanto y tan duramente, \u00bfHa sido un camino tortuoso, fracturado\u2026?\u00a0<\/p>\n<p class=\"answer-s1\" id=\"e1K5abZLgxFT\" data-wc=\"28\">El amor propio es respeto hacia uno mismo: saber qui\u00e9n eres, qu\u00e9 necesitas y qu\u00e9 l\u00edmites no cruzar. Cuando est\u00e1 en su sitio, todo lo dem\u00e1s se ordena.<\/p>\n","protected":false},"excerpt":{"rendered":"Una mujer plena. Completa. Sin fisuras. O las justas, que es humana\u2026 Y, dentro de lo que el&hellip;\n","protected":false},"author":2,"featured_media":327600,"comment_status":"","ping_status":"","sticky":false,"template":"","format":"standard","meta":{"footnotes":""},"categories":[174],"tags":[3900,517,255,3899,146,147,25,24,256,7974,23],"class_list":{"0":"post-327599","1":"post","2":"type-post","3":"status-publish","4":"format-standard","5":"has-post-thumbnail","7":"category-famosos","8":"tag-hola","9":"tag-actualidad","10":"tag-celebrities","11":"tag-contenido-sensible","12":"tag-entertainment","13":"tag-entretenimiento","14":"tag-es","15":"tag-espana","16":"tag-famosos","17":"tag-marilo-montero","18":"tag-spain"},"share_on_mastodon":{"url":"https:\/\/pubeurope.com\/@es\/115853383731222795","error":""},"_links":{"self":[{"href":"https:\/\/www.europesays.com\/es\/wp-json\/wp\/v2\/posts\/327599","targetHints":{"allow":["GET"]}}],"collection":[{"href":"https:\/\/www.europesays.com\/es\/wp-json\/wp\/v2\/posts"}],"about":[{"href":"https:\/\/www.europesays.com\/es\/wp-json\/wp\/v2\/types\/post"}],"author":[{"embeddable":true,"href":"https:\/\/www.europesays.com\/es\/wp-json\/wp\/v2\/users\/2"}],"replies":[{"embeddable":true,"href":"https:\/\/www.europesays.com\/es\/wp-json\/wp\/v2\/comments?post=327599"}],"version-history":[{"count":0,"href":"https:\/\/www.europesays.com\/es\/wp-json\/wp\/v2\/posts\/327599\/revisions"}],"wp:featuredmedia":[{"embeddable":true,"href":"https:\/\/www.europesays.com\/es\/wp-json\/wp\/v2\/media\/327600"}],"wp:attachment":[{"href":"https:\/\/www.europesays.com\/es\/wp-json\/wp\/v2\/media?parent=327599"}],"wp:term":[{"taxonomy":"category","embeddable":true,"href":"https:\/\/www.europesays.com\/es\/wp-json\/wp\/v2\/categories?post=327599"},{"taxonomy":"post_tag","embeddable":true,"href":"https:\/\/www.europesays.com\/es\/wp-json\/wp\/v2\/tags?post=327599"}],"curies":[{"name":"wp","href":"https:\/\/api.w.org\/{rel}","templated":true}]}}