{"id":327625,"date":"2026-01-07T11:04:10","date_gmt":"2026-01-07T11:04:10","guid":{"rendered":"https:\/\/www.europesays.com\/es\/327625\/"},"modified":"2026-01-07T11:04:10","modified_gmt":"2026-01-07T11:04:10","slug":"el-ex-del-valencia-cf-deja-el-besiktas-por-motivos-personales","status":"publish","type":"post","link":"https:\/\/www.europesays.com\/es\/327625\/","title":{"rendered":"El ex del Valencia CF deja el Besiktas por motivos personales"},"content":{"rendered":"<p class=\"ft-text\"><a class=\"ft-link ft-link--decoration\" href=\"https:\/\/www.superdeporte.es\/tags\/gabriel-paulista\/\" target=\"_blank\" rel=\"nofollow noopener\"><strong>Gabriel Paulista<\/strong><\/a> dej\u00f3 el Valencia CF el 31 de enero de 2024 en una traum\u00e1tica salida casi sobre la bocina del cierre de mercado. Fue una especie de rescisi\u00f3n, ya que acababa contrato el 30 de junio, pero iba camino de renovar de manera autom\u00e1tica un a\u00f1o m\u00e1s en caso de jugar 20 encuentros con el equipo. Fueron seis temporadas en las que <strong>defendi\u00f3 la camiseta valencianista en 220 ocasiones<\/strong> y su salida le mand\u00f3 directamente al Atl\u00e9tico de Madrid unos meses, hasta que finalmente se march\u00f3 al Besiktas turco.<\/p>\n<p class=\"ft-text\">Ahora, un nuevo cambio de rumbo podr\u00eda llevarle de vuelta a Brasil. A sus <strong>35 a\u00f1os<\/strong> y tras hablar con el Besiktas, ha recibido permiso del club para marcharse sin coste alguno. El motivo no es otro un problema familiar, la enfermedad incurable de su madre. Desde la cuenta oficial del club en X colgaron un v\u00eddeo en el que se despiden del jugador, visiblemente emocionado: \u00abBuen viaje, Gabi\u00bb. A su vez, el t\u00e9cnico Sergen Yal\u00e7in a\u00f1adi\u00f3 su propio agradecimiento: \u00ab<strong>Estamos muy contentos de haber trabajado con un jugador tan bueno<\/strong>. Las puertas del <a class=\"ft-link ft-link--decoration\" href=\"https:\/\/bjk.com.tr\/en\/mobil\" target=\"_blank\" rel=\"nofollow noopener\">Besiktas<\/a> siempre est\u00e1n abiertas para \u00e9l. Gracias\u00bb.<\/p>\n<p>La confesi\u00f3n de Paulista tras ser despedido del Valencia CF<\/p>\n<p class=\"ft-text\">\u00abYo ten\u00eda contrato y una cl\u00e1usula de renovaci\u00f3n autom\u00e1tica. Yo quer\u00eda quedarme, por todo, intent\u00e9 hablar con el club para, no s\u00e9, igual bajar el sueldo, hacer algo, pero el club ya sab\u00e9is c\u00f3mo funciona, cada vez\u2026\u00bb, haciendo referencia a la pol\u00edtica de desinversi\u00f3n de Meriton en el club. \u00abEs una l\u00e1stima, pero cada vez peor. Y entonces <strong>yo intent\u00e9 bajarlo, quer\u00eda igual quitar la cl\u00e1usula, tambi\u00e9n, pero nada<\/strong>. Le dije a mi representante que ten\u00eda la sensaci\u00f3n de que el <a class=\"ft-link ft-link--decoration\" href=\"https:\/\/www.superdeporte.es\/valencia-cf\/\" target=\"_blank\" rel=\"nofollow noopener\">Valencia CF<\/a> me iba a echar\u00bb, reconoci\u00f3 a &#8216;Relevo&#8217;.<\/p>\n<p><img decoding=\"async\" src=\"https:\/\/www.europesays.com\/es\/wp-content\/uploads\/2026\/01\/b6a95842-6ecc-4d0a-a583-37e5466eac32_alta-libre-aspect-ratio_default_0.jpg\" width=\"1200\" height=\"1004\" alt=\"Paulista celebra la Copa del Rey conseguida en 2029\" class=\"ft-helper-img-rd\" loading=\"lazy\"\/><\/p>\n<p class=\"ft-helper-fontColor-quaternary ft-helper-fontSize-body-S ft-helper-spacer-t-xxs\">Paulista celebra la Copa del Rey conseguida en 2019  \/ SD<\/p>\n<p class=\"ft-text\">\u00abMi representante me dijo: &#8216;Yo creo que no va a hacer esto, porque t\u00fa <a class=\"ft-link ft-link--decoration\" href=\"https:\/\/www.superdeporte.es\/valencia-cf\/mejores-defensas-historia-valencia-100895823.html\" target=\"_blank\" rel=\"nofollow noopener\">tienes una historia dentro del club<\/a>, has ganado un t\u00edtulo, ya llevas casi siete a\u00f1os y te va a respetar&#8217;. Y yo: &#8216;No, esto va a pasar&#8217;. Y habl\u00e9 con mi mujer y mi mujer tambi\u00e9n dijo lo mismo: <strong>&#8216;No te va a respetar, te va a echar&#8217;.<\/strong> Y yo, cada vez, cuando iba llegando enero, mi coraz\u00f3n me apretaba m\u00e1s porque yo no quer\u00eda salir. No quer\u00eda, de verdad, te lo juro, no quer\u00eda por nada. Y, bueno, al final lleg\u00f3 enero y pas\u00f3 lo que ya todos saben\u00bb, afirm\u00f3 en su momento desde Turqu\u00eda. <strong>Ahora le toca volver a <\/strong><a class=\"ft-link ft-link--decoration\" href=\"https:\/\/www.superdeporte.es\/tags\/brasil\/\" target=\"_blank\" rel=\"nofollow noopener\"><strong>Brasil<\/strong><\/a><strong>, acompa\u00f1ar a su madre y disfrutar de sus \u00faltimas experiencias como futbolista antes de colgar las botas<\/strong>.<\/p>\n","protected":false},"excerpt":{"rendered":"Gabriel Paulista dej\u00f3 el Valencia CF el 31 de enero de 2024 en una traum\u00e1tica salida casi sobre&hellip;\n","protected":false},"author":2,"featured_media":327626,"comment_status":"","ping_status":"","sticky":false,"template":"","format":"standard","meta":{"footnotes":""},"categories":[268],"tags":[19868,3216,51,168,25,24,46514,280,282,35871,75712,75713,75711,281,23,167,5419],"class_list":{"0":"post-327625","1":"post","2":"type-post","3":"status-publish","4":"format-standard","5":"has-post-thumbnail","7":"category-futbol","8":"tag-besiktas","9":"tag-brasil","10":"tag-deja","11":"tag-deportes","12":"tag-es","13":"tag-espana","14":"tag-exvalencianista","15":"tag-football","16":"tag-futbol","17":"tag-gabriel","18":"tag-gabriel-paulista","19":"tag-meriton-holdings-limited","20":"tag-paulista","21":"tag-soccer","22":"tag-spain","23":"tag-sports","24":"tag-valencia-cf"},"share_on_mastodon":{"url":"https:\/\/pubeurope.com\/@es\/115853489972768277","error":""},"_links":{"self":[{"href":"https:\/\/www.europesays.com\/es\/wp-json\/wp\/v2\/posts\/327625","targetHints":{"allow":["GET"]}}],"collection":[{"href":"https:\/\/www.europesays.com\/es\/wp-json\/wp\/v2\/posts"}],"about":[{"href":"https:\/\/www.europesays.com\/es\/wp-json\/wp\/v2\/types\/post"}],"author":[{"embeddable":true,"href":"https:\/\/www.europesays.com\/es\/wp-json\/wp\/v2\/users\/2"}],"replies":[{"embeddable":true,"href":"https:\/\/www.europesays.com\/es\/wp-json\/wp\/v2\/comments?post=327625"}],"version-history":[{"count":0,"href":"https:\/\/www.europesays.com\/es\/wp-json\/wp\/v2\/posts\/327625\/revisions"}],"wp:featuredmedia":[{"embeddable":true,"href":"https:\/\/www.europesays.com\/es\/wp-json\/wp\/v2\/media\/327626"}],"wp:attachment":[{"href":"https:\/\/www.europesays.com\/es\/wp-json\/wp\/v2\/media?parent=327625"}],"wp:term":[{"taxonomy":"category","embeddable":true,"href":"https:\/\/www.europesays.com\/es\/wp-json\/wp\/v2\/categories?post=327625"},{"taxonomy":"post_tag","embeddable":true,"href":"https:\/\/www.europesays.com\/es\/wp-json\/wp\/v2\/tags?post=327625"}],"curies":[{"name":"wp","href":"https:\/\/api.w.org\/{rel}","templated":true}]}}