{"id":327629,"date":"2026-01-07T11:08:07","date_gmt":"2026-01-07T11:08:07","guid":{"rendered":"https:\/\/www.europesays.com\/es\/327629\/"},"modified":"2026-01-07T11:08:07","modified_gmt":"2026-01-07T11:08:07","slug":"asi-son-las-nuevas-moscas-y-la-continuidad-de-sus-canales","status":"publish","type":"post","link":"https:\/\/www.europesays.com\/es\/327629\/","title":{"rendered":"as\u00ed son las nuevas moscas y la continuidad de sus canales"},"content":{"rendered":"<p class=\"article-text\">\n        <strong>RTVE <\/strong>abre 2026, el a\u00f1o de su <strong>70 aniversario<\/strong>, con una <strong>renovaci\u00f3n de su imagen<\/strong>. La corporaci\u00f3n p\u00fablica ha estrenado este 7 de enero una actualizaci\u00f3n de su <strong>continuidad visual<\/strong> con cambios en sus m\u00edticas moscas, nuevos c\u00f3digos de animaci\u00f3n y nuevas piezas audiovisuales para adaptarse a las necesidades digitales de nuestros d\u00edas. Se produce, por tanto, un reclamado cambio <a href=\"https:\/\/www.eldiario.es\/vertele\/videos\/actualidad\/rtve-presenta-nueva-imagen_1_7776031.html\" target=\"_blank\" data-mrf-recirculation=\"links-noticia\" class=\"link\" rel=\"nofollow noopener\">despu\u00e9s de 17 a\u00f1os<\/a> pese a lo bien que esta imagen sigue aguantando el paso del tiempo.\n    <\/p>\n<p>    <a href=\"https:\/\/www.eldiario.es\/vertele\/noticias\/tv-en-2026-programas-series-estrenaran-tve-atresmedia-mediaset-nuevo-ano_1_12877656.html\" data-mrf-recirculation=\"saber-mas\" data-dl-event=\"saber-mas\" rel=\"nofollow noopener\" target=\"_blank\"><\/p>\n<p class=\"know-more__title\">As\u00ed ser\u00e1 2026 en TV: todos los programas y series que estrenar\u00e1n TVE, Atresmedia y Mediaset en el nuevo a\u00f1o<\/p>\n<p>            <img decoding=\"async\" class=\"lazy\" loading=\"lazy\" data-src=\"https:\/\/static.eldiario.es\/clip\/1292740a-7cba-4f10-86c6-076573af7c25_16-9-aspect-ratio_default_0.jpg\" src=\"data:image\/svg+xml,%3Csvg xmlns=\" http:=\"\" viewbox=\"0 0 880 495\" alt=\"As\u00ed ser\u00e1 2026 en TV: todos los programas y series que estrenar\u00e1n TVE, Atresmedia y Mediaset en el nuevo a\u00f1o\"\/><\/p>\n<p>                        <\/a><\/p>\n<p class=\"article-text\">\n        Las novedades incluyen<strong> revisi\u00f3n de las moscas<\/strong> -logos que aparecen sobreimpresionados en pantalla-, que han dicho adi\u00f3s a ese degradado tan caracter\u00edstico con el que nacieron en 2008. <strong>Desaparece el color de fondo <\/strong>de los logos de cada uno de los canales, y se ampl\u00eda el tama\u00f1o de la marca con una m\u00ednima sombra negra para resaltarlo.\n    <\/p>\n<p class=\"article-text\">\n        Este cambio en las moscas, seg\u00fan detalla la corporaci\u00f3n en una nota de prensa, pretende \u201c<strong>ahondar y reforzar la imagen actual <\/strong>buscando y destacando elementos existentes dentro de la consolidada imagen de RTVE\u201d.\n    <\/p>\n<blockquote class=\"twitter-tweet\" data-lang=\"es\"><p><a href=\"https:\/\/twitter.com\/X\/status\/2008849716780695625?ref_src=twsrc%5Etfw\" rel=\"nofollow noopener\" target=\"_blank\"><\/p><\/blockquote>\n<p class=\"article-text\">\n        Como se ha mencionado, se han lanzado tambi\u00e9n distintas <strong>piezas de continuidad<\/strong> de los canales para adaptarse a esta nueva identidad visual. El proyecto coincide con el buen momento de los canales de la corporaci\u00f3n en audiencias y con el 70\u00ba aniversario. Tal como ha sabido <a href=\"https:\/\/www.eldiario.es\/vertele\/\" target=\"_blank\" data-mrf-recirculation=\"links-noticia\" class=\"link\" rel=\"nofollow noopener\">verTele<\/a>, esta actualizaci\u00f3n ha estado a cargo de la empresa <strong>Comodo Screen<\/strong>.\n    <\/p>\n<p class=\"article-text\">\n        Se trata, por tanto, de un lavado de imagen que supone una evoluci\u00f3n de la continuidad de los canales lineales de RTVE para adaptarse a los nuevos est\u00e1ndares del dise\u00f1o. Como novedad, se da m\u00e1s importancia al claim de la televisi\u00f3n p\u00fablica, \u201cla que te quiere\u201d y \u201c<strong>la que quieres<\/strong>\u201d, con protagonismo para el coraz\u00f3n en sus distintas formas.\n    <\/p>\n<p class=\"article-text\">\n        \u201cEl cambio tiene como objetivo <strong>fortalecer los valores de la Corporaci\u00f3n RTVE<\/strong> como grupo plural, l\u00edder, actual y con vocaci\u00f3n de servicio mediante una apuesta por la reordenaci\u00f3n de los elementos existentes. Este &#8216;restyling&#8217; de la imagen\u00a0ON AIR,\u00a0impulsado por la\u00a0<strong>Direcci\u00f3n de Imagen de TVE,\u00a0<\/strong>incorpora nuevos elementos de pantalla complementarios para nutrir la continuidad y adaptarse a las nuevas necesidades sin dejar de lado el claim y colores corporativos, \u00e9stos \u00faltimos m\u00e1s protagonistas que nunca\u201d, explican desde el departamento de comunicaci\u00f3n.\n    <\/p>\n<blockquote class=\"twitter-tweet\" data-lang=\"es\"><p><a href=\"https:\/\/twitter.com\/X\/status\/2008835671495217505?ref_src=twsrc%5Etfw\" rel=\"nofollow noopener\" target=\"_blank\"><\/p><\/blockquote>\n<p>    Breve repaso por la identidad actual<\/p>\n<p class=\"article-text\">\n        La identidad visual actual de RTVE parte del trabajo creado en <strong>2008 <\/strong>por la agencia <strong>Summa<\/strong>, lo que se consolid\u00f3 como una de las mayores renovaciones de imagen en la historia de la corporaci\u00f3n. Aquel redise\u00f1o estableci\u00f3 una identidad s\u00f3lida y coherente que ha resistido tanto el paso del tiempo como los constantes cambios en la direcci\u00f3n. A pesar de haber transcurrido tanto tiempo, este sistema visual sigue compitiendo en frescura y modernidad con las principales <strong>radiotelevisiones p\u00fablicas europeas<\/strong>.\n    <\/p>\n<p class=\"article-text\">\n        Se dise\u00f1\u00f3 una <strong>arquitectura de marca<\/strong> \u2014modo en el que se ordena el ecosistema de la corporaci\u00f3n\u2014 y una <strong>identidad corporativa<\/strong> \u2014elementos visuales, verbales y estrat\u00e9gicos\u2014 adaptada a las necesidades de la industria. Varios objetivos se plantearon entonces: \u201cRenovar el v\u00ednculo afectivo con los ciudadanos, proyectar su nueva visi\u00f3n y afrontar los retos del futuro con mayores garant\u00edas de \u00e9xito\u201d. Esos nuevos recursos que aparecieron en pantalla se mantienen a grandes rasgos a d\u00eda de hoy, sin haber sufrido pr\u00e1cticamente variaciones.\n    <\/p>\n<p class=\"article-text\">\n        En aquella \u00e9poca, los degradados y los brillos eran tendencia. De hecho, la imagen de las cadenas de RTVE se presentaron ante la audiencia con un <strong>dise\u00f1o <\/strong>basado en la <strong>luz <\/strong>y el <strong>movimiento<\/strong>. Sin embargo, el minimalismo se col\u00f3 en nuestras vidas aproximadamente a partir del a\u00f1o <strong>2010<\/strong>, coincidiendo con la explosi\u00f3n de la<strong> era digital<\/strong>. Ese halo hasta ahora fundamental en las moscas de sus canales deja de tener ese gran protagonismo con la nueva estrategia.\n    <\/p>\n<p>    La importancia de una actualizaci\u00f3n de imagen<\/p>\n<p class=\"article-text\">\n        Los cambios visuales en las cadenas de televisi\u00f3n no solo tienen <strong>valor est\u00e9tico<\/strong>: son clave para influir en la <strong>percepci\u00f3n<\/strong> de los ciudadanos. De hecho, la modernizaci\u00f3n de la imagen es una herramienta estrat\u00e9gica de suma importancia para comunicar, transmitir valores contempor\u00e1neos y <strong>fidelizar a la audiencia<\/strong> a trav\u00e9s de distintos canales. En una industria audiovisual copada de actores, la marca es fundamental para ocupar un hueco privilegiado en el ideario colectivo.\n    <\/p>\n<p class=\"article-text\">\n        Con el auge de las <strong>plataformas de streaming<\/strong> y la fragmentaci\u00f3n de la oferta, la competencia de nuestra radiotelevisi\u00f3n p\u00fablica aument\u00f3 considerablemente. Ya no solo se enfrentaba a los grupos audiovisuales tradicionales, sino tambi\u00e9n a los gigantes digitales. Una identidad visual moderna, adaptada a los tiempos, permite que RTVE aspectos clave en la coyuntura actual: mantener la coherencia est\u00e9tica, que la experiencia de marca sea unificada en todos sus universos y <strong>posicionarse <\/strong>en t\u00e9rminos de innovaci\u00f3n.\n    <\/p>\n<p>    El momento tambi\u00e9n es importante, y debe haber un porqu\u00e9 detr\u00e1s del cambio<\/p>\n<p class=\"article-text\">\n        Las actualizaciones de imagen deben ir <strong>acompa\u00f1adas de un porqu\u00e9<\/strong> y no ser un cambio carente de sentido. Como ya se ha mencionado, este giro a la identidad a sus canales lineales se enmarcan en el <strong>70\u00ba aniversario<\/strong> del nacimiento de la televisi\u00f3n en nuestro pa\u00eds. Pero la evoluci\u00f3n tambi\u00e9n responde a un gran giro en la corporaci\u00f3n que le permiti\u00f3 incrementar notablemente sus <strong>audiencias<\/strong>. Precisamente, esa apuesta por contenidos de actualidad, series de calidad y formatos de entretenimiento ha cumplido con las expectativas.\n    <\/p>\n<p>    <a href=\"https:\/\/www.eldiario.es\/vertele\/analisis\/batalla-access-prime-time-2026-el-hormiguero-antena3-la-revuelta-rtve-semestre-clave-cambios-mediaset-telecinco-cuatro_1_12886199.html\" data-mrf-recirculation=\"saber-mas-abajo\" data-dl-event=\"saber-mas-abajo\" rel=\"nofollow noopener\" target=\"_blank\"><\/p>\n<p class=\"know-more__title\">As\u00ed arranca la batalla del access en 2026: de &#8216;El Hormiguero&#8217; al semestre clave de &#8216;La Revuelta&#8217; y los cambios de Mediaset\n<\/p>\n<p>            <img decoding=\"async\" class=\"lazy\" loading=\"lazy\" data-src=\"https:\/\/static.eldiario.es\/clip\/2905e183-c22d-4911-bb7e-10fab836a7a1_16-9-aspect-ratio_default_0.jpg\" src=\"data:image\/svg+xml,%3Csvg xmlns=\" http:=\"\" viewbox=\"0 0 880 495\" alt=\"As\u00ed arranca la batalla del access en 2026: de 'El Hormiguero' al semestre clave de 'La Revuelta' y los cambios de Mediaset\"\/><\/p>\n<p>                        <\/a><\/p>\n<p class=\"article-text\">\n        RTVE despidi\u00f3 2025 confirmando un cambio de ciclo.<strong> La 1<\/strong> se ha consolidado como la segunda cadena m\u00e1s vista del pa\u00eds, sin perder el list\u00f3n del doble d\u00edgito en ninguno de los meses del a\u00f1o \u2014algo que no ocurr\u00eda desde 2012\u2014. Por su parte, <strong>La 2 <\/strong>tambi\u00e9n ha logrado un destacado ascenso gracias a la silenciosa revoluci\u00f3n de su parrilla. En conjunto, la corporaci\u00f3n ha cerrado el \u00faltimo a\u00f1o con sus mejores audiencias en tiempo recientes, alej\u00e1ndose con rotundidad del m\u00ednimo hist\u00f3rico firmado en 2021.\n    <\/p>\n<p>                                    <script async src=\"https:\/\/platform.twitter.com\/widgets.js\" charset=\"utf-8\"><\/script><\/p>\n","protected":false},"excerpt":{"rendered":"RTVE abre 2026, el a\u00f1o de su 70 aniversario, con una renovaci\u00f3n de su imagen. La corporaci\u00f3n p\u00fablica&hellip;\n","protected":false},"author":2,"featured_media":327630,"comment_status":"","ping_status":"","sticky":false,"template":"","format":"standard","meta":{"footnotes":""},"categories":[171],"tags":[30825,9807,10529,16866,146,147,25,24,1157,75714,2860,6656,518,2877,23,214],"class_list":{"0":"post-327629","1":"post","2":"type-post","3":"status-publish","4":"format-standard","5":"has-post-thumbnail","7":"category-tv","8":"tag-30825","9":"tag-aniversario","10":"tag-canales","11":"tag-continuidad","12":"tag-entertainment","13":"tag-entretenimiento","14":"tag-es","15":"tag-espana","16":"tag-imagen","17":"tag-moscas","18":"tag-nuevas","19":"tag-renueva","20":"tag-rtve","21":"tag-son","22":"tag-spain","23":"tag-tv"},"share_on_mastodon":{"url":"https:\/\/pubeurope.com\/@es\/115853505489479879","error":""},"_links":{"self":[{"href":"https:\/\/www.europesays.com\/es\/wp-json\/wp\/v2\/posts\/327629","targetHints":{"allow":["GET"]}}],"collection":[{"href":"https:\/\/www.europesays.com\/es\/wp-json\/wp\/v2\/posts"}],"about":[{"href":"https:\/\/www.europesays.com\/es\/wp-json\/wp\/v2\/types\/post"}],"author":[{"embeddable":true,"href":"https:\/\/www.europesays.com\/es\/wp-json\/wp\/v2\/users\/2"}],"replies":[{"embeddable":true,"href":"https:\/\/www.europesays.com\/es\/wp-json\/wp\/v2\/comments?post=327629"}],"version-history":[{"count":0,"href":"https:\/\/www.europesays.com\/es\/wp-json\/wp\/v2\/posts\/327629\/revisions"}],"wp:featuredmedia":[{"embeddable":true,"href":"https:\/\/www.europesays.com\/es\/wp-json\/wp\/v2\/media\/327630"}],"wp:attachment":[{"href":"https:\/\/www.europesays.com\/es\/wp-json\/wp\/v2\/media?parent=327629"}],"wp:term":[{"taxonomy":"category","embeddable":true,"href":"https:\/\/www.europesays.com\/es\/wp-json\/wp\/v2\/categories?post=327629"},{"taxonomy":"post_tag","embeddable":true,"href":"https:\/\/www.europesays.com\/es\/wp-json\/wp\/v2\/tags?post=327629"}],"curies":[{"name":"wp","href":"https:\/\/api.w.org\/{rel}","templated":true}]}}