{"id":327703,"date":"2026-01-07T12:09:07","date_gmt":"2026-01-07T12:09:07","guid":{"rendered":"https:\/\/www.europesays.com\/es\/327703\/"},"modified":"2026-01-07T12:09:07","modified_gmt":"2026-01-07T12:09:07","slug":"la-prediccion-de-un-exnumero-uno-sobre-el-futuro-de-carlos-alcaraz-sin-ferrero","status":"publish","type":"post","link":"https:\/\/www.europesays.com\/es\/327703\/","title":{"rendered":"La predicci\u00f3n de un exn\u00famero uno sobre el futuro de Carlos Alcaraz sin Ferrero"},"content":{"rendered":"<p class=\"L6-news-detail__text\">La temporada 2026 est\u00e1 a punto de comenzar para <b><a title=\"Carlos Alcaraz\" href=\"https:\/\/www.lasexta.com\/noticias\/deportes\/tenis\/rival-directo-carlos-alcaraz-podria-perderse-open-australia_20260104695a9080ea66eb73532630bb.html\" target=\"_blank\" rel=\"nofollow noopener\">Carlos Alcaraz<\/a><\/b>. El tenista espa\u00f1ol se enfrentar\u00e1 el pr\u00f3ximo 10 de enero contra <b><a title=\"Jannik Sinner\" href=\"https:\/\/www.lasexta.com\/noticias\/deportes\/tenis\/exnumero-uno-maximo-objetivo-sinner-alcaraz-jannik-puede-hacerlo-carlos-hay-dudas_2026010369594062af09df50109a3a8a.html\" target=\"_blank\" rel=\"nofollow noopener\">Jannik Sinner<\/a><\/b>, en el que ser\u00e1 su \u00faltimo partido de pretemporada antes de aterrizar en Melbourne para jugar el <b>Open de Australia<\/b>.<\/p>\n<p class=\"L6-news-detail__text\">El murciano parte con buenas sensaciones despu\u00e9s de disputar varios partidos en el mes de diciembre con tenistas de la talla de <b>Frances Tiafoe o Joao Fonseca<\/b>, aunque su ruptura con el que ha sido su entrenador durante siete a\u00f1os y con el que ha ganado todo, <b>Juan Carlos Ferrero<\/b>, ha causado una conmoci\u00f3n total.<\/p>\n<p class=\"L6-news-detail__text\">El motivo de la separaci\u00f3n entre Alcaraz y Ferrero a\u00fan se desconoce, aunque todo apunta a discrepancias alrededor del contrato del t\u00e9cnico. El valenciano ha sido el mayor baluarte en la carrera de Carlos, y sin \u00e9l se desconoce lo que deparar\u00e1 su futuro.<\/p>\n<p class=\"L6-news-detail__text\">Sobre c\u00f3mo Alcaraz afrontar\u00e1 el primer Grand Slam del a\u00f1o, y el m\u00e1s complicado para el murciano, ha hablado un exn\u00famero uno del mundo. En concreto, <b>Greg Rusedski<\/b> ha destacado que el hecho de que Ferrero ya no se encuentre en el equipo de Carlitos es <b>\u00abuna gran p\u00e9rdida\u00bb. <\/b><\/p>\n<p class=\"L6-news-detail__text\">\u00abTodav\u00eda no estoy seguro, pero siento que es una gran p\u00e9rdida perder a Juan Carlos Ferrero. Y no solo es un gran entrenador, sino que <b>a veces fue casi como un segundo padre para \u00e9l\u00bb<\/b>, recalca Rusedski, se\u00f1alando la importancia de Ferrero en la trayectoria de Alcaraz.<\/p>\n<p class=\"L6-news-detail__text\">El futuro del tenista espa\u00f1ol es prometedor debido a su corta edad y gran nivel de juego; sin embargo, esta separaci\u00f3n puede llegar a causarle una <b><a title=\"&quot;turbulencia emocional&quot; durante el Open de Australia.\" href=\"https:\/\/www.lasexta.com\/noticias\/deportes\/tenis\/cuando-arranca-open-australia-2026-calendario-horario-donde-ver-gran-objetivo-carlos-alcaraz_20260106695d1184ea66eb735327eba8.html\" target=\"_blank\" rel=\"nofollow noopener\">\u00abturbulencia emocional\u00bb durante el Open de Australia.<\/a><\/b><\/p>\n<p class=\"L6-news-detail__text\">\u00abEso causa turbulencia emocional porque cuando tienes una peque\u00f1a duda, o cuando no est\u00e1s jugando de la manera correcta, <b>\u00bftienes a esa persona fuerte en tu esquina para decir lo que se necesita?<\/b> Muy pronto descubriremos si la divisi\u00f3n entre ambos es <b>tan perjudicial como creemos<\/b>\u00ab, concluye el ganador del US Open de 1997.<\/p>\n<p class=\"L6-support-news-video__title\">\u00abCada uno&#8230;\u00bb<\/p>\n<p>            <a href=\"https:\/\/www.lasexta.com\/noticias\/deportes\/tenis\/padre-carlos-alcaraz-responde-juan-carlos-ferrero_20251225694d52ec22f0db7daffdb999.html\" class=\"L6-news__link\" rel=\"nofollow noopener\" target=\"_blank\"><br \/>\n                El padre de Carlos Alcaraz responde a Juan Carlos Ferrero<\/p>\n<p class=\"recirculation-video-desc\">Despu\u00e9s de que el ya exentrenador dijera que est\u00e1 \u00abdolido\u00bb, Alcaraz padre ha respondido con esta frase: \u00abCada uno es libre de opinar con lo que sepa\u00bb.<\/p>\n<p>            <\/a><\/p>\n","protected":false},"excerpt":{"rendered":"La temporada 2026 est\u00e1 a punto de comenzar para Carlos Alcaraz. El tenista espa\u00f1ol se enfrentar\u00e1 el pr\u00f3ximo&hellip;\n","protected":false},"author":2,"featured_media":309946,"comment_status":"","ping_status":"","sticky":false,"template":"","format":"standard","meta":{"footnotes":""},"categories":[274],"tags":[168,25,24,23,167,327,326],"class_list":{"0":"post-327703","1":"post","2":"type-post","3":"status-publish","4":"format-standard","5":"has-post-thumbnail","7":"category-tenis","8":"tag-deportes","9":"tag-es","10":"tag-espana","11":"tag-spain","12":"tag-sports","13":"tag-tenis","14":"tag-tennis"},"share_on_mastodon":{"url":"https:\/\/pubeurope.com\/@es\/115853745428501603","error":""},"_links":{"self":[{"href":"https:\/\/www.europesays.com\/es\/wp-json\/wp\/v2\/posts\/327703","targetHints":{"allow":["GET"]}}],"collection":[{"href":"https:\/\/www.europesays.com\/es\/wp-json\/wp\/v2\/posts"}],"about":[{"href":"https:\/\/www.europesays.com\/es\/wp-json\/wp\/v2\/types\/post"}],"author":[{"embeddable":true,"href":"https:\/\/www.europesays.com\/es\/wp-json\/wp\/v2\/users\/2"}],"replies":[{"embeddable":true,"href":"https:\/\/www.europesays.com\/es\/wp-json\/wp\/v2\/comments?post=327703"}],"version-history":[{"count":0,"href":"https:\/\/www.europesays.com\/es\/wp-json\/wp\/v2\/posts\/327703\/revisions"}],"wp:featuredmedia":[{"embeddable":true,"href":"https:\/\/www.europesays.com\/es\/wp-json\/wp\/v2\/media\/309946"}],"wp:attachment":[{"href":"https:\/\/www.europesays.com\/es\/wp-json\/wp\/v2\/media?parent=327703"}],"wp:term":[{"taxonomy":"category","embeddable":true,"href":"https:\/\/www.europesays.com\/es\/wp-json\/wp\/v2\/categories?post=327703"},{"taxonomy":"post_tag","embeddable":true,"href":"https:\/\/www.europesays.com\/es\/wp-json\/wp\/v2\/tags?post=327703"}],"curies":[{"name":"wp","href":"https:\/\/api.w.org\/{rel}","templated":true}]}}