{"id":327704,"date":"2026-01-07T12:10:16","date_gmt":"2026-01-07T12:10:16","guid":{"rendered":"https:\/\/www.europesays.com\/es\/327704\/"},"modified":"2026-01-07T12:10:16","modified_gmt":"2026-01-07T12:10:16","slug":"cortizo-fichajes-gonzalez-tadeo-el-equipo-cortizo-refuerza-su-plantilla-con-dos-nuevos-escaladoresel-equipo-cortizo-refuerza-su-plantilla-con-dos-nuevos-escaladores","status":"publish","type":"post","link":"https:\/\/www.europesays.com\/es\/327704\/","title":{"rendered":"CORTIZO FICHAJES GONZ\u00c1LEZ TADEO | El Equipo Cortizo refuerza su plantilla con dos nuevos escaladoresEl Equipo Cortizo refuerza su plantilla con dos nuevos escaladores"},"content":{"rendered":"<p class=\"ft-text\">El Equipo Cortizo confirm\u00f3 en la ma\u00f1ana de ayer la incorporaci\u00f3n de <strong>Antonio Gonz\u00e1lez y Aimar Tadeo<\/strong>, dos escaladores con una dilatada trayectoria en la categor\u00eda que reforzar\u00e1n su plantilla para el nuevo curso.<\/p>\n<p class=\"ft-text\"><strong>Antonio Gonz\u00e1lez <\/strong>(El Royo-Soria, 2003) firma por la escuadra dirigida por <strong>Marcos Serrano<\/strong> procedente del filial del Caja Rural, equipo al que se uni\u00f3 en la \u00faltima campa\u00f1a tras la desaparici\u00f3n del Polti-Kometa sub-23, club en el que hab\u00eda militado desde categor\u00eda j\u00fanior. En las filas del Caja Rural Alea, Gonz\u00e1lez se adjudic\u00f3 en la Antzuola Saria y la Ataun San Martin Proba. Adem\u00e1s, fue uno de los protagonistas de la pasada <strong>Volta a Galicia<\/strong> en la que termin\u00f3 sexto de la general despu\u00e9s de lograr sendos segundos puestos en la contrarreloj inaugural de Ribadumia y en la etapa reina de Barreiros. El corredor soriano, que ocupar\u00e1 plaza \u00e9lite, celebra unirse \u00aba uno de los mejores equipos de la categor\u00eda\u00bb y se muestra \u00abilusionado\u00bb ante su nuevo reto.<\/p>\n<p class=\"ft-text\">El Padron\u00e9s tambi\u00e9n incorpora a<strong> Aimar Tadeo<\/strong> (Lakuntza-Navarra, 2004) procedente del Euskadi Fundazioa, filial del Euskaltel. Su potencial como escalador qued\u00f3 patente el pasado mes de mayo en Vigo en la carrera que pon\u00eda el punto final a la \u00faltima edici\u00f3n de la <strong>Copa de Espa\u00f1a<\/strong>. All\u00ed fue segundo, por delante de Pablo Ortega, quien tambi\u00e9n fue anunciado hace unos d\u00edas como nuevo corredor del Cortizo.<\/p>\n<p class=\"ft-text\">Aimar Tadeo destaca su predilecci\u00f3n \u00abpor la escalada\u00bb y por mostrarse<strong> \u00abactivo en carrera yendo al ataque\u00bb<\/strong>, algo que coincide con la filosof\u00eda del Padron\u00e9s. \u00abEste a\u00f1o espero alcanzar la regularidad que ech\u00e9 en falta la pasada campa\u00f1a y dar\u00e9 lo mejor de m\u00ed para ayudar al equipo y conseguir la deseada victoria\u00bb, explica. Con los fichajes de Antonio Gonz\u00e1lez y Aimar Tadeo, que se suman a los ya conocidos de <strong>Pablo Ortega y Samuel Fajardo<\/strong>, el Cortizo ya cuenta con 10 corredores confirmados en su plantilla, entre los que tambi\u00e9n se encuentran los renovados Presley Evans, Adam Strejcek, Iv\u00e1n Belmonte, Jordi Artigues, \u00d3scar Fuentes y Martin Solhaug.<\/p>\n","protected":false},"excerpt":{"rendered":"El Equipo Cortizo confirm\u00f3 en la ma\u00f1ana de ayer la incorporaci\u00f3n de Antonio Gonz\u00e1lez y Aimar Tadeo, dos&hellip;\n","protected":false},"author":2,"featured_media":327705,"comment_status":"","ping_status":"","sticky":false,"template":"","format":"standard","meta":{"footnotes":""},"categories":[273],"tags":[313,75731,312,168,622,25,24,285,5024,1429,3703,23,167],"class_list":{"0":"post-327704","1":"post","2":"type-post","3":"status-publish","4":"format-standard","5":"has-post-thumbnail","7":"category-ciclismo","8":"tag-ciclismo","9":"tag-cortizo","10":"tag-cycling","11":"tag-deportes","12":"tag-equipo","13":"tag-es","14":"tag-espana","15":"tag-fichajes","16":"tag-nuevos","17":"tag-plantilla","18":"tag-refuerza","19":"tag-spain","20":"tag-sports"},"share_on_mastodon":{"url":"https:\/\/pubeurope.com\/@es\/115853749334653716","error":""},"_links":{"self":[{"href":"https:\/\/www.europesays.com\/es\/wp-json\/wp\/v2\/posts\/327704","targetHints":{"allow":["GET"]}}],"collection":[{"href":"https:\/\/www.europesays.com\/es\/wp-json\/wp\/v2\/posts"}],"about":[{"href":"https:\/\/www.europesays.com\/es\/wp-json\/wp\/v2\/types\/post"}],"author":[{"embeddable":true,"href":"https:\/\/www.europesays.com\/es\/wp-json\/wp\/v2\/users\/2"}],"replies":[{"embeddable":true,"href":"https:\/\/www.europesays.com\/es\/wp-json\/wp\/v2\/comments?post=327704"}],"version-history":[{"count":0,"href":"https:\/\/www.europesays.com\/es\/wp-json\/wp\/v2\/posts\/327704\/revisions"}],"wp:featuredmedia":[{"embeddable":true,"href":"https:\/\/www.europesays.com\/es\/wp-json\/wp\/v2\/media\/327705"}],"wp:attachment":[{"href":"https:\/\/www.europesays.com\/es\/wp-json\/wp\/v2\/media?parent=327704"}],"wp:term":[{"taxonomy":"category","embeddable":true,"href":"https:\/\/www.europesays.com\/es\/wp-json\/wp\/v2\/categories?post=327704"},{"taxonomy":"post_tag","embeddable":true,"href":"https:\/\/www.europesays.com\/es\/wp-json\/wp\/v2\/tags?post=327704"}],"curies":[{"name":"wp","href":"https:\/\/api.w.org\/{rel}","templated":true}]}}