{"id":327726,"date":"2026-01-07T12:25:10","date_gmt":"2026-01-07T12:25:10","guid":{"rendered":"https:\/\/www.europesays.com\/es\/327726\/"},"modified":"2026-01-07T12:25:10","modified_gmt":"2026-01-07T12:25:10","slug":"rusia-envia-buques-de-guerra-para-proteger-a-un-petrolero-perseguido-por-fuerzas-estadounidenses-que-en-el-pasado-transporto-crudo-venezolano","status":"publish","type":"post","link":"https:\/\/www.europesays.com\/es\/327726\/","title":{"rendered":"Rusia env\u00eda buques de guerra para proteger a un petrolero perseguido por fuerzas estadounidenses que en el pasado transport\u00f3 crudo venezolano"},"content":{"rendered":"<p><img fetchpriority=\"high\" decoding=\"async\" src=\"https:\/\/www.europesays.com\/es\/wp-content\/uploads\/2026\/01\/ee446c20-eba8-11f0-b28e-9b17195bb0de.jpg.webp.webp\"   alt=\"Imagen del Bella 1. Es un buque viejo. \" loading=\"eager\" width=\"976\" height=\"549\" style=\"aspect-ratio:976 \/ 549\" class=\"css-1seqhu9\"\/><\/p>\n<p class=\"css-by8ykd\" role=\"text\">Fuente de la imagen, Hakon Rimmereid via Reuters<\/p>\n<p>Pie de foto, El Bella 1 cambi\u00f3 recientemente su nombre a Marinera. <strong id=\"article-byline\" aria-hidden=\"true\" class=\"css-2ozlq5\">Informaci\u00f3n del art\u00edculo<\/strong><\/p>\n<ul class=\"css-1dlgp3z\">\n<li class=\"css-1s1df59\">\n<ul role=\"list\" class=\"css-z50d25\">\n<li class=\"css-0\">Autor, Patrick Jackson y Kayleen Devlin<\/li>\n<li class=\"css-k1irjw\">T\u00edtulo del autor,  BBC Verify <\/li>\n<\/ul>\n<\/li>\n<li>7 enero 2026, 08:33 GMT\n<p>Actualizado 25 minutos<\/p>\n<\/li>\n<li>\n<p>Tiempo de lectura: 5 min<\/p>\n<\/li>\n<\/ul>\n<p dir=\"ltr\" class=\"css-s4cjt0 e1yuyadm0\"><b>Rusia despleg\u00f3 efectivos navales para escoltar un petrolero que tambi\u00e9n est\u00e1 siendo perseguido por fuerzas estadounidenses a trav\u00e9s del Atl\u00e1ntico, seg\u00fan inform\u00f3 CBS News, socio medi\u00e1tico de la BBC en Estados Unidos.<\/b><\/p>\n<p dir=\"ltr\" class=\"css-s4cjt0 e1yuyadm0\">El barco, que actualmente no lleva cargamento, hist\u00f3ricamente transport\u00f3 crudo venezolano y se cre\u00eda que se encontraba entre Escocia e Islandia el martes.<\/p>\n<p dir=\"ltr\" class=\"css-s4cjt0 e1yuyadm0\">El presidente Donald Trump orden\u00f3 el pasado mes un \u00abbloqueo\u00bb de los petroleros sancionados que entran y salen de Venezuela, una medida calificada como \u00abrobo\u00bb por las autoridades venezolanas.<\/p>\n<p dir=\"ltr\" class=\"css-s4cjt0 e1yuyadm0\">Antes de la captura del presidente Nicol\u00e1s Maduro por parte de Estados Unidos ocurrida el s\u00e1bado, Trump acus\u00f3 repetidamente al gobierno del pa\u00eds sudamericano de utilizar barcos para introducir drogas en suelo estadounidense.<\/p>\n<p dir=\"ltr\" class=\"css-s4cjt0 e1yuyadm0\">La Guardia Costera de EE.UU. intent\u00f3 abordar el Bella 1 el mes pasado en el Caribe cuando se cre\u00eda que se dirig\u00eda hacia Venezuela. Ten\u00eda una orden judicial para incautar el barco, acusado de infringir las sanciones estadounidenses y transportar petr\u00f3leo iran\u00ed.<\/p>\n<p dir=\"ltr\" class=\"css-s4cjt0 e1yuyadm0\">Luego cambi\u00f3 dr\u00e1sticamente de rumbo (as\u00ed como de nombre a Marinera) y, seg\u00fan se informa, cambi\u00f3 de bandera de guyanesa a rusa.<\/p>\n<p dir=\"ltr\" class=\"css-s4cjt0 e1yuyadm0\">Su aproximaci\u00f3n a Europa coincidi\u00f3 con la llegada de unos 10 aviones de transporte militar estadounidenses, as\u00ed como helic\u00f3pteros.<\/p>\n<p dir=\"ltr\" class=\"css-s4cjt0 e1yuyadm0\">Rusia afirma estar \u00abmonitoreando con preocupaci\u00f3n\u00bb la situaci\u00f3n en torno al buque.<\/p>\n<p dir=\"ltr\" class=\"css-s4cjt0 e1yuyadm0\">Dos funcionarios estadounidenses declararon a CBS News el martes que las fuerzas estadounidenses planeaban abordar el buque y que Washington prefer\u00eda incautarlo antes que hundirlo.<\/p>\n<p dir=\"ltr\" class=\"css-s4cjt0 e1yuyadm0\">BBC Verify analiz\u00f3 im\u00e1genes publicadas por Russia Today, supuestamente tomadas a bordo de un petrolero, que muestran un barco a lo lejos que coincide con el perfil de un guardacostas clase Legend de la Guardia Costera estadounidense.<\/p>\n<p dir=\"ltr\" class=\"css-s4cjt0 e1yuyadm0\">Tambi\u00e9n ha estado monitoreando la \u00faltima ubicaci\u00f3n reportada del Marinera. <\/p>\n<p dir=\"ltr\" class=\"css-s4cjt0 e1yuyadm0\">Seg\u00fan los datos de ubicaci\u00f3n AIS de la plataforma de seguimiento de barcos Marine Traffic, su ubicaci\u00f3n el martes por la ma\u00f1ana era en el Oc\u00e9ano Atl\u00e1ntico Norte, a unos 300 km al sur de la costa de Islandia.<\/p>\n<p dir=\"ltr\" class=\"css-s4cjt0 e1yuyadm0\">Datos previos del AIS sugieren que se dirigi\u00f3 hacia el norte, pasando por la costa occidental de Reino Unido durante los \u00faltimos dos d\u00edas.<\/p>\n<p dir=\"ltr\" class=\"css-s4cjt0 e1yuyadm0\">Tambi\u00e9n el martes, el Comando Sur del ej\u00e9rcito estadounidense public\u00f3 en redes sociales que \u00abcontin\u00faa dispuesto a apoyar a nuestras agencias gubernamentales asociadas en la lucha contra los buques y actores sancionados que transitan por esta regi\u00f3n\u00bb.<\/p>\n<p dir=\"ltr\" class=\"css-s4cjt0 e1yuyadm0\">\u00abNuestros servicios mar\u00edtimos est\u00e1n vigilantes, \u00e1giles y preparados para rastrear buques de inter\u00e9s\u00bb. Cuando llegue la llamada, all\u00ed estaremos\u00bb.<\/p>\n<p><img decoding=\"async\" src=\"https:\/\/www.europesays.com\/es\/wp-content\/uploads\/2026\/01\/50b74b50-ebab-11f0-b5f7-49f0357294ff.png.webp.webp\"   alt=\"mapa que muestra la posible ubicaci\u00f3n del marinera entre islandia y escocia. \" loading=\"lazy\" width=\"1600\" height=\"1290\" style=\"aspect-ratio:1600 \/ 1290\" class=\"css-1seqhu9\"\/><\/p>\n<p>El cambio a bandera rusa<\/p>\n<p dir=\"ltr\" class=\"css-s4cjt0 e1yuyadm0\">Antes de que se lance cualquier operaci\u00f3n militar desde Estados Unidos, se espera que dicho pa\u00eds informe a su aliado Reino Unido.<\/p>\n<p dir=\"ltr\" class=\"css-s4cjt0 e1yuyadm0\">Por ahora, el Ministerio de Defensa brit\u00e1nico dice que no har\u00e1 comentarios sobre las actividades militares de otras naciones.<\/p>\n<p dir=\"ltr\" class=\"css-s4cjt0 e1yuyadm0\">Los funcionarios citados por CBS sugirieron que Estados Unidos podr\u00eda realizar una operaci\u00f3n como la del mes pasado, cuando los Marines y las fuerzas de operaciones especiales estadounidenses, en colaboraci\u00f3n con la Guardia Costera, incautaron The Skipper, un gran petrolero con bandera de Guyana, despu\u00e9s de que el buque zarpara del puerto de Venezuela.<\/p>\n<p dir=\"ltr\" class=\"css-s4cjt0 e1yuyadm0\">Seg\u00fan el derecho internacional, los buques que enarbolan la bandera de un pa\u00eds est\u00e1n bajo la protecci\u00f3n de dicha naci\u00f3n, pero Dimitris Ampatzidis, analista s\u00e9nior de Riesgos y Cumplimiento de la firma de inteligencia mar\u00edtima Kpler, declar\u00f3 a BBC Verify que un nuevo nombre y bandera del buque podr\u00eda no suponer un gran cambio.<\/p>\n<p dir=\"ltr\" class=\"css-s4cjt0 e1yuyadm0\">\u00abLa acci\u00f3n de EE.UU. se basa en la identidad subyacente del buque [n\u00famero OMI], sus redes de propiedad\/control y su historial de sanciones, no en sus marcas pintadas ni en la reivindicaci\u00f3n de la bandera\u00bb, afirm\u00f3.<\/p>\n<p><img decoding=\"async\" src=\"https:\/\/www.europesays.com\/es\/wp-content\/uploads\/2026\/01\/cb3a5da0-eba0-11f0-b28e-9b17195bb0de.jpg.webp.webp\"   alt=\"Imagen de donald trump. Viste un traje azul y corbata del mismo color. Est\u00e1 de pie, con rostro serio. \" loading=\"lazy\" width=\"1024\" height=\"576\" style=\"aspect-ratio:1024 \/ 576\" class=\"css-1seqhu9\"\/><\/p>\n<p class=\"css-by8ykd\" role=\"text\">Fuente de la imagen, Getty Images<\/p>\n<p>Pie de foto, El presidente Donald Trump orden\u00f3 el pasado mes un \u00abbloqueo\u00bb de los petroleros sancionados que entran y salen de Venezuela. <\/p>\n<p dir=\"ltr\" class=\"css-s4cjt0 e1yuyadm0\">Ampatzidis a\u00f1adi\u00f3 que el cambio al registro ruso podr\u00eda causar \u00abfricciones diplom\u00e1ticas\u00bb, pero no detendr\u00eda ninguna acci\u00f3n coercitiva de EE.UU.<\/p>\n<p dir=\"ltr\" class=\"css-s4cjt0 e1yuyadm0\">Por su parte, Michelle Bockmann, analista de inteligencia mar\u00edtima de Windward, afirm\u00f3 que cambiar a un registro ruso podr\u00eda complicar las medidas de control de Estados Unidos.<\/p>\n<p dir=\"ltr\" class=\"css-s4cjt0 e1yuyadm0\">\u00abEn virtud de la Convenci\u00f3n de las Naciones Unidas sobre el Derecho del Mar, existe una disposici\u00f3n que permite que las autoridades aborden un buque ap\u00e1trida. Al cambiar a bandera rusa, el buque ya no puede ser abordado en virtud de esta disposici\u00f3n\u00bb, explic\u00f3.<\/p>\n<p dir=\"ltr\" class=\"css-s4cjt0 e1yuyadm0\">\u00abActualmente, nuestro buque navega en aguas internacionales del Atl\u00e1ntico Norte bajo la bandera estatal de la Federaci\u00f3n Rusa y en pleno cumplimiento de las normas del derecho mar\u00edtimo internacional\u00bb, declar\u00f3 el Ministerio de Asuntos Exteriores ruso.<\/p>\n<p dir=\"ltr\" class=\"css-s4cjt0 e1yuyadm0\">\u00abPor razones que desconocemos, el buque ruso est\u00e1 recibiendo una atenci\u00f3n cada vez mayor y claramente desproporcionada por parte de las fuerzas armadas de Estados Unidos y la OTAN, a pesar de su car\u00e1cter pac\u00edfico\u00bb, declar\u00f3.<\/p>\n<p dir=\"ltr\" class=\"css-s4cjt0 e1yuyadm0\">\u00abEsperamos que los pa\u00edses occidentales, que declaran su compromiso con la libertad de navegaci\u00f3n en alta mar, comiencen a adherirse a este principio\u00bb.<\/p>\n<p dir=\"ltr\" class=\"css-s4cjt0 e1yuyadm0\">La controversia por el petrolero se produce d\u00edas despu\u00e9s de que Estados Unidos conmocionara al mundo con la captura de Maduro en la capital, Caracas. Objetivos en la ciudad fueron bombardeados durante la operaci\u00f3n para arrestarlo a \u00e9l y a su esposa, bajo acusaciones de supuestos delitos relacionados con armas y drogas.<\/p>\n<p><img decoding=\"async\" src=\"https:\/\/www.europesays.com\/es\/wp-content\/uploads\/2026\/01\/f848bf90-eb9f-11f0-b385-5f48925de19a.jpg.webp.webp\"   alt=\"l\u00ednea gris que separa el texto \" loading=\"lazy\" width=\"800\" height=\"100\" style=\"aspect-ratio:800 \/ 100\" class=\"css-1seqhu9\"\/><\/p>\n","protected":false},"excerpt":{"rendered":"Fuente de la imagen, Hakon Rimmereid via Reuters Pie de foto, El Bella 1 cambi\u00f3 recientemente su nombre&hellip;\n","protected":false},"author":2,"featured_media":327727,"comment_status":"","ping_status":"","sticky":false,"template":"","format":"standard","meta":{"footnotes":""},"categories":[42],"tags":[17,18,13,14,11,61,62,63,64,19,20,9,10,15,16,12,21,22,65,66,67],"class_list":{"0":"post-327726","1":"post","2":"type-post","3":"status-publish","4":"format-standard","5":"has-post-thumbnail","7":"category-internacional","8":"tag-breaking-news","9":"tag-breakingnews","10":"tag-featured-news","11":"tag-featurednews","12":"tag-headlines","13":"tag-internacional","14":"tag-international","15":"tag-international-news","16":"tag-internationalnews","17":"tag-latest-news","18":"tag-latestnews","19":"tag-news","20":"tag-noticias","21":"tag-noticias-destacadas","22":"tag-noticiasdestacadas","23":"tag-titulares","24":"tag-ultimas-noticias","25":"tag-ultimasnoticias","26":"tag-world","27":"tag-world-news","28":"tag-worldnews"},"share_on_mastodon":{"url":"https:\/\/pubeurope.com\/@es\/115853808490934219","error":""},"_links":{"self":[{"href":"https:\/\/www.europesays.com\/es\/wp-json\/wp\/v2\/posts\/327726","targetHints":{"allow":["GET"]}}],"collection":[{"href":"https:\/\/www.europesays.com\/es\/wp-json\/wp\/v2\/posts"}],"about":[{"href":"https:\/\/www.europesays.com\/es\/wp-json\/wp\/v2\/types\/post"}],"author":[{"embeddable":true,"href":"https:\/\/www.europesays.com\/es\/wp-json\/wp\/v2\/users\/2"}],"replies":[{"embeddable":true,"href":"https:\/\/www.europesays.com\/es\/wp-json\/wp\/v2\/comments?post=327726"}],"version-history":[{"count":0,"href":"https:\/\/www.europesays.com\/es\/wp-json\/wp\/v2\/posts\/327726\/revisions"}],"wp:featuredmedia":[{"embeddable":true,"href":"https:\/\/www.europesays.com\/es\/wp-json\/wp\/v2\/media\/327727"}],"wp:attachment":[{"href":"https:\/\/www.europesays.com\/es\/wp-json\/wp\/v2\/media?parent=327726"}],"wp:term":[{"taxonomy":"category","embeddable":true,"href":"https:\/\/www.europesays.com\/es\/wp-json\/wp\/v2\/categories?post=327726"},{"taxonomy":"post_tag","embeddable":true,"href":"https:\/\/www.europesays.com\/es\/wp-json\/wp\/v2\/tags?post=327726"}],"curies":[{"name":"wp","href":"https:\/\/api.w.org\/{rel}","templated":true}]}}