{"id":327759,"date":"2026-01-07T12:49:11","date_gmt":"2026-01-07T12:49:11","guid":{"rendered":"https:\/\/www.europesays.com\/es\/327759\/"},"modified":"2026-01-07T12:49:11","modified_gmt":"2026-01-07T12:49:11","slug":"portal-de-noticias-del-gobierno-de-canarias-443","status":"publish","type":"post","link":"https:\/\/www.europesays.com\/es\/327759\/","title":{"rendered":"Portal de Noticias del Gobierno de Canarias"},"content":{"rendered":"<blockquote>\n<p>La subvenci\u00f3n al Ayuntamiento de Santa Cruz de La Palma permitir\u00e1 adaptar la cubierta del terrero de lucha de Mirca y dotarlo de una instalaci\u00f3n fotovoltaica de 30 m\u00f3dulos y una producci\u00f3n energ\u00e9tica superior a los 19.800 kWh al a\u00f1o<\/p>\n<p>El proyecto reforzar\u00e1 un equipamiento clave para la pr\u00e1ctica de la lucha canaria y supondr\u00e1 un importante ahorro econ\u00f3mico y energ\u00e9tico con la reducci\u00f3n de m\u00e1s de 8,5 toneladas de CO\u2082 anuales<\/p>\n<\/blockquote>\n<p>La Consejer\u00eda de Transici\u00f3n Ecol\u00f3gica y Energ\u00eda del Gobierno de Canarias, encabezada por Mariano H. Zapata, ha concedido una subvenci\u00f3n al Ayuntamiento de Santa Cruz de La Palma por importe de 296.783 euros para llevar a cabo la adaptaci\u00f3n de la cubierta del Terrero de Lucha Antonio Pi\u00f1ero Concepci\u00f3n, ubicado en el barrio de Mirca, y la colocaci\u00f3n de placas fotovoltaicas.<\/p>\n<p>El consejero de Transici\u00f3n Ecol\u00f3gica y Energ\u00eda, Mariano Hern\u00e1ndez Zapata, destac\u00f3 que esta actuaci\u00f3n \u201cpermite avanzar en la mejora de la eficiencia energ\u00e9tica de infraestructuras p\u00fablicas, al tiempo que apostamos de forma decidida por la integraci\u00f3n de energ\u00edas renovables en espacios muy vinculados a la identidad y la vida social de nuestros municipios\u201d.<\/p>\n<p>En este sentido, subray\u00f3 que \u201cla lucha canaria forma parte de nuestro patrimonio cultural y merece contar con instalaciones modernas, eficientes y adaptadas a los retos energ\u00e9ticos actuales\u201d. Adem\u00e1s, destac\u00f3 que \u201cla isla de La Palma es la m\u00e1s rezagada en cuanto a implantaci\u00f3n de energ\u00edas renovables, por lo que estos proyectos vienen a incrementar su independencia energ\u00e9tica\u201d.<\/p>\n<p>Por su parte, el alcalde de Santa Cruz de La Palma, Asier Antona, agradeci\u00f3 el respaldo de la Consejer\u00eda liderada por Mariano Zapata y se\u00f1al\u00f3 que \u201cesta subvenci\u00f3n supone una mejora muy importante para un equipamiento deportivo y social clave para el barrio de Mirca y para todo el municipio\u201d. Antona a\u00f1adi\u00f3 que \u201cla adaptaci\u00f3n del terrero y la incorporaci\u00f3n de placas fotovoltaicas no solo mejorar\u00e1n las condiciones del edificio, sino que tambi\u00e9n generar\u00e1n un ahorro econ\u00f3mico a medio y largo plazo, permitiendo destinar m\u00e1s recursos a otras necesidades de la ciudad\u201d.<\/p>\n<p>Asimismo, el presidente del Club de Lucha Candelaria, Antonio Pi\u00f1ero Concepci\u00f3n, m\u00e1s conocido como \u201cJalisco\u201d, se sum\u00f3 al agradecimiento del alcalde por esta actuaci\u00f3n y se\u00f1al\u00f3 que \u201cpara el club y para toda la afici\u00f3n es una gran alegr\u00eda que se apueste por mejorar y poner en buenas condiciones unas instalaciones que son fundamentales para la lucha canaria\u201d, destacando que \u201ccontar con un terrero cuidado y adaptado es clave para que nuestros luchadores y luchadoras puedan entrenar y competir con seguridad, y para seguir defendiendo y dando futuro a nuestros deportes vern\u00e1culos, que forman parte de la identidad y la tradici\u00f3n de La Palma y de Canarias\u201d.<\/p>\n<p>La actuaci\u00f3n en detalle<\/p>\n<p>El proyecto tiene como objetivo mejorar t\u00e9cnicamente la cubierta del edificio, adecu\u00e1ndola para la instalaci\u00f3n de la infraestructura fotovoltaica, lo que permitir\u00e1 reducir el consumo energ\u00e9tico convencional, generar energ\u00eda limpia y disminuir los costes asociados al suministro el\u00e9ctrico.<\/p>\n<p>En concreto, est\u00e1 prevista la instalaci\u00f3n de 30 m\u00f3dulos de 545W, por lo que se estima una producci\u00f3n energ\u00e9tica superior a los 19.800 kWh al a\u00f1o. Con ello, se podr\u00e1n cubrir la mayor parte de los consumos de la instalaci\u00f3n y lograr la reducci\u00f3n de m\u00e1s de 8,5 toneladas de CO\u2082 anuales.<\/p>\n<p>Adem\u00e1s, esta actuaci\u00f3n contribuir\u00e1 a incrementar la calidad ambiental del entorno, aline\u00e1ndose con los objetivos de descarbonizaci\u00f3n y transici\u00f3n energ\u00e9tica que impulsa el Ejecutivo auton\u00f3mico.<br \/>Esta no se trata de la \u00fanica subvenci\u00f3n que ha destinado la Consejer\u00eda a este tipo de espacios, que ya el pasado a\u00f1o subvencion\u00f3 con 85.000 euros de fondos Next Generation al Ayuntamiento de Los Llanos de Aridane para instalar 90 paneles solares terrero de lucha canaria del complejo deportivo Llano Tesa.<\/p>\n","protected":false},"excerpt":{"rendered":"La subvenci\u00f3n al Ayuntamiento de Santa Cruz de La Palma permitir\u00e1 adaptar la cubierta del terrero de lucha&hellip;\n","protected":false},"author":2,"featured_media":327760,"comment_status":"","ping_status":"","sticky":false,"template":"","format":"standard","meta":{"footnotes":""},"categories":[8],"tags":[17,18,25,24,13,14,11,19,20,9,10,15,16,23,12,21,22],"class_list":{"0":"post-327759","1":"post","2":"type-post","3":"status-publish","4":"format-standard","5":"has-post-thumbnail","7":"category-espana","8":"tag-breaking-news","9":"tag-breakingnews","10":"tag-es","11":"tag-espana","12":"tag-featured-news","13":"tag-featurednews","14":"tag-headlines","15":"tag-latest-news","16":"tag-latestnews","17":"tag-news","18":"tag-noticias","19":"tag-noticias-destacadas","20":"tag-noticiasdestacadas","21":"tag-spain","22":"tag-titulares","23":"tag-ultimas-noticias","24":"tag-ultimasnoticias"},"share_on_mastodon":{"url":"https:\/\/pubeurope.com\/@es\/115853902776808190","error":""},"_links":{"self":[{"href":"https:\/\/www.europesays.com\/es\/wp-json\/wp\/v2\/posts\/327759","targetHints":{"allow":["GET"]}}],"collection":[{"href":"https:\/\/www.europesays.com\/es\/wp-json\/wp\/v2\/posts"}],"about":[{"href":"https:\/\/www.europesays.com\/es\/wp-json\/wp\/v2\/types\/post"}],"author":[{"embeddable":true,"href":"https:\/\/www.europesays.com\/es\/wp-json\/wp\/v2\/users\/2"}],"replies":[{"embeddable":true,"href":"https:\/\/www.europesays.com\/es\/wp-json\/wp\/v2\/comments?post=327759"}],"version-history":[{"count":0,"href":"https:\/\/www.europesays.com\/es\/wp-json\/wp\/v2\/posts\/327759\/revisions"}],"wp:featuredmedia":[{"embeddable":true,"href":"https:\/\/www.europesays.com\/es\/wp-json\/wp\/v2\/media\/327760"}],"wp:attachment":[{"href":"https:\/\/www.europesays.com\/es\/wp-json\/wp\/v2\/media?parent=327759"}],"wp:term":[{"taxonomy":"category","embeddable":true,"href":"https:\/\/www.europesays.com\/es\/wp-json\/wp\/v2\/categories?post=327759"},{"taxonomy":"post_tag","embeddable":true,"href":"https:\/\/www.europesays.com\/es\/wp-json\/wp\/v2\/tags?post=327759"}],"curies":[{"name":"wp","href":"https:\/\/api.w.org\/{rel}","templated":true}]}}