{"id":327763,"date":"2026-01-07T12:55:08","date_gmt":"2026-01-07T12:55:08","guid":{"rendered":"https:\/\/www.europesays.com\/es\/327763\/"},"modified":"2026-01-07T12:55:08","modified_gmt":"2026-01-07T12:55:08","slug":"una-jugadora-disputa-un-torneo-profesional-y-no-sabe-ni-sacar","status":"publish","type":"post","link":"https:\/\/www.europesays.com\/es\/327763\/","title":{"rendered":"una jugadora disputa un torneo profesional&#8230; \u00a1Y no sabe ni sacar!"},"content":{"rendered":"<p class=\"ft-text\">El arranque de a\u00f1o ya ha dejado una de las im\u00e1genes m\u00e1s impactantes que se recuerdan en el tenis. <strong>Sucedi\u00f3 durante el W35 Nairobi, en la modalidad femenina y las protagonistas fueron las tenistas Hajar Abdelkader y Lorena Schaedel. Lo que en un inici\u00f3 pod\u00eda parecer un partido normal, se convirti\u00f3 en un bochornoso espect\u00e1culo. <\/strong><\/p>\n<p class=\"ft-text\">No es ning\u00fan secreto que en algunos ITF el sistema de invitaciones &#8216;wild car est\u00e1 menos controlado y hay m\u00e1s libertad que en los torneos ATP, y, de esta manera, se suele abrir la puerta a decisiones cuestionables. <strong>Sin embargo, rara vez se alcanza un nivel tan preocupante como el que ha supuesto la presencia de Hajar Abdelkader en el cuadro.<\/strong><\/p>\n<p class=\"ft-text\">La tenista egipcia protagoniz\u00f3 una actuaci\u00f3n dif\u00edcil de describir que provoc\u00f3 la verg\u00fcenza ajena de los espectadores. <strong>Su aportaci\u00f3n al marcador se limit\u00f3 pr\u00e1cticamente a tres puntos y realiz\u00f3 un total de 20 dobles faltas, algo com\u00fan en aquel que nunca ha cogido una raqueta de tenis en toda su vida. <\/strong><\/p>\n<p class=\"ft-text\">M\u00e1s all\u00e1 de lo puramente t\u00e9cnico en los golpes, en algunas im\u00e1genes del encuentro tambi\u00e9n se pudo ver como ten\u00eda problemas con las normas de este deporte: <strong>no parec\u00eda tener claros ni los conceptos m\u00e1s b\u00e1sicos del juego, hasta el punto de dudar sobre qu\u00e9 lado de la pista deb\u00eda ocupar para sacar y restar.<\/strong><\/p>\n<p class=\"ft-text\">Las im\u00e1genes del partido resultan tan ins\u00f3litas como inc\u00f3modas de ver. <strong>Movimientos descoordinados, gestos de absoluta confusi\u00f3n y una ejecuci\u00f3n t\u00e9cnica propia de alguien que se enfrenta por primera vez a una pista de tenis, no de una jugadora inscrita en un torneo profesional. <\/strong>Todo ello deja en evidencia una invitaci\u00f3n dif\u00edcilmente justificable y plantea preguntas inc\u00f3modas sobre los criterios que se est\u00e1n aplicando.<\/p>\n<p class=\"ft-text\"><strong>El torneo, por el momento, no ha dado ning\u00fan tipo de explicaciones sobre lo sucedido y tampoco la tenista egipcia Hajar Abdelkader ha roto su silencio. <\/strong><\/p>\n","protected":false},"excerpt":{"rendered":"El arranque de a\u00f1o ya ha dejado una de las im\u00e1genes m\u00e1s impactantes que se recuerdan en el&hellip;\n","protected":false},"author":2,"featured_media":327764,"comment_status":"","ping_status":"","sticky":false,"template":"","format":"standard","meta":{"footnotes":""},"categories":[274],"tags":[168,25,24,75734,23,167,327,326],"class_list":{"0":"post-327763","1":"post","2":"type-post","3":"status-publish","4":"format-standard","5":"has-post-thumbnail","7":"category-tenis","8":"tag-deportes","9":"tag-es","10":"tag-espana","11":"tag-hajar-abdelkader","12":"tag-spain","13":"tag-sports","14":"tag-tenis","15":"tag-tennis"},"share_on_mastodon":{"url":"https:\/\/pubeurope.com\/@es\/115853926497989190","error":""},"_links":{"self":[{"href":"https:\/\/www.europesays.com\/es\/wp-json\/wp\/v2\/posts\/327763","targetHints":{"allow":["GET"]}}],"collection":[{"href":"https:\/\/www.europesays.com\/es\/wp-json\/wp\/v2\/posts"}],"about":[{"href":"https:\/\/www.europesays.com\/es\/wp-json\/wp\/v2\/types\/post"}],"author":[{"embeddable":true,"href":"https:\/\/www.europesays.com\/es\/wp-json\/wp\/v2\/users\/2"}],"replies":[{"embeddable":true,"href":"https:\/\/www.europesays.com\/es\/wp-json\/wp\/v2\/comments?post=327763"}],"version-history":[{"count":0,"href":"https:\/\/www.europesays.com\/es\/wp-json\/wp\/v2\/posts\/327763\/revisions"}],"wp:featuredmedia":[{"embeddable":true,"href":"https:\/\/www.europesays.com\/es\/wp-json\/wp\/v2\/media\/327764"}],"wp:attachment":[{"href":"https:\/\/www.europesays.com\/es\/wp-json\/wp\/v2\/media?parent=327763"}],"wp:term":[{"taxonomy":"category","embeddable":true,"href":"https:\/\/www.europesays.com\/es\/wp-json\/wp\/v2\/categories?post=327763"},{"taxonomy":"post_tag","embeddable":true,"href":"https:\/\/www.europesays.com\/es\/wp-json\/wp\/v2\/tags?post=327763"}],"curies":[{"name":"wp","href":"https:\/\/api.w.org\/{rel}","templated":true}]}}