{"id":327767,"date":"2026-01-07T12:58:10","date_gmt":"2026-01-07T12:58:10","guid":{"rendered":"https:\/\/www.europesays.com\/es\/327767\/"},"modified":"2026-01-07T12:58:10","modified_gmt":"2026-01-07T12:58:10","slug":"sanchez-abalos-sanchez-pidio-ayuda-a-abalos-para-asegurar-el-liderazgo-de-morant-en-el-pspv-sabes-que-te-quiero-como-un-amigo","status":"publish","type":"post","link":"https:\/\/www.europesays.com\/es\/327767\/","title":{"rendered":"S\u00c1NCHEZ \u00c1BALOS | S\u00e1nchez pidi\u00f3 ayuda a \u00c1balos para asegurar el liderazgo de Morant en el PSPV: \u00abSabes que te quiero como un amigo\u00bb"},"content":{"rendered":"<p class=\"ft-text ft-helper-closenews\"><strong>Pedro S\u00e1nchez <\/strong>pidi\u00f3 ayuda a <strong>Jos\u00e9 Luis \u00c1balos <\/strong>para asegurar el liderazgo de Diana Morant al frente del PSPV. As\u00ed se desprende de unos mensajes de whatsapp intercambiados entre el presidente del Gobierno y secretario general del PSOE y su ex mano derecha en el partido durante el mes de enero de 2024, cuando el liderazgo al frente de la federaci\u00f3n valenciana de los socialistas todav\u00eda estaba en disputa entre Morant, Carlos Fern\u00e1ndez Bielsa<strong> <\/strong>y <strong>Alejandro <\/strong>Soler<strong>, <\/strong>a quien apoyaba el exministro <strong>tal y como queda demostrado por los mensajes publicados este mi\u00e9rcoles por Voz Populi. <\/strong><\/p>\n<p class=\"ft-text\">\u00abHola, Jos\u00e9 Luis,<strong>\u00a0<\/strong>no sab\u00eda que ibas a apoyar a Alejandro Soler. Un saludo\u00bb, se\u00f1ala uno de los mensajes enviados por S\u00e1nchez a \u00c1balos el 26 de enero de 2024 desvelados este mi\u00e9rcoles por Voz P\u00f3puli. Es el inicio de una conversaci\u00f3n que versa sobre la situaci\u00f3n org\u00e1nica del PSPV y la posible influencia del exministro en la que fue su federaci\u00f3n.\u00a0\u00abMe queda poco con qu\u00e9 ayudar y\u00a0<strong>la gente se ha repartido. Pero <\/strong>de todo lo que puedo informar y opinar<strong>\u00a0siempre le di cuenta a Santos<\/strong>\u00ab, le contesta \u00c1balos refiri\u00e9ndose al entonces secretario de Organizaci\u00f3n, <strong>Santos Cerd\u00e1n. <\/strong><\/p>\n<p><img decoding=\"async\" src=\"https:\/\/www.europesays.com\/es\/wp-content\/uploads\/2026\/01\/e573b1a1-a397-4cca-81b9-4c565c2aa9f6_alta-libre-aspect-ratio_default_0.jpg\" width=\"1200\" height=\"2295\" alt=\"Recreaci\u00f3n del intercambio de mensajes entre S\u00e1nchez y Abalos el 26 de enero.\" class=\"ft-helper-img-rd\" loading=\"lazy\"\/><\/p>\n<p class=\"ft-helper-fontColor-quaternary ft-helper-fontSize-body-S ft-helper-spacer-t-xxs\">Recreaci\u00f3n del intercambio de mensajes entre S\u00e1nchez y Abalos el 26 de enero de 2024.  \/ \u00cd. Roy<\/p>\n<p class=\"ft-text\">\u00c1balos entonces hab\u00eda perdido una parte importante del poder org\u00e1nico que hab\u00eda logrado acumular en su trayectoria interna dentro del PSPV. Sin embargo, queda patente que todav\u00eda contaba con un grupo lo suficientemente nutrido (destacaban cargos como el alcalde de Almussafes) como para que el presidente del Gobierno se preocupe por c\u00f3mo pod\u00eda influir en unas hipot\u00e9ticas primarias (que no se llegaron a celebrar) para las que hab\u00eda ungido a una de sus ministras.<\/p>\n<p class=\"ft-text\">Es por ello que inmediatamente despu\u00e9s el presidente del Gobierno le indica que es \u00abun error\u00bb ese apoyo a Soler as\u00ed como \u00abespecular, como como eseprecula (sic) a quien apoyas, que no durar\u00e9 hasta el 2027\u00bb, en referencia a unas supuestas declaraciones del dirigente alicantino de las que a \u00c1balos no le \u00abconsta\u00bb que haya dicho eso. \u00ab<strong>Y \u00e9l siempre ha estado dispuesto a apoyar a Diana\u00bb,<\/strong> a\u00f1ade el entonces diputado socialista. \u00abEn fin, no mareemos\u00bb, le replica S\u00e1nchez ante lo que \u00c1balos indica que Cerd\u00e1n le ha dicho que le llamara al d\u00eda siguiente. \u00abVamos a ver en qu\u00e9 se puede ayudar\u00bb, agrega el exministro.<\/p>\n<p class=\"ft-text\">Tras ese mensaje, en el que muestra su predisposici\u00f3n a ayudar, el presidente del Gobierno le indica: \u00abEs lo mejor, Jos\u00e9 Luis. <strong>Sabes que te quiero como un amigo<\/strong>. Pero m\u00e1s all\u00e1 de eso, en lo pol\u00edtico debemos estar unidos\u00bb. \u00abEn eso siempre he estado, pero has de saber que nadie me ha pedido ning\u00fan tipo de ayuda\u00bb, responde de nuevo el exministro. Es entonces cuando S\u00e1nchez le da la petici\u00f3n directa de ayuda. \u00abOk, pues te la pido yo\u00bb, indica el l\u00edder socialista a lo que \u00c1balos responde con un \u00abJejeje\u00bb y una emoticono de una cara sonriente. \u00abPues eso\u00bb, sentencia S\u00e1nchez.<\/p>\n<p>Un mes antes de su salida del partido<\/p>\n<p class=\"ft-text\">La conversaci\u00f3n se da el 26 de enero, esto es, cuando hay tres candidaturas encima de la mesa para dirigir el PSPV. Esta situaci\u00f3n, sin embargo, se acabar\u00e1 resolviendo cuatro d\u00edas despu\u00e9s en un encuentro entre los tres aspirantes (Morant, Bielsa y Soler) en Ferraz del que saldr\u00e1 el apoyo de los dos \u00faltimos a la ministra de Ciencia para convertirse en la nueva secretaria general, una responsabilidad que ha mantenido desde entonces y que revalid\u00f3 un a\u00f1o despu\u00e9s en el congreso de enero del a\u00f1o pasado en Val\u00e8ncia.<\/p>\n<p class=\"ft-text\">Los mensajes de S\u00e1nchez muestran la cercan\u00eda con quien hab\u00eda sido su mano derecha en el partido y el Gobierno. Son, adem\u00e1s, apenas un mes antes de que \u00c1balos fuera suspendido de militancia y expulsado al Grupo Mixto en el Congreso por la irrupci\u00f3n del caso Koldo. \u00c1balos mantiene casi dos a\u00f1os despu\u00e9s su esca\u00f1o, que obtuvo como n\u00famero dos de la lista del PSPV en la provincia de Valencia en las elecciones del 23 de julio de 2023, pese a estar en prisi\u00f3n preventiva, aunque el Congreso ya trabaja para quitarle sus prerrogativas como parlamentario.<\/p>\n<p data-close=\"closedContent\" class=\"subscribeHideForDisplay\">Suscr\u00edbete para seguir leyendo<\/p>\n","protected":false},"excerpt":{"rendered":"Pedro S\u00e1nchez pidi\u00f3 ayuda a Jos\u00e9 Luis \u00c1balos para asegurar el liderazgo de Diana Morant al frente del&hellip;\n","protected":false},"author":2,"featured_media":327768,"comment_status":"","ping_status":"","sticky":false,"template":"","format":"standard","meta":{"footnotes":""},"categories":[269],"tags":[32397,14415,3229,299,298,4334,12189,168,21756,25,24,2500,582,5610,75735,5611,3294,15562,11355,4165,12880,199,23,167],"class_list":{"0":"post-327767","1":"post","2":"type-post","3":"status-publish","4":"format-standard","5":"has-post-thumbnail","7":"category-baloncesto","8":"tag-abalos","9":"tag-asegurar","10":"tag-ayuda","11":"tag-baloncesto","12":"tag-basketball","13":"tag-caso-koldo","14":"tag-comunitat-valenciana","15":"tag-deportes","16":"tag-diana-morant","17":"tag-es","18":"tag-espana","19":"tag-federacion","20":"tag-gobierno","21":"tag-jose-luis-abalos","22":"tag-jose-luis-abalos-meco","23":"tag-koldo-garcia","24":"tag-le","25":"tag-liderazgo","26":"tag-morant","27":"tag-pidio","28":"tag-pspv","29":"tag-sanchez","30":"tag-spain","31":"tag-sports"},"share_on_mastodon":{"url":"https:\/\/pubeurope.com\/@es\/115853938178561154","error":""},"_links":{"self":[{"href":"https:\/\/www.europesays.com\/es\/wp-json\/wp\/v2\/posts\/327767","targetHints":{"allow":["GET"]}}],"collection":[{"href":"https:\/\/www.europesays.com\/es\/wp-json\/wp\/v2\/posts"}],"about":[{"href":"https:\/\/www.europesays.com\/es\/wp-json\/wp\/v2\/types\/post"}],"author":[{"embeddable":true,"href":"https:\/\/www.europesays.com\/es\/wp-json\/wp\/v2\/users\/2"}],"replies":[{"embeddable":true,"href":"https:\/\/www.europesays.com\/es\/wp-json\/wp\/v2\/comments?post=327767"}],"version-history":[{"count":0,"href":"https:\/\/www.europesays.com\/es\/wp-json\/wp\/v2\/posts\/327767\/revisions"}],"wp:featuredmedia":[{"embeddable":true,"href":"https:\/\/www.europesays.com\/es\/wp-json\/wp\/v2\/media\/327768"}],"wp:attachment":[{"href":"https:\/\/www.europesays.com\/es\/wp-json\/wp\/v2\/media?parent=327767"}],"wp:term":[{"taxonomy":"category","embeddable":true,"href":"https:\/\/www.europesays.com\/es\/wp-json\/wp\/v2\/categories?post=327767"},{"taxonomy":"post_tag","embeddable":true,"href":"https:\/\/www.europesays.com\/es\/wp-json\/wp\/v2\/tags?post=327767"}],"curies":[{"name":"wp","href":"https:\/\/api.w.org\/{rel}","templated":true}]}}