{"id":327788,"date":"2026-01-07T13:10:09","date_gmt":"2026-01-07T13:10:09","guid":{"rendered":"https:\/\/www.europesays.com\/es\/327788\/"},"modified":"2026-01-07T13:10:09","modified_gmt":"2026-01-07T13:10:09","slug":"2025-fue-el-ano-mas-calido-en-el-mar-del-norte-segun-agencia-alemana","status":"publish","type":"post","link":"https:\/\/www.europesays.com\/es\/327788\/","title":{"rendered":"2025 fue el a\u00f1o m\u00e1s c\u00e1lido en el mar del Norte, seg\u00fan agencia alemana"},"content":{"rendered":"<p>        Este contenido fue publicado en    <\/p>\n<p>        07 enero 2026 &#8211; 13:02\n<\/p>\n<p>El a\u00f1o 2025 fue el m\u00e1s c\u00e1lido jam\u00e1s registrado en el mar del Norte debido al cambio clim\u00e1tico, anunci\u00f3 el mi\u00e9rcoles la Oficina Alemana de Hidrograf\u00eda y Transporte Mar\u00edtimo, que mide este dato desde 1969.<\/p>\n<p>Las temperaturas de los mares de todo el planeta aumentan debido al cambio clim\u00e1tico. La tasa de calentamiento oce\u00e1nico se ha m\u00e1s que duplicado desde 1993, seg\u00fan el panel de expertos sobre el clima IPCC, creado en 1988 por la Organizaci\u00f3n Meteorol\u00f3gica Mundial y el Programa de Naciones Unidas para el Medio Ambiente.<\/p>\n<p>\u00abEn 2025, el Mar del Norte alcanz\u00f3 una temperatura media de 11,6 grados Celsius, el valor m\u00e1s alto registrado en la serie de datos desde 1969\u00bb, indic\u00f3 la Oficina BSH, en un comunicado.\u00a0<\/p>\n<p>\u00abEs una consecuencia evidente del cambio clim\u00e1tico progresivo\u00bb, a\u00f1adi\u00f3.<\/p>\n<p>El mar B\u00e1ltico tambi\u00e9n roz\u00f3 un r\u00e9cord en 2025, con una temperatura media anual de 9,7 grados Celsius, es decir 1,1 grados m\u00e1s que el promedio del periodo 1997-2021, seg\u00fan las mediciones del BSH.\u00a0<\/p>\n<p>\u00abEsto convierte a 2025 en el segundo a\u00f1o m\u00e1s c\u00e1lido para el mar B\u00e1ltico\u00bb desde que esta agencia registra datos. Solo 2020 super\u00f3 los grados, precis\u00f3.<\/p>\n<p>El presidente del BSH, Helge Heegewaldt, alert\u00f3 sobre las consecuencias del cambio clim\u00e1tico.<\/p>\n<p>\u00abAunque detuvi\u00e9ramos inmediatamente las emisiones de gases de efecto invernadero a escala mundial, el nivel del mar probablemente seguir\u00eda subiendo durante siglos\u00bb, dijo.\u00a0<\/p>\n<p>Por eso es importante \u00abhacer m\u00e1s por la protecci\u00f3n del clima\u00bb, insisti\u00f3.\u00a0<\/p>\n<p>jsk-clp\/bst\/giv\/erl\/mab<\/p>\n","protected":false},"excerpt":{"rendered":"Este contenido fue publicado en 07 enero 2026 &#8211; 13:02 El a\u00f1o 2025 fue el m\u00e1s c\u00e1lido jam\u00e1s&hellip;\n","protected":false},"author":2,"featured_media":327789,"comment_status":"","ping_status":"","sticky":false,"template":"","format":"standard","meta":{"footnotes":""},"categories":[80],"tags":[82,95,94,756,25,24,15535,7906,28133,23,90,10631,15537],"class_list":{"0":"post-327788","1":"post","2":"type-post","3":"status-publish","4":"format-standard","5":"has-post-thumbnail","7":"category-economia","8":"tag-business","9":"tag-economia","10":"tag-economy","11":"tag-environment","12":"tag-es","13":"tag-espana","14":"tag-global-change","15":"tag-natural-resources","16":"tag-oceans","17":"tag-spain","18":"tag-ticker","19":"tag-water","20":"tag-weather"},"share_on_mastodon":{"url":"https:\/\/pubeurope.com\/@es\/115853985283519710","error":""},"_links":{"self":[{"href":"https:\/\/www.europesays.com\/es\/wp-json\/wp\/v2\/posts\/327788","targetHints":{"allow":["GET"]}}],"collection":[{"href":"https:\/\/www.europesays.com\/es\/wp-json\/wp\/v2\/posts"}],"about":[{"href":"https:\/\/www.europesays.com\/es\/wp-json\/wp\/v2\/types\/post"}],"author":[{"embeddable":true,"href":"https:\/\/www.europesays.com\/es\/wp-json\/wp\/v2\/users\/2"}],"replies":[{"embeddable":true,"href":"https:\/\/www.europesays.com\/es\/wp-json\/wp\/v2\/comments?post=327788"}],"version-history":[{"count":0,"href":"https:\/\/www.europesays.com\/es\/wp-json\/wp\/v2\/posts\/327788\/revisions"}],"wp:featuredmedia":[{"embeddable":true,"href":"https:\/\/www.europesays.com\/es\/wp-json\/wp\/v2\/media\/327789"}],"wp:attachment":[{"href":"https:\/\/www.europesays.com\/es\/wp-json\/wp\/v2\/media?parent=327788"}],"wp:term":[{"taxonomy":"category","embeddable":true,"href":"https:\/\/www.europesays.com\/es\/wp-json\/wp\/v2\/categories?post=327788"},{"taxonomy":"post_tag","embeddable":true,"href":"https:\/\/www.europesays.com\/es\/wp-json\/wp\/v2\/tags?post=327788"}],"curies":[{"name":"wp","href":"https:\/\/api.w.org\/{rel}","templated":true}]}}