{"id":327810,"date":"2026-01-07T13:33:12","date_gmt":"2026-01-07T13:33:12","guid":{"rendered":"https:\/\/www.europesays.com\/es\/327810\/"},"modified":"2026-01-07T13:33:12","modified_gmt":"2026-01-07T13:33:12","slug":"avatar-3-y-la-asistenta-dan-a-la-taquilla-espanola-el-mejor-primer-fin-de-semana-del-ano-desde-2016","status":"publish","type":"post","link":"https:\/\/www.europesays.com\/es\/327810\/","title":{"rendered":"&#8216;Avatar 3&#8217; y &#8216;La asistenta&#8217; dan a la taquilla espa\u00f1ola el mejor primer fin de semana del a\u00f1o desde 2016"},"content":{"rendered":"<p>Tras un \u00faltimo fin de semana de 2025 de r\u00e9cord, 2026 ha empezado igual de bien. Con <strong>10,25 millones de euros<\/strong> recaudados del 2 al 4 de enero seg\u00fan datos de Comscore, estamos hablando <strong>del primer fin de semana m\u00e1s taquillero desde 2016<\/strong>.<\/p>\n<p>Si lo comparamos con el primer fin de semana de 2025, los ingresos han aumentado un 55%, unos n\u00fameros de otra era que parec\u00edan muy dif\u00edciles de traer de vuelta. Mucho se lo debemos a &#8216;<a href=\"https:\/\/www.ecartelera.com\/peliculas\/avatar-3\/\" data-mention-type=\"pelicula\" data-mention-id=\"10676\" rel=\"nofollow noopener\" target=\"_blank\">Avatar: Fuego y ceniza<\/a>&#8216;, que <strong>en su tercer fin de semana suma otros 3,86 millones de euros<\/strong> con un descenso de apenas el 28% a pesar de ser una pel\u00edcula de m\u00e1s de tres horas de duraci\u00f3n.<\/p>\n<p>Tr\u00e1iler final &#8216;Avatar: Fuego y ceniza&#8217;<\/p>\n<p><video id=\"vid-36045\" class=\"video-js vjs-default-skin\" data-title=\"Tr\u00e1iler final 'Avatar: Fuego y ceniza'\" poster=\"https:\/\/www.ecartelera.com\/images\/videos\/36000\/f36045.jpg\" controls=\"\" preload=\"auto\" width=\"640\" height=\"360\" playsinline=\"\" data-vtt=\"\/\/v1.ecartelera.com\/video\/36000\/36045_sprite.vtt\" data-stream=\"1\">El navegador no soporta el tag de v\u00eddeo.<\/video><\/p>\n<p>X<\/p>\n<p>El acumulado ya supera los 22,5 millones, y aunque alcanzar los casi 50 de &#8216;<a href=\"https:\/\/www.ecartelera.com\/peliculas\/avatar-2\/\" data-mention-type=\"pelicula\" data-mention-id=\"4261\" rel=\"nofollow noopener\" target=\"_blank\">Avatar: El sentido del agua<\/a>&#8216; parece imposible, en unos pocos d\u00edas se convertir\u00e1 en <strong>la pel\u00edcula m\u00e1s taquillera de 2025 en Espa\u00f1a<\/strong>. Su objetivo ahora debe ser colarse en el top 10 hist\u00f3rico en nuestro pa\u00eds  (&#8216;<a href=\"https:\/\/www.ecartelera.com\/peliculas\/barbie-2017\/\" data-mention-type=\"pelicula\" data-mention-id=\"11597\" rel=\"nofollow noopener\" target=\"_blank\">Barbie<\/a>&#8216; es la d\u00e9cima con 33,58 millones).<\/p>\n<p>Dec\u00edamos que mucho de este fin de semana de r\u00e9cord se lo debemos a &#8216;Avatar: Fuego y ceniza&#8217;, pero <strong>la otra gran valedora es &#8216;<a href=\"https:\/\/www.ecartelera.com\/peliculas\/la-asistenta\/\" data-mention-type=\"pelicula\" data-mention-id=\"19481\" rel=\"nofollow noopener\" target=\"_blank\">La asistenta<\/a>&#8216;, que arrasa con 2,12 millones de euros<\/strong> en su debut y 6.654\u20ac de media por cine. Excelentes datos para la adaptaci\u00f3n de la famosa novela de Freida McFadden que est\u00e1 funcionando igual de bien en todo el mundo.<\/p>\n<p>\t\t\t\t\t\t\t<img decoding=\"async\" loading=\"lazy\" src=\"https:\/\/www.europesays.com\/es\/wp-content\/uploads\/2026\/01\/245324_la-asistenta.jpg\" alt=\"'La asistenta' ha debutado por todo lo alto\" width=\"1200\" height=\"675\"\/><\/p>\n<p>\t\t\t\t\t\t&#8216;La asistenta&#8217; ha debutado por todo lo alto (Diamond Films)<\/p>\n<p>Mucho m\u00e9rito tiene tambi\u00e9n &#8216;<a href=\"https:\/\/www.ecartelera.com\/peliculas\/zootropolis-2\/\" data-mention-type=\"pelicula\" data-mention-id=\"19152\" rel=\"nofollow noopener\" target=\"_blank\">Zootr\u00f3polis 2<\/a>&#8216;, que ha sabido aprovechar a la perfecci\u00f3n las fiestas navide\u00f1as. <strong>En su sexta semana en taquilla la secuela de animaci\u00f3n se mantiene por encima del mill\u00f3n<\/strong> (1,19 millones) y experimenta una min\u00fascula ca\u00edda del 16%. Posiblemente el pr\u00f3ximo fin de semana notar\u00e1 la vuelta al cole, pero para entonces ya estar\u00e1 por encima de los 16 millones de euros, batiendo a cl\u00e1sicos Disney como &#8216;<a href=\"https:\/\/www.ecartelera.com\/peliculas\/frozen\/\" data-mention-type=\"pelicula\" data-mention-id=\"4952\" rel=\"nofollow noopener\" target=\"_blank\">Frozen: El reino del hielo<\/a>&#8216;.<\/p>\n<p>En cuarta posici\u00f3n nos encontramos el primer estreno espa\u00f1ol del top 10, <strong>&#8216;<a href=\"https:\/\/www.ecartelera.com\/peliculas\/abuela-tremenda\/\" data-mention-type=\"pelicula\" data-mention-id=\"19732\" rel=\"nofollow noopener\" target=\"_blank\">Abuela tremenda<\/a>&#8216;, que logra 733.430\u20ac<\/strong>, una cifra que en muchas otras semanas le habr\u00eda permitido estar en el podio, si no en todo lo alto. Con el paso de los d\u00edas, la cinta protagonizada por <a href=\"https:\/\/www.ecartelera.com\/personas\/elena-irureta\/\" data-mention-type=\"persona\" data-mention-id=\"8618\" rel=\"nofollow noopener\" target=\"_blank\">Elena Irureta<\/a> y <a href=\"https:\/\/www.ecartelera.com\/personas\/toni-acosta\/\" data-mention-type=\"persona\" data-mention-id=\"11933\" rel=\"nofollow noopener\" target=\"_blank\">Toni Acosta<\/a> es <strong>la primera pel\u00edcula espa\u00f1ola del a\u00f1o en superar el mill\u00f3n de euros<\/strong>. Ha llegado pronto esta vez.<\/p>\n<p>\t\t\t\t\t\t\t<img decoding=\"async\" loading=\"lazy\" src=\"https:\/\/www.europesays.com\/es\/wp-content\/uploads\/2026\/01\/249546_abuela-tremenda.jpg\" alt=\"'Abuela tremenda' es la primera pel\u00edcula espa\u00f1ola de 2026 en superar el mill\u00f3n de recaudaci\u00f3n \" width=\"1200\" height=\"840\"\/><\/p>\n<p>\t\t\t\t\t\t&#8216;Abuela tremenda&#8217; es la primera pel\u00edcula espa\u00f1ola de 2026 en superar el mill\u00f3n de recaudaci\u00f3n  (Buena Vista Internacional)<\/p>\n<p>El quinto puesto del ranking es para<strong> &#8216;<a href=\"https:\/\/www.ecartelera.com\/peliculas\/bob-esponja-una-aventura-pirata\/\" data-mention-type=\"pelicula\" data-mention-id=\"19339\" rel=\"nofollow noopener\" target=\"_blank\">Bob Esponja: Una aventura pirata<\/a>&#8216; (391.956\u20ac)<\/strong>, que al igual que &#8216;Zootr\u00f3polis 2&#8217; ha tenido una gran acogida en salas en parte por las fechas en las que estamos. \u00bfHabr\u00eda sido capaz en otro mes de recaudar m\u00e1s de 1,5 millones de euros en apenas dos semanas?<\/p>\n<p>Le sigue &#8216;<a href=\"https:\/\/www.ecartelera.com\/peliculas\/rondallas\/\" data-mention-type=\"pelicula\" data-mention-id=\"19629\" rel=\"nofollow noopener\" target=\"_blank\">Rondallas<\/a>&#8216;, el otro estreno espa\u00f1ol destacado, que <strong>debe conformarse con 339.529\u20ac<\/strong>. No obstante, las buenas cr\u00edticas y la tem\u00e1tica le har\u00e1n aumentar la cifra entre semana, sobre todo en el martes senior.<\/p>\n<p>Como dec\u00edamos antes, solo la Navidad y el tipo de p\u00fablico que va al cine estas semanas explica que la pel\u00edcula de &#8216;Bob Esponja&#8217; supere en el total a &#8216;<a href=\"https:\/\/www.ecartelera.com\/peliculas\/anaconda-2025\/\" data-mention-type=\"pelicula\" data-mention-id=\"19485\" rel=\"nofollow noopener\" target=\"_blank\">Anaconda<\/a>&#8216; habi\u00e9ndose estrenado a la vez. Aun as\u00ed no deber\u00e1n estar muy contentos en Sony, que ven c\u00f3mo <strong>su propuesta cae un 47% en su segunda semana<\/strong> y se queda en s\u00e9ptimo lugar con 306.553\u20ac.<\/p>\n<p>Tampoco ha salido como esperaba el debut de &#8216;<a href=\"https:\/\/www.ecartelera.com\/peliculas\/el-medico-2\/\" data-mention-type=\"pelicula\" data-mention-id=\"19652\" rel=\"nofollow noopener\" target=\"_blank\">El m\u00e9dico 2<\/a>&#8216;. La secuela de &#8216;<a href=\"https:\/\/www.ecartelera.com\/peliculas\/el-medico\/\" data-mention-type=\"pelicula\" data-mention-id=\"7138\" rel=\"nofollow noopener\" target=\"_blank\">El m\u00e9dico<\/a>&#8216;, que triunf\u00f3 all\u00e1 por 2013 en Espa\u00f1a con 7 millones de euros, <strong>ha iniciado su recorrido en salas con unos decepcionantes 248.329\u20ac<\/strong>. Los 13 a\u00f1os de diferencia entre una entrega y otra le han pasado factura.<\/p>\n<p>\t\t\t\t\t\t\t<img decoding=\"async\" loading=\"lazy\" src=\"https:\/\/www.europesays.com\/es\/wp-content\/uploads\/2026\/01\/247873_el-m-dico-2.jpg\" alt=\"'El m\u00e9dico 2' no ha tenido el debut so\u00f1ado\" width=\"1200\" height=\"675\"\/><\/p>\n<p>\t\t\t\t\t\t&#8216;El m\u00e9dico 2&#8217; no ha tenido el debut so\u00f1ado (DeAPlaneta)<\/p>\n<p>&#8216;<a href=\"https:\/\/www.ecartelera.com\/peliculas\/nuremberg\/\" data-mention-type=\"pelicula\" data-mention-id=\"19553\" rel=\"nofollow noopener\" target=\"_blank\">N\u00faremberg<\/a>&#8216; comienza a notar el desgaste y baja hasta la novena posici\u00f3n con 204.682\u20ac en su sexta semana. Eso s\u00ed, <strong>los 3,5 millones de euros acumulados<\/strong> hasta la fecha son motivo m\u00e1s que suficiente para que DeAPlaneta est\u00e9 contenta con su rendimiento.<\/p>\n<p>Cierra el top 10 &#8216;<a href=\"https:\/\/www.ecartelera.com\/peliculas\/el-rey-de-reyes\/\" data-mention-type=\"pelicula\" data-mention-id=\"19182\" rel=\"nofollow noopener\" target=\"_blank\">El Rey de Reyes<\/a>&#8216; dej\u00e1ndose otro 39% por el camino en su cuarto fin de semana y posiblemente \u00faltimo en el ranking, con <strong>142.286\u20ac y 1,21 millones en total<\/strong>.<\/p>\n<p>Interesantes propuestas que no desbancar\u00e1n a &#8216;Avatar&#8217;<\/p>\n<p>El viernes llega cargado de pel\u00edculas muy atractivas como &#8216;<a href=\"https:\/\/www.ecartelera.com\/peliculas\/nouvelle-vague\/\" data-mention-type=\"pelicula\" data-mention-id=\"19731\" rel=\"nofollow noopener\" target=\"_blank\">Nouvelle Vague<\/a>&#8216;, &#8216;<a href=\"https:\/\/www.ecartelera.com\/peliculas\/rental-family-familia-de-alquiler\/\" data-mention-type=\"pelicula\" data-mention-id=\"19646\" rel=\"nofollow noopener\" target=\"_blank\">Rental Family (Familia de alquiler)<\/a>&#8216;, &#8216;<a href=\"https:\/\/www.ecartelera.com\/peliculas\/song-sung-blue\/\" data-mention-type=\"pelicula\" data-mention-id=\"19541\" rel=\"nofollow noopener\" target=\"_blank\">Song Sung Blue, Canci\u00f3n para dos<\/a>&#8216; y &#8216;<a href=\"https:\/\/www.ecartelera.com\/peliculas\/the-chronology-of-water\/\" data-mention-type=\"pelicula\" data-mention-id=\"14246\" rel=\"nofollow noopener\" target=\"_blank\">La cronolog\u00eda del agua<\/a>&#8216;. No obstante, no parece que ninguna de ellas (tampoco &#8216;<a href=\"https:\/\/www.ecartelera.com\/peliculas\/mision-santa\/\" data-mention-type=\"pelicula\" data-mention-id=\"19692\" rel=\"nofollow noopener\" target=\"_blank\">Misi\u00f3n Santa<\/a>&#8216;) tenga la capacidad suficiente para convencer al gran p\u00fablico de dejar de sumergirse en Pandora un fin de semana m\u00e1s.<\/p>\n","protected":false},"excerpt":{"rendered":"Tras un \u00faltimo fin de semana de 2025 de r\u00e9cord, 2026 ha empezado igual de bien. Con 10,25&hellip;\n","protected":false},"author":2,"featured_media":327811,"comment_status":"","ping_status":"","sticky":false,"template":"","format":"standard","meta":{"footnotes":""},"categories":[169],"tags":[1014,1015,1013,177,1011,146,147,25,24,782,176,1019,1016,175,753,1012,23,1017,1018],"class_list":{"0":"post-327810","1":"post","2":"type-post","3":"status-publish","4":"format-standard","5":"has-post-thumbnail","7":"category-cine","8":"tag-actores","9":"tag-actrices","10":"tag-cartelera","11":"tag-cine","12":"tag-ecartelera","13":"tag-entertainment","14":"tag-entretenimiento","15":"tag-es","16":"tag-espana","17":"tag-estrellas","18":"tag-film","19":"tag-fotogramas","20":"tag-fotos","21":"tag-movies","22":"tag-peliculas","23":"tag-pelis","24":"tag-spain","25":"tag-trailers","26":"tag-videos"},"share_on_mastodon":{"url":"https:\/\/pubeurope.com\/@es\/115854075828076628","error":""},"_links":{"self":[{"href":"https:\/\/www.europesays.com\/es\/wp-json\/wp\/v2\/posts\/327810","targetHints":{"allow":["GET"]}}],"collection":[{"href":"https:\/\/www.europesays.com\/es\/wp-json\/wp\/v2\/posts"}],"about":[{"href":"https:\/\/www.europesays.com\/es\/wp-json\/wp\/v2\/types\/post"}],"author":[{"embeddable":true,"href":"https:\/\/www.europesays.com\/es\/wp-json\/wp\/v2\/users\/2"}],"replies":[{"embeddable":true,"href":"https:\/\/www.europesays.com\/es\/wp-json\/wp\/v2\/comments?post=327810"}],"version-history":[{"count":0,"href":"https:\/\/www.europesays.com\/es\/wp-json\/wp\/v2\/posts\/327810\/revisions"}],"wp:featuredmedia":[{"embeddable":true,"href":"https:\/\/www.europesays.com\/es\/wp-json\/wp\/v2\/media\/327811"}],"wp:attachment":[{"href":"https:\/\/www.europesays.com\/es\/wp-json\/wp\/v2\/media?parent=327810"}],"wp:term":[{"taxonomy":"category","embeddable":true,"href":"https:\/\/www.europesays.com\/es\/wp-json\/wp\/v2\/categories?post=327810"},{"taxonomy":"post_tag","embeddable":true,"href":"https:\/\/www.europesays.com\/es\/wp-json\/wp\/v2\/tags?post=327810"}],"curies":[{"name":"wp","href":"https:\/\/api.w.org\/{rel}","templated":true}]}}