{"id":327812,"date":"2026-01-07T13:34:07","date_gmt":"2026-01-07T13:34:07","guid":{"rendered":"https:\/\/www.europesays.com\/es\/327812\/"},"modified":"2026-01-07T13:34:07","modified_gmt":"2026-01-07T13:34:07","slug":"elpuerto-de-santa-maria-el-alcalde-supervisa-el-inicio-de-las-obras-de-mejora-de-la-pista-deportiva-de-la-barriada-sudamerica","status":"publish","type":"post","link":"https:\/\/www.europesays.com\/es\/327812\/","title":{"rendered":"#ElPuerto de Santa Mar\u00eda &#8211; El alcalde supervisa el inicio de las obras de mejora de la pista deportiva de la Barriada Sudam\u00e9rica"},"content":{"rendered":"<p>El alcalde de El Puerto de Santa Mar\u00eda, Germ\u00e1n Beardo, acompa\u00f1ado del concejal de Deportes, Jos\u00e9 Ignacio Gonz\u00e1lez, se ha acercado esta ma\u00f1ana a la Barriada Sudam\u00e9rica para supervisar el inicio de las obras de mantenimiento y mejora de la pista deportiva, en cumplimiento del compromiso del Ayuntamiento con la modernizaci\u00f3n de las instalaciones deportivas en todos los barrios de la ciudad.<\/p>\n<p>Durante la visita, el alcalde ha explicado que estas actuaciones forman parte de un plan integral de mantenimiento, gracias al nuevo contrato con la empresa Eulen, que cuenta con un incremento del 50% en su presupuesto, reforzando as\u00ed la calidad del servicio que se ofrece a la ciudadan\u00eda. \u201cCon estas obras cumplimos nuestro compromiso de garantizar que todos los barrios cuenten con instalaciones deportivas seguras, funcionales y modernas\u201d, subray\u00f3 Germ\u00e1n Beardo.<\/p>\n<p>El alcalde ha destacado que el objetivo es asegurar el correcto funcionamiento y conservaci\u00f3n de todas las infraestructuras deportivas municipales, comenzando por aquellas que requieren mayores reformas. En Sudam\u00e9rica, las primeras actuaciones se centran en la pintura -que han comenzado por los vestuarios-, para continuar por las gradas, las porter\u00edas, el muro de cerramiento, la limpieza de canaletas y otras mejoras generales.<\/p>\n<p>Una vez finalicen estos trabajos, los equipos se trasladar\u00e1n a la pista deportiva de Pinillo Chico, donde tambi\u00e9n se acometer\u00e1n las obras necesarias para su puesta a punto. Adem\u00e1s, a lo largo de este a\u00f1o se proceder\u00e1 a pintar el suelo de todas las pistas deportivas municipales, garantizando su \u00f3ptima conservaci\u00f3n y un uso seguro para los vecinos.<\/p>\n<p>El alcalde reafirm\u00f3 que estas actuaciones reflejan la firme apuesta del Ayuntamiento por el deporte como motor de salud, cohesi\u00f3n social y calidad de vida, atendiendo al crecimiento del municipio y a la creciente demanda de espacios para la pr\u00e1ctica deportiva en todos los barrios de El Puerto de Santa Mar\u00eda. \u201cNuestro objetivo es que cada vecino pueda disfrutar de instalaciones deportivas de primera, bien mantenidas y accesibles, porque invertir en deporte es invertir en bienestar y salud\u201d, concluy\u00f3 Beardo.<\/p>\n<p>El contrato de mantenimiento abarca instalaciones como el Campo de F\u00fatbol \u201cEl Juncal\u201d, el Campo de F\u00fatbol del Poblado de Do\u00f1a Blanca, las pistas polideportivas cubiertas J\u00f3venes Portuenses y Angelita Alta, as\u00ed como las pistas al aire libre de Blandino Lara, Jos\u00e9 Garc\u00eda Sanz \u2013 El Tomillar, Las Nieves, Los Milagros, Cruyff Court Joaqu\u00edn S\u00e1nchez, Pinar Hondo, Pinillo Chico, Ram\u00f3n Ruiz, Sudam\u00e9rica, Valdelagrana, Los Madrile\u00f1os y la del propio Poblado de Do\u00f1a Blanca. Con estas intervenciones, El Puerto avanza con sus barrios y el deporte.<\/p>\n","protected":false},"excerpt":{"rendered":"El alcalde de El Puerto de Santa Mar\u00eda, Germ\u00e1n Beardo, acompa\u00f1ado del concejal de Deportes, Jos\u00e9 Ignacio Gonz\u00e1lez,&hellip;\n","protected":false},"author":2,"featured_media":327813,"comment_status":"","ping_status":"","sticky":false,"template":"","format":"standard","meta":{"footnotes":""},"categories":[93],"tags":[1201,75739,168,5446,25,24,474,75737,75738,23,167,75736],"class_list":{"0":"post-327812","1":"post","2":"type-post","3":"status-publish","4":"format-standard","5":"has-post-thumbnail","7":"category-deportes","8":"tag-alcalde","9":"tag-barriada-sudamerica","10":"tag-deportes","11":"tag-el-puerto","12":"tag-es","13":"tag-espana","14":"tag-obras","15":"tag-obras-de-mejora","16":"tag-pista-deportiva","17":"tag-spain","18":"tag-sports","19":"tag-supervisa"},"share_on_mastodon":{"url":"https:\/\/pubeurope.com\/@es\/115854079790561989","error":""},"_links":{"self":[{"href":"https:\/\/www.europesays.com\/es\/wp-json\/wp\/v2\/posts\/327812","targetHints":{"allow":["GET"]}}],"collection":[{"href":"https:\/\/www.europesays.com\/es\/wp-json\/wp\/v2\/posts"}],"about":[{"href":"https:\/\/www.europesays.com\/es\/wp-json\/wp\/v2\/types\/post"}],"author":[{"embeddable":true,"href":"https:\/\/www.europesays.com\/es\/wp-json\/wp\/v2\/users\/2"}],"replies":[{"embeddable":true,"href":"https:\/\/www.europesays.com\/es\/wp-json\/wp\/v2\/comments?post=327812"}],"version-history":[{"count":0,"href":"https:\/\/www.europesays.com\/es\/wp-json\/wp\/v2\/posts\/327812\/revisions"}],"wp:featuredmedia":[{"embeddable":true,"href":"https:\/\/www.europesays.com\/es\/wp-json\/wp\/v2\/media\/327813"}],"wp:attachment":[{"href":"https:\/\/www.europesays.com\/es\/wp-json\/wp\/v2\/media?parent=327812"}],"wp:term":[{"taxonomy":"category","embeddable":true,"href":"https:\/\/www.europesays.com\/es\/wp-json\/wp\/v2\/categories?post=327812"},{"taxonomy":"post_tag","embeddable":true,"href":"https:\/\/www.europesays.com\/es\/wp-json\/wp\/v2\/tags?post=327812"}],"curies":[{"name":"wp","href":"https:\/\/api.w.org\/{rel}","templated":true}]}}