{"id":327816,"date":"2026-01-07T13:36:12","date_gmt":"2026-01-07T13:36:12","guid":{"rendered":"https:\/\/www.europesays.com\/es\/327816\/"},"modified":"2026-01-07T13:36:12","modified_gmt":"2026-01-07T13:36:12","slug":"7-consejos-para-preparar-la-casa-de-cara-a-2026-segun-el-feng-shui","status":"publish","type":"post","link":"https:\/\/www.europesays.com\/es\/327816\/","title":{"rendered":"7 consejos para preparar la casa de cara a 2026 seg\u00fan el Feng Shui"},"content":{"rendered":"<p>Los que hayan tenido un <strong>2025 \u201cmovidito\u201d<\/strong> van a agradecer este art\u00edculo porque el <strong>Feng Shui<\/strong> no es solo decoraci\u00f3n, es tambi\u00e9n transformaci\u00f3n. Esta filosof\u00eda ancestral china, que une astrolog\u00eda y metaf\u00edsica, de la que ya se serv\u00edan los emperadores hace 3.500 a\u00f1os, y que ha inspirado a grandes de la talla de <strong><a href=\"https:\/\/www.revistaad.es\/articulos\/entrevista-a-norman-foster-no-hay-que-desanimarse-por-el-fracaso\" rel=\"nofollow noopener\" target=\"_blank\">Norman Foster<\/a>,<\/strong> defiende que todos contamos con <strong>tres suertes<\/strong>: la del <strong>cielo<\/strong>, determinada por nuestra fecha de nacimiento; <strong>la<\/strong> del <strong>hombre<\/strong>, fruto de nuestro propio esfuerzo; y la de la <strong>tierra<\/strong>, ligada a nuestro entorno y que viene a confirmarnos algo que ya intu\u00edamos: <strong>\u201cLo que nos rodea, nos afecta\u201d<\/strong>.<\/p>\n<p>M\u00e1s all\u00e1 de haber nacido o no con estrella, \u201ctodos tenemos un 33% de margen para mejorar nuestro <a href=\"https:\/\/www.admagazine.com\/\" rel=\"nofollow noopener\" target=\"_blank\"><strong>bienestar<\/strong><\/a> a trav\u00e9s del espacio\u201d, explica la <strong>interiorista<\/strong> <strong><a data-offer-url=\"https:\/\/www.instagram.com\/neurofengshui.studio\/\" class=\"external-link\" data-event-click=\"{&quot;element&quot;:&quot;ExternalLink&quot;,&quot;outgoingURL&quot;:&quot;https:\/\/www.instagram.com\/neurofengshui.studio\/&quot;}\" href=\"https:\/\/www.instagram.com\/neurofengshui.studio\/\" rel=\"nofollow noopener\" target=\"_blank\">Alejandra Balb\u00e1s<\/a>,<\/strong> especialista en Feng Shui y neuroarquitectura y autora del libro 8 Pasos para ArmonizArte. Estamos ya en el <strong>Periodo<\/strong> <strong>9 (2024-2044)<\/strong>, asociado al elemento <strong>fuego<\/strong> y una \u00e9poca de <strong>cambio y expansi\u00f3n:<\/strong> \u201cEs velocidad, es impulso, es: <strong>\u2018o te subes a la ola y la surfeas, o te arrasa<\/strong>\u201d.<\/p>\n<p><img decoding=\"async\" alt=\"Sala de palacio veneciano con arte moderno\" loading=\"lazy\" class=\"ResponsiveImageContainer-eNxvmU cfBbTk responsive-image__image\"   src=\"https:\/\/www.europesays.com\/es\/wp-content\/uploads\/2026\/01\/%C2%A9%20Simon%20Watson_Contarini_Bombassei_022.jpeg\"\/><\/p>\n<p>Entre arte contempor\u00e1neo, cl\u00e1sicos del dise\u00f1o e historia; as\u00ed vive el arquitecto <a href=\"https:\/\/www.revistaad.es\/articulos\/entre-arte-contemporaneo-clasicos-del-diseno-e-historia-asi-vive-el-arquitecto-luca-bombassei-en-su-nuevo-hogar-veneciano\" rel=\"nofollow noopener\" target=\"_blank\">Luca Bombassei<\/a> en su nuevo hogar veneciano: \u201cColecciono arte porque es mi referencia de belleza\u201d.<\/p>\n<p>\u00a9 Simon Watson<\/p>\n<p><a data-offer-url=\"https:\/\/www.instagram.com\/proyectafengshui\/\" class=\"external-link\" data-event-click=\"{&quot;element&quot;:&quot;ExternalLink&quot;,&quot;outgoingURL&quot;:&quot;https:\/\/www.instagram.com\/proyectafengshui\/&quot;}\" href=\"https:\/\/www.instagram.com\/proyectafengshui\/\" rel=\"nofollow noopener\" target=\"_blank\"><strong>Carmen Berlanga<\/strong><\/a> es <strong>arquitecta<\/strong>, interiorista, consultora y fundadora de la solicitada <strong>Escuela Proyecta Feng Shui.<\/strong> Confirma el contexto-marco que aporta Balb\u00e1s y afina el tiro para 2026, que llega con buena energ\u00eda: \u201cEl per\u00edodo es convulso, pero cada a\u00f1o tiene sus propias particularidades. El 2025 ha sido un a\u00f1o de transformaci\u00f3n, tiene una energ\u00eda central 2 de tierra negativa, y este nuevo a\u00f1o viene con una <strong>energ\u00eda m\u00e1s positiva y fluida<\/strong>, regido por la estrella central 1\u201d.\u201cQue ya toca\u201d, celebra y aclara: \u201cEstos estudios son c\u00edclicos y los <strong>a\u00f1os<\/strong> que han tenido esta caracter\u00edstica siempre han sido <strong>pr\u00f3speros<\/strong>\u201d.<\/p>\n<p>Negro sobre blanco y si tiramos de met\u00e1fora: En 2024 abrimos la puerta a la reforma; en 2025 nos lanzamos a tirar muros, nos cubrimos de polvo, no siempre lo vimos del todo claro; pero en <strong>2026<\/strong>, y especialmente si hemos asegurado bien las vigas frente a posibles sacudidas, disfrutaremos de <strong>las posibilidades de un hogar que renace y se atreve a ser \u00e9l mismo.<\/strong><\/p>\n<p><strong>1. El \u2018por si acaso\u2019 proyecta escasez<\/strong><\/p>\n<p>Precisamente por ello, la tradicional <a href=\"https:\/\/www.admagazine.com\/articulos\/feng-shui-como-hacer-la-limpieza-de-enero\" rel=\"nofollow noopener\" target=\"_blank\"><strong>limpieza de enero<\/strong><\/a> que tanta satisfacci\u00f3n nos genera a muchos ser\u00e1 imprescindible. \u201cEstamos ya en velocidad de exceso, todo lo que te pesa te sobra\u201d, introduce Alejandra, que nos anima a \u201c<strong>preocuparnos por el vac\u00edo<\/strong>: ordenar, revisar estancia por estancia y vaciar cajones\u201d.<\/p>\n<p><script async src=\"\/\/www.instagram.com\/embed.js\"><\/script><\/p>\n","protected":false},"excerpt":{"rendered":"Los que hayan tenido un 2025 \u201cmovidito\u201d van a agradecer este art\u00edculo porque el Feng Shui no es&hellip;\n","protected":false},"author":2,"featured_media":327817,"comment_status":"","ping_status":"","sticky":false,"template":"","format":"standard","meta":{"footnotes":""},"categories":[91],"tags":[146,147,25,24,53294,23],"class_list":{"0":"post-327816","1":"post","2":"type-post","3":"status-publish","4":"format-standard","5":"has-post-thumbnail","7":"category-entretenimiento","8":"tag-entertainment","9":"tag-entretenimiento","10":"tag-es","11":"tag-espana","12":"tag-feng-shui","13":"tag-spain"},"share_on_mastodon":{"url":"https:\/\/pubeurope.com\/@es\/115854087619584853","error":""},"_links":{"self":[{"href":"https:\/\/www.europesays.com\/es\/wp-json\/wp\/v2\/posts\/327816","targetHints":{"allow":["GET"]}}],"collection":[{"href":"https:\/\/www.europesays.com\/es\/wp-json\/wp\/v2\/posts"}],"about":[{"href":"https:\/\/www.europesays.com\/es\/wp-json\/wp\/v2\/types\/post"}],"author":[{"embeddable":true,"href":"https:\/\/www.europesays.com\/es\/wp-json\/wp\/v2\/users\/2"}],"replies":[{"embeddable":true,"href":"https:\/\/www.europesays.com\/es\/wp-json\/wp\/v2\/comments?post=327816"}],"version-history":[{"count":0,"href":"https:\/\/www.europesays.com\/es\/wp-json\/wp\/v2\/posts\/327816\/revisions"}],"wp:featuredmedia":[{"embeddable":true,"href":"https:\/\/www.europesays.com\/es\/wp-json\/wp\/v2\/media\/327817"}],"wp:attachment":[{"href":"https:\/\/www.europesays.com\/es\/wp-json\/wp\/v2\/media?parent=327816"}],"wp:term":[{"taxonomy":"category","embeddable":true,"href":"https:\/\/www.europesays.com\/es\/wp-json\/wp\/v2\/categories?post=327816"},{"taxonomy":"post_tag","embeddable":true,"href":"https:\/\/www.europesays.com\/es\/wp-json\/wp\/v2\/tags?post=327816"}],"curies":[{"name":"wp","href":"https:\/\/api.w.org\/{rel}","templated":true}]}}