{"id":327818,"date":"2026-01-07T13:37:28","date_gmt":"2026-01-07T13:37:28","guid":{"rendered":"https:\/\/www.europesays.com\/es\/327818\/"},"modified":"2026-01-07T13:37:28","modified_gmt":"2026-01-07T13:37:28","slug":"azuqueca-de-henares-cine-frontera","status":"publish","type":"post","link":"https:\/\/www.europesays.com\/es\/327818\/","title":{"rendered":"Azuqueca de Henares. Cine: \u00abFrontera\u00bb"},"content":{"rendered":"<p>\t\t\t<img width=\"530\" height=\"750\" src=\"https:\/\/www.europesays.com\/es\/wp-content\/uploads\/2026\/01\/CINE-EN-EL-EJE-10.jpg\" class=\"attachment-full size-full wp-post-image\" alt=\"\" decoding=\"async\" fetchpriority=\"high\"  \/><\/p>\n<p>Azuqueca de Henares. Cine: \u00abFrontera\u00bb<br \/>domingo 11 de enero a las 21:00 horas<br \/>Centro EJE de Azuqueca de Henares<br \/>-Entradas: 3 euros (p\u00fablico adulto con tarjeta ciudadana), 5 euros (p\u00fablico adulto sin tarjeta ciudadana), 2 euros (p\u00fablico infantil con tarjeta ciudadana), 3 euros (p\u00fablico infantil sin tarjeta ciudadana).<\/p>\n","protected":false},"excerpt":{"rendered":"Azuqueca de Henares. Cine: \u00abFrontera\u00bbdomingo 11 de enero a las 21:00 horasCentro EJE de Azuqueca de Henares-Entradas: 3&hellip;\n","protected":false},"author":2,"featured_media":327819,"comment_status":"","ping_status":"","sticky":false,"template":"","format":"standard","meta":{"footnotes":""},"categories":[81],"tags":[119,123,124,25,24,117,121,122,23,118,120],"class_list":{"0":"post-327818","1":"post","2":"type-post","3":"status-publish","4":"format-standard","5":"has-post-thumbnail","7":"category-ciencia-y-tecnologia","8":"tag-ciencia","9":"tag-ciencia-y-tecnologia","10":"tag-cienciaytecnologia","11":"tag-es","12":"tag-espana","13":"tag-science","14":"tag-science-and-technology","15":"tag-scienceandtechnology","16":"tag-spain","17":"tag-technology","18":"tag-tecnologia"},"share_on_mastodon":{"url":"https:\/\/pubeurope.com\/@es\/115854091511752884","error":""},"_links":{"self":[{"href":"https:\/\/www.europesays.com\/es\/wp-json\/wp\/v2\/posts\/327818","targetHints":{"allow":["GET"]}}],"collection":[{"href":"https:\/\/www.europesays.com\/es\/wp-json\/wp\/v2\/posts"}],"about":[{"href":"https:\/\/www.europesays.com\/es\/wp-json\/wp\/v2\/types\/post"}],"author":[{"embeddable":true,"href":"https:\/\/www.europesays.com\/es\/wp-json\/wp\/v2\/users\/2"}],"replies":[{"embeddable":true,"href":"https:\/\/www.europesays.com\/es\/wp-json\/wp\/v2\/comments?post=327818"}],"version-history":[{"count":0,"href":"https:\/\/www.europesays.com\/es\/wp-json\/wp\/v2\/posts\/327818\/revisions"}],"wp:featuredmedia":[{"embeddable":true,"href":"https:\/\/www.europesays.com\/es\/wp-json\/wp\/v2\/media\/327819"}],"wp:attachment":[{"href":"https:\/\/www.europesays.com\/es\/wp-json\/wp\/v2\/media?parent=327818"}],"wp:term":[{"taxonomy":"category","embeddable":true,"href":"https:\/\/www.europesays.com\/es\/wp-json\/wp\/v2\/categories?post=327818"},{"taxonomy":"post_tag","embeddable":true,"href":"https:\/\/www.europesays.com\/es\/wp-json\/wp\/v2\/tags?post=327818"}],"curies":[{"name":"wp","href":"https:\/\/api.w.org\/{rel}","templated":true}]}}