{"id":327826,"date":"2026-01-07T13:41:08","date_gmt":"2026-01-07T13:41:08","guid":{"rendered":"https:\/\/www.europesays.com\/es\/327826\/"},"modified":"2026-01-07T13:41:08","modified_gmt":"2026-01-07T13:41:08","slug":"mejoramos-el-ascensor-del-pasaje-de-tossa-distrito-de-horta-guinardo","status":"publish","type":"post","link":"https:\/\/www.europesays.com\/es\/327826\/","title":{"rendered":"Mejoramos el ascensor del pasaje de Tossa | Distrito de Horta-Guinard\u00f3"},"content":{"rendered":"<p>El objetivo de los trabajos es <strong>mejorar el funcionamiento y la accesibilidad del ascensor<\/strong> del pasaje de Tossa, que se ubica en la <strong>frontera entre los barrios de Horta y del Carmel<\/strong>, y comunica la <strong>calle de Lisboa con la rambla del Carmel<\/strong>, superando un desnivel de 16 metros.<\/p>\n<p>Mientras duren las obras, el ascensor permanecer\u00e1 fuera de servicio.<\/p>\n<p>Las actuaciones de mejora forman parte del <strong>Plan de Mantenimiento Integral (PMI) en el barrio de Horta,<\/strong> en el marco del <strong>Pla Endre\u00e7a<\/strong>.<\/p>\n<p>En el web del Pla Endre\u00e7a, el Ayuntamiento de Barcelona ha puesto en marcha un <strong><a href=\"https:\/\/www.barcelona.cat\/endrecembarcelona\/ca\/que-estem-fent\/pla-de-manteniment-integral-pmi\" target=\"_blank\" rel=\"noopener nofollow\">visor de las actuaciones del PMI<\/a><\/strong>, con un mapa de la ciudad donde se sit\u00faa cada actuaci\u00f3n, y permite hacer b\u00fasquedas por barrio, distrito o por tipolog\u00eda de obra.<\/p>\n","protected":false},"excerpt":{"rendered":"El objetivo de los trabajos es mejorar el funcionamiento y la accesibilidad del ascensor del pasaje de Tossa,&hellip;\n","protected":false},"author":2,"featured_media":327827,"comment_status":"","ping_status":"","sticky":false,"template":"","format":"standard","meta":{"footnotes":""},"categories":[5],"tags":[17,18,25,24,13,14,11,19,20,9,10,15,16,23,12,21,22],"class_list":{"0":"post-327826","1":"post","2":"type-post","3":"status-publish","4":"format-standard","5":"has-post-thumbnail","7":"category-titulares","8":"tag-breaking-news","9":"tag-breakingnews","10":"tag-es","11":"tag-espana","12":"tag-featured-news","13":"tag-featurednews","14":"tag-headlines","15":"tag-latest-news","16":"tag-latestnews","17":"tag-news","18":"tag-noticias","19":"tag-noticias-destacadas","20":"tag-noticiasdestacadas","21":"tag-spain","22":"tag-titulares","23":"tag-ultimas-noticias","24":"tag-ultimasnoticias"},"share_on_mastodon":{"url":"https:\/\/pubeurope.com\/@es\/115854107156837082","error":""},"_links":{"self":[{"href":"https:\/\/www.europesays.com\/es\/wp-json\/wp\/v2\/posts\/327826","targetHints":{"allow":["GET"]}}],"collection":[{"href":"https:\/\/www.europesays.com\/es\/wp-json\/wp\/v2\/posts"}],"about":[{"href":"https:\/\/www.europesays.com\/es\/wp-json\/wp\/v2\/types\/post"}],"author":[{"embeddable":true,"href":"https:\/\/www.europesays.com\/es\/wp-json\/wp\/v2\/users\/2"}],"replies":[{"embeddable":true,"href":"https:\/\/www.europesays.com\/es\/wp-json\/wp\/v2\/comments?post=327826"}],"version-history":[{"count":0,"href":"https:\/\/www.europesays.com\/es\/wp-json\/wp\/v2\/posts\/327826\/revisions"}],"wp:featuredmedia":[{"embeddable":true,"href":"https:\/\/www.europesays.com\/es\/wp-json\/wp\/v2\/media\/327827"}],"wp:attachment":[{"href":"https:\/\/www.europesays.com\/es\/wp-json\/wp\/v2\/media?parent=327826"}],"wp:term":[{"taxonomy":"category","embeddable":true,"href":"https:\/\/www.europesays.com\/es\/wp-json\/wp\/v2\/categories?post=327826"},{"taxonomy":"post_tag","embeddable":true,"href":"https:\/\/www.europesays.com\/es\/wp-json\/wp\/v2\/tags?post=327826"}],"curies":[{"name":"wp","href":"https:\/\/api.w.org\/{rel}","templated":true}]}}