{"id":327828,"date":"2026-01-07T13:46:11","date_gmt":"2026-01-07T13:46:11","guid":{"rendered":"https:\/\/www.europesays.com\/es\/327828\/"},"modified":"2026-01-07T13:46:11","modified_gmt":"2026-01-07T13:46:11","slug":"jornada-de-sorpresas-y-despedidas-en-el-atp-250-de-brisbane","status":"publish","type":"post","link":"https:\/\/www.europesays.com\/es\/327828\/","title":{"rendered":"Jornada de sorpresas y despedidas en el ATP 250 de Brisbane"},"content":{"rendered":"<p><a rel=\"noopener nofollow\" href=\"https:\/\/es.wikipedia.org\/wiki\/Noticias_Argentinas\" target=\"_blank\"><strong>Buenos Aires, 6 enero (NA)<\/strong><\/a><strong> <\/strong>\u2013 La jornada del <strong>ATP 250 de Brisbane<\/strong> dej\u00f3 varias <strong>eliminaciones resonantes<\/strong> y confirm\u00f3 que el arranque de la temporada 2026 no da margen para la adaptaci\u00f3n.<\/p>\n<p>Tenistas de peso como <strong>Tommy Paul y Ugo Humbert<\/strong> llegaron a Australia en busca de ritmo competitivo y confianza, pero <strong>ambos se despidieron prematuramente<\/strong> tras duros encuentros a tres sets que marcaron uno de los d\u00edas m\u00e1s intensos del torneo, seg\u00fan pudo saber la <a rel=\"noopener nofollow\" href=\"https:\/\/es.wikipedia.org\/wiki\/Noticias_Argentinas\" target=\"_blank\"><strong>Agencia Noticias Argentinas<\/strong><\/a><strong>.<\/strong><\/p>\n<p>El estadounidense <strong>Tommy Paul cay\u00f3<\/strong> en un partidazo <strong>frente al franc\u00e9s Giovanni Mpetshi-Perricard por 7-6 (2), 3-6 y 7-6 (6),<\/strong> en un duelo de m\u00e1rgenes m\u00ednimos y alta tensi\u00f3n. En paralelo, <strong>Ugo Humbert<\/strong> tampoco pudo sostener su reacci\u00f3n ante <strong>Cameron Norrie: el brit\u00e1nico se impuso por 1-6, 7-6 (6) y 7-5,<\/strong> mostrando mayor solidez en los momentos decisivos para avanzar de ronda.<\/p>\n<p style=\"--ipspy: __IP__;color: __IP__;text-decoration: __IP__;\" alt=\"__IP__\" data-ipspy=\"__IP__\" title=\"__IP__\">Otro de los focos de la jornada estuvo en el cruce entre <strong>Grigor Dimitrov y Pablo Carre\u00f1o Busta<\/strong>. El espa\u00f1ol, que hab\u00eda superado la fase previa con buenas sensaciones, se encontr\u00f3 con un Dimitrov firme desde el inicio.__IP__<\/p>\n<p>El b\u00falgaro aprovech\u00f3 un quiebre clave para llevarse el primer set y, ya con mayor confianza, domin\u00f3 el segundo parcial para cerrar el triunfo por 6-2 y avanzar con autoridad en su debut de la temporada.<\/p>\n<p>M\u00e1s all\u00e1 de la eliminaci\u00f3n, <strong>Carre\u00f1o se march\u00f3 de Brisbane con saldo positivo tras sumar rodaje competitivo en el inicio del a\u00f1o<\/strong>. En contraste, Dimitrov dej\u00f3 una imagen s\u00f3lida y reafirm\u00f3 su condici\u00f3n de candidato en un certamen que suele ser term\u00f3metro de cara al Abierto de Australia. <a href=\"\/-agenciana_t6916e70a4551e78eb9423f59\">#AgenciaNA<\/a>\u00a0<\/p>\n<p>Los resultados de la jornada del ATP de Brisbane<\/p>\n<ul>\n<li>Giovanni Mpetshi-Perricard venci\u00f3 a Tommy Paul 7-6 (2), 3-6 y 7-6 (6)<\/li>\n<li>Cameron Norrie venci\u00f3 a Ugo Humbert 1-6, 7-6 (6) y 7-5<\/li>\n<li>Grigor Dimitrov venci\u00f3 a Pablo Carre\u00f1o Busta 6-2 y 6-2<\/li>\n<li>Brandon Nakashima venci\u00f3 a Alejandro Davidovich Fokina 7-6 (4) y 6-4<\/li>\n<li>Raphael Collignon venci\u00f3 a Denis Shapovalov 6-4 y 6-2<\/li>\n<li>Aleksandar Kovacevic venci\u00f3 a Nick Kyrgios 6-3 y 6-4<\/li>\n<li>Rinky Hijikata venci\u00f3 a Adam Walton 6-3 y 6-2<\/li>\n<\/ul>\n","protected":false},"excerpt":{"rendered":"Buenos Aires, 6 enero (NA) \u2013 La jornada del ATP 250 de Brisbane dej\u00f3 varias eliminaciones resonantes y&hellip;\n","protected":false},"author":2,"featured_media":327829,"comment_status":"","ping_status":"","sticky":false,"template":"","format":"standard","meta":{"footnotes":""},"categories":[274],"tags":[75744,75745,29901,168,25,24,75746,32796,9359,23,167,327,326],"class_list":{"0":"post-327828","1":"post","2":"type-post","3":"status-publish","4":"format-standard","5":"has-post-thumbnail","7":"category-tenis","8":"tag-agenciana","9":"tag-atp-de-brisbane","10":"tag-carreno","11":"tag-deportes","12":"tag-es","13":"tag-espana","14":"tag-humbert","15":"tag-kyrgios","16":"tag-paul","17":"tag-spain","18":"tag-sports","19":"tag-tenis","20":"tag-tennis"},"share_on_mastodon":{"url":"https:\/\/pubeurope.com\/@es\/115854126879777124","error":""},"_links":{"self":[{"href":"https:\/\/www.europesays.com\/es\/wp-json\/wp\/v2\/posts\/327828","targetHints":{"allow":["GET"]}}],"collection":[{"href":"https:\/\/www.europesays.com\/es\/wp-json\/wp\/v2\/posts"}],"about":[{"href":"https:\/\/www.europesays.com\/es\/wp-json\/wp\/v2\/types\/post"}],"author":[{"embeddable":true,"href":"https:\/\/www.europesays.com\/es\/wp-json\/wp\/v2\/users\/2"}],"replies":[{"embeddable":true,"href":"https:\/\/www.europesays.com\/es\/wp-json\/wp\/v2\/comments?post=327828"}],"version-history":[{"count":0,"href":"https:\/\/www.europesays.com\/es\/wp-json\/wp\/v2\/posts\/327828\/revisions"}],"wp:featuredmedia":[{"embeddable":true,"href":"https:\/\/www.europesays.com\/es\/wp-json\/wp\/v2\/media\/327829"}],"wp:attachment":[{"href":"https:\/\/www.europesays.com\/es\/wp-json\/wp\/v2\/media?parent=327828"}],"wp:term":[{"taxonomy":"category","embeddable":true,"href":"https:\/\/www.europesays.com\/es\/wp-json\/wp\/v2\/categories?post=327828"},{"taxonomy":"post_tag","embeddable":true,"href":"https:\/\/www.europesays.com\/es\/wp-json\/wp\/v2\/tags?post=327828"}],"curies":[{"name":"wp","href":"https:\/\/api.w.org\/{rel}","templated":true}]}}