{"id":327838,"date":"2026-01-07T13:52:17","date_gmt":"2026-01-07T13:52:17","guid":{"rendered":"https:\/\/www.europesays.com\/es\/327838\/"},"modified":"2026-01-07T13:52:17","modified_gmt":"2026-01-07T13:52:17","slug":"oskar-alvarado-redescubre-deleitosa-en-merida-desde-la-memoria-y-la-fotografia-contemporanea","status":"publish","type":"post","link":"https:\/\/www.europesays.com\/es\/327838\/","title":{"rendered":"Oskar Alvarado redescubre Deleitosa en M\u00e9rida desde la memoria y la fotograf\u00eda contempor\u00e1nea"},"content":{"rendered":"<p class=\"ft-text\"><strong>El fot\u00f3grafo vitoriano <\/strong><a class=\"ft-link ft-link--decoration\" href=\"https:\/\/www.oskaralvarado.com\/\" rel=\"nofollow noopener\" target=\"_blank\"><strong>Oskar Alvarado<\/strong><\/a><strong> inaugur\u00f3 ayer en M\u00e9rida la <\/strong><a class=\"ft-link ft-link--decoration\" href=\"https:\/\/www.elperiodicoextremadura.com\/extremadura\/2026\/01\/05\/extremadura-encara-2026-potente-agenda-125395156.html\" target=\"_blank\" rel=\"nofollow noopener\"><strong>exposici\u00f3n<\/strong><\/a><strong> Where fireflies unfold<\/strong>, un proyecto en el que indaga en las nuevas realidades que conviven en <strong>Deleitosa<\/strong>, localidad cacere\u00f1a ligada a sus ra\u00edces familiares y a su propio imaginario personal. En concreto, la muestra fotogr\u00e1fica podr\u00e1 visitarse hasta el pr\u00f3ximo 13 de febrero en el centro cultural Santo Domingo de la ciudad, con <strong>entrada libre<\/strong>.<\/p>\n<p class=\"ft-text ft-helper-align-justify\">Seg\u00fan recuerda el artista, aparte de ser el lugar de nacimiento de sus padres, abuelos, bisabuelos y dem\u00e1s antepasados, Deleitosa es el pueblo que eligi\u00f3 el estadounidense Eugene Smith para realizar <strong>su ensayo fotogr\u00e1fico &#8216;Spanish Village&#8217; en 1950<\/strong>. Sin embargo, el autor extreme\u00f1o se distancia deliberadamente de aquella mirada que convirti\u00f3 al municipio en s\u00edmbolo del atraso social y econ\u00f3mico de la<strong> Espa\u00f1a rural de mediados del siglo XX<\/strong>.<\/p>\n<p>Visi\u00f3n subjetiva<\/p>\n<p class=\"ft-text\">Lejos de reproducir esos referentes, Alvarado propone una visi\u00f3n subjetiva y contempor\u00e1nea, construida a partir de experiencias personales, recuerdos, espacios y ausencias. Su trabajo <strong>reflexiona sobre la relaci\u00f3n emocional con el territorio, la identidad<\/strong> y la memoria, y sobre c\u00f3mo los lugares siguen habl\u00e1ndonos a trav\u00e9s de quienes los habitan o de quienes ya no est\u00e1n.<\/p>\n<p class=\"ft-text\">Where fireflies unfold se presenta as\u00ed como un ejercicio \u00edntimo de exploraci\u00f3n visual, donde pasado y presente dialogan desde una mirada po\u00e9tica y personal sobre el mundo rural. <strong>La exposici\u00f3n est\u00e1 promovida por Fundaci\u00f3n CB<\/strong>, en el marco del Club Negativo,\u00a0que busca ofrecer durante el transcurso del a\u00f1o un calendario de actividades abiertas y gratuitas (charlas, talleres, exposiciones personales y colectivas, proyectos fotogr\u00e1ficos\u2026) dirigidas a la comunidad cultural y fotogr\u00e1fica de la regi\u00f3n.<\/p>\n","protected":false},"excerpt":{"rendered":"El fot\u00f3grafo vitoriano Oskar Alvarado inaugur\u00f3 ayer en M\u00e9rida la exposici\u00f3n Where fireflies unfold, un proyecto en el&hellip;\n","protected":false},"author":2,"featured_media":327839,"comment_status":"","ping_status":"","sticky":false,"template":"","format":"standard","meta":{"footnotes":""},"categories":[173],"tags":[18372,229,233,231,230,209,75747,232,234,146,147,25,24,2003,244,6638,7236,7731,64528,23],"class_list":{"0":"post-327838","1":"post","2":"type-post","3":"status-publish","4":"format-standard","5":"has-post-thumbnail","7":"category-arte-y-diseno","8":"tag-alvarado","9":"tag-arte","10":"tag-arte-y-diseno","11":"tag-arts","12":"tag-arts-and-design","13":"tag-cultura","14":"tag-deleitosa","15":"tag-design","16":"tag-diseno","17":"tag-entertainment","18":"tag-entretenimiento","19":"tag-es","20":"tag-espana","21":"tag-exposicion","22":"tag-fotografia","23":"tag-fotografo","24":"tag-merida","25":"tag-mirada","26":"tag-oskar","27":"tag-spain"},"share_on_mastodon":{"url":"https:\/\/pubeurope.com\/@es\/115854150388034642","error":""},"_links":{"self":[{"href":"https:\/\/www.europesays.com\/es\/wp-json\/wp\/v2\/posts\/327838","targetHints":{"allow":["GET"]}}],"collection":[{"href":"https:\/\/www.europesays.com\/es\/wp-json\/wp\/v2\/posts"}],"about":[{"href":"https:\/\/www.europesays.com\/es\/wp-json\/wp\/v2\/types\/post"}],"author":[{"embeddable":true,"href":"https:\/\/www.europesays.com\/es\/wp-json\/wp\/v2\/users\/2"}],"replies":[{"embeddable":true,"href":"https:\/\/www.europesays.com\/es\/wp-json\/wp\/v2\/comments?post=327838"}],"version-history":[{"count":0,"href":"https:\/\/www.europesays.com\/es\/wp-json\/wp\/v2\/posts\/327838\/revisions"}],"wp:featuredmedia":[{"embeddable":true,"href":"https:\/\/www.europesays.com\/es\/wp-json\/wp\/v2\/media\/327839"}],"wp:attachment":[{"href":"https:\/\/www.europesays.com\/es\/wp-json\/wp\/v2\/media?parent=327838"}],"wp:term":[{"taxonomy":"category","embeddable":true,"href":"https:\/\/www.europesays.com\/es\/wp-json\/wp\/v2\/categories?post=327838"},{"taxonomy":"post_tag","embeddable":true,"href":"https:\/\/www.europesays.com\/es\/wp-json\/wp\/v2\/tags?post=327838"}],"curies":[{"name":"wp","href":"https:\/\/api.w.org\/{rel}","templated":true}]}}