{"id":327842,"date":"2026-01-07T13:55:08","date_gmt":"2026-01-07T13:55:08","guid":{"rendered":"https:\/\/www.europesays.com\/es\/327842\/"},"modified":"2026-01-07T13:55:08","modified_gmt":"2026-01-07T13:55:08","slug":"geezer-butler-habla-del-material-inedito-de-black-sabbath-video-de-gus-g-con-michael-starr-de-steel-panther-nuevo-disco-de-taifa","status":"publish","type":"post","link":"https:\/\/www.europesays.com\/es\/327842\/","title":{"rendered":"Geezer Butler habla del material in\u00e9dito de BLACK SABBATH. V\u00eddeo de Gus G. con Michael Starr de STEEL PANTHER. Nuevo disco de TAIFA."},"content":{"rendered":"<p>\u00a0<\/p>\n<p style=\"text-align: center;\"><strong><a href=\"#SABBATH\">Geezer Butler habla del material in\u00e9dito de BLACK SABBATH<\/a> \u2013 <a href=\"#Gus\">V\u00eddeo de Gus G. con Michael Starr de STEEL PANTHER <\/a>\u2013 <a href=\"#TAIFA\">Nuevo disco de TAIFA<\/a>.<\/strong><\/p>\n<p>El bajista de <a href=\"https:\/\/www.facebook.com\/BlackSabbath\" target=\"_blank\" rel=\"noopener nofollow\"><strong>BLACK SABBATH<\/strong><\/a> <a href=\"http:\/\/www.geezerbutler.com\/\" target=\"_blank\" rel=\"noopener nofollow\"><strong>Geezer Butler<\/strong><\/a> ha explicado en una entrevista con Gabbing With Girlfriends porque nunca sacaron una grabaci\u00f3n en condiciones del tema \u201cScary Dreams\u201d.<\/p>\n<p><img fetchpriority=\"high\" decoding=\"async\" src=\"https:\/\/www.europesays.com\/es\/wp-content\/uploads\/2026\/01\/Geezer_Butler2025.jpg\" alt=\"Geezer\" width=\"500\" height=\"333\"\/><\/p>\n<p>\u00abCreo que ten\u00edamos como 8 temas compuestos. Los compusimos en Monmouth, Gales, y hab\u00eda por lo menos 6 que estaban terminados. Con otros dos m\u00e1s en progreso. Ah\u00ed fue cuando Rick Rubin se puso por primera vez en contacto con nosotros. Quer\u00eda hacer ese disco\u2026 creo que era 2002, y fuimos a su casa para ponerle lo que ten\u00edamos. El caso es que cuando lo est\u00e1bamos escuchando estaba pensando \u2018menudo mont\u00f3n de mierda\u2019. No me gustaba nada, estaba totalmente ajeno a todo eso. No s\u00e9 si era porque se lo estaba poniendo a otra persona, pero dije, \u2018despu\u00e9s de todos estos a\u00f1os salir con esto\u2026 no creo que est\u00e9 bien\u2019, as\u00ed que lo descartamos.\u201d<\/p>\n<p>Pod\u00e9is escuchar el podcast, auspiciado por la mujer y manager de <strong>Butler<\/strong> Gloria, a continuaci\u00f3n.<\/p>\n<p>El m\u00fasico prepara <a href=\"https:\/\/www.rafabasa.com\/2026\/01\/03\/van-halen-black-sabbath-speedclaw\/#Iommi\" rel=\"nofollow noopener\" target=\"_blank\">nuevo material<\/a> en solitario.<\/p>\n<p>El concierto de despedida de <a href=\"https:\/\/www.facebook.com\/BlackSabbath\" target=\"_blank\" rel=\"noopener nofollow\"><strong>BLACK SABBATH<\/strong><\/a> y Ozzy Osbourne \u201cBack To The Beginning\u201d celebrado el pasado 5 de julio en el estadio Villa Park de Birmingham ser\u00e1 <a href=\"https:\/\/www.rafabasa.com\/2025\/08\/05\/steven-wilson-black-sabbath-green-carnation-babylon-a-d\/#Wilson\" rel=\"nofollow noopener\" target=\"_blank\">estrenado en cines<\/a> a primeros de 2026.<\/p>\n<p>Ten\u00e9is un resumen del concierto de despedida celebrado el pasado 5 de julio en el Villa Park de Birmingham en este <a href=\"https:\/\/www.rafabasa.com\/2025\/07\/06\/black-sabbath-y-ozzy-resumen-del-back-to-the-beginning-imagenes-y-videos\/\" target=\"_blank\" rel=\"noopener nofollow\">enlace<\/a>.<\/p>\n<p>La banda declaro que no descarta <a href=\"https:\/\/www.rafabasa.com\/2025\/07\/03\/black-sabbath-auri-fm\/#BLACK_SABBATH\" target=\"_blank\" rel=\"noopener nofollow\">sacar un disco<\/a>.<\/p>\n<p>\u00a0<\/p>\n<p>\u00a0<\/p>\n<p>El guitarrista de <a href=\"https:\/\/firewind.gr\/\" target=\"_blank\" rel=\"noopener nofollow\"><strong>FIREWIND<\/strong><\/a> <a href=\"https:\/\/www.gusgofficial.com\/\" target=\"_blank\" rel=\"noopener nofollow\"><strong>Gus G.<\/strong><\/a> ha estrenado un lyric v\u00eddeo para el tema \u201cRedemption\u201d en el que participa el cantante de STEEL PANTHER Michael Starr.<\/p>\n<p>La versi\u00f3n original del tema se incluy\u00f3 en su segundo disco en solitario \u201cI Am The Fire\u201d.<\/p>\n<p><a href=\"https:\/\/firewind.gr\/\" target=\"_blank\" rel=\"noopener nofollow\"><strong>FIREWIND<\/strong><\/a> han firmado con la filial de Frontiers Music BLKIIBLK Records para editar su <a href=\"https:\/\/www.rafabasa.com\/2025\/11\/23\/kiss-angra-firewind-toxik\/#FIREWIND2\" rel=\"nofollow noopener\" target=\"_blank\">pr\u00f3ximo trabajo<\/a>.<\/p>\n<p><strong>Gus G. <\/strong>dice: \u00abAqu\u00ed les dejo un peque\u00f1o regalo visual. Un video con la letra genial de \u00abRedemption\u00bb, un tema antiguo de mi \u00e1lbum debut con la participaci\u00f3n de Michael Starr de Steel Panther. \u00a1Gracias a Pavlos Siranidis por crearlo!\u00bb.<\/p>\n<p>En junio sac\u00f3 <a href=\"https:\/\/www.rafabasa.com\/2025\/06\/22\/alice-cooper-gus-g-ronnie-romero-malevolence\/#GUS_G\" rel=\"nofollow noopener\" target=\"_blank\">otro single<\/a> con Ronnie Romero.<\/p>\n<p>El guitarrista sac\u00f3 el 8 de octubre de 2021 a trav\u00e9s de AFM Records su \u00faltimo disco en solitario titulado \u201cQuantum Leap\u201d.<\/p>\n<p>M\u00e1s detalles en esta <a href=\"https:\/\/www.rafabasa.com\/2021\/08\/18\/megadeth-gus-g-pultur\/#Gus_G\" target=\"_blank\" rel=\"noopener nofollow\">noticia<\/a> y los v\u00eddeos aparecidos en <a href=\"https:\/\/www.rafabasa.com\/2022\/02\/20\/downset-gus-g-headbangers-open-air\/#Gus_G\" target=\"_blank\" rel=\"noopener nofollow\">esta<\/a>.<\/p>\n<p>\u00a0<\/p>\n<p>\u00a0<\/p>\n<p>A continuaci\u00f3n pod\u00e9is escuchar \u00edntegro el nuevo disco de <strong>TAIFA<\/strong> \u201cHerej\u00edas sonoras para o\u00eddos libres\u201d.<\/p>\n<p>La grabaci\u00f3n se realiz\u00f3 entre Mallorca, Andaluc\u00eda y Marruecos, y el cantante, bajista, multinstrumentista y l\u00edder Luis Massot, estuvo acompa\u00f1ado por el guitarrista Miguel Maya y el bater\u00eda Antonio Medina.<\/p>\n<p>En el \u00e1lbum han colaborado los guitarristas flamencos Juan Delola y Enric Gay\u00e1, los violinistas andalus\u00edes Amin Chaachoo y Yasser el Attar y el teclista oriental Zouhair Miftah.<br \/><strong>TAIFA<\/strong> editaron el 3 de octubre de 2016 a trav\u00e9s de Rock Estatal su \u00faltimo trabajo \u00abEmbrujo\u00bb.<\/p>\n<p>M\u00e1s detalles en esta <a href=\"https:\/\/www.rafabasa.com\/2016\/09\/09\/guns-n-roses-hammerfall-avulsed-art-of-anarchy-taifa\/#TAIFA\" target=\"_blank\" rel=\"noopener nofollow\">noticia<\/a>.<\/p>\n<p>En 2019 sali\u00f3 en DVD \u201cAc\u00fastico embrujado\u201d.<\/p>\n<p>M\u00e1s sobre la banda en esta <a href=\"https:\/\/www.rafabasa.com\/2016\/09\/20\/slayer-atlas-loverboy-taifa-party-san-open-air\/#TAIFA\" rel=\"nofollow noopener\" target=\"_blank\">noticia<\/a>.<\/p>\n<p>\u00a0<\/p>\n<p align=\"center\"><strong>Sigue el\u00a0<a href=\"https:\/\/whatsapp.com\/channel\/0029VaCprxVBA1f555USvT2O\" target=\"_blank\" rel=\"nofollow noopener\">Canal de RAFABASA.COM en WhatsApp<\/a>, donde encontrar\u00e1s todas nuestras novedades al instante<\/strong><\/p>\n<p>\u00a0<\/p>\n","protected":false},"excerpt":{"rendered":"\u00a0 Geezer Butler habla del material in\u00e9dito de BLACK SABBATH \u2013 V\u00eddeo de Gus G. con Michael Starr&hellip;\n","protected":false},"author":2,"featured_media":327843,"comment_status":"","ping_status":"","sticky":false,"template":"","format":"standard","meta":{"footnotes":""},"categories":[170],"tags":[187,146,147,25,24,52106,184,185,23,75750],"class_list":{"0":"post-327842","1":"post","2":"type-post","3":"status-publish","4":"format-standard","5":"has-post-thumbnail","7":"category-musica","8":"tag-black-sabbath","9":"tag-entertainment","10":"tag-entretenimiento","11":"tag-es","12":"tag-espana","13":"tag-gus-g","14":"tag-music","15":"tag-musica","16":"tag-spain","17":"tag-taifa"},"share_on_mastodon":{"url":"https:\/\/pubeurope.com\/@es\/115854162308845524","error":""},"_links":{"self":[{"href":"https:\/\/www.europesays.com\/es\/wp-json\/wp\/v2\/posts\/327842","targetHints":{"allow":["GET"]}}],"collection":[{"href":"https:\/\/www.europesays.com\/es\/wp-json\/wp\/v2\/posts"}],"about":[{"href":"https:\/\/www.europesays.com\/es\/wp-json\/wp\/v2\/types\/post"}],"author":[{"embeddable":true,"href":"https:\/\/www.europesays.com\/es\/wp-json\/wp\/v2\/users\/2"}],"replies":[{"embeddable":true,"href":"https:\/\/www.europesays.com\/es\/wp-json\/wp\/v2\/comments?post=327842"}],"version-history":[{"count":0,"href":"https:\/\/www.europesays.com\/es\/wp-json\/wp\/v2\/posts\/327842\/revisions"}],"wp:featuredmedia":[{"embeddable":true,"href":"https:\/\/www.europesays.com\/es\/wp-json\/wp\/v2\/media\/327843"}],"wp:attachment":[{"href":"https:\/\/www.europesays.com\/es\/wp-json\/wp\/v2\/media?parent=327842"}],"wp:term":[{"taxonomy":"category","embeddable":true,"href":"https:\/\/www.europesays.com\/es\/wp-json\/wp\/v2\/categories?post=327842"},{"taxonomy":"post_tag","embeddable":true,"href":"https:\/\/www.europesays.com\/es\/wp-json\/wp\/v2\/tags?post=327842"}],"curies":[{"name":"wp","href":"https:\/\/api.w.org\/{rel}","templated":true}]}}