{"id":327856,"date":"2026-01-07T14:02:08","date_gmt":"2026-01-07T14:02:08","guid":{"rendered":"https:\/\/www.europesays.com\/es\/327856\/"},"modified":"2026-01-07T14:02:08","modified_gmt":"2026-01-07T14:02:08","slug":"dinamarca-y-groenlandia-persiguen-desmontar-los-argumentos-de-trump-el-mundo","status":"publish","type":"post","link":"https:\/\/www.europesays.com\/es\/327856\/","title":{"rendered":"Dinamarca y Groenlandia persiguen &quot;desmontar los argumentos&quot; de Trump &#8211; El Mundo"},"content":{"rendered":"<ol>\n<li><a href=\"https:\/\/news.google.com\/rss\/articles\/CBMigwFBVV95cUxQWDBMeWxsM2w0NTRLTHlwcXZGUTVmSTZqRmttYUl1SFhyd1pXc3dxOW16WHlUNHI2OVdzT2hNU1hldU9ZR3ZOZ1NvNk1wYUM4bWVLREhPbzVhYml2cmlPdkVvdnZoUTByVmd5THpycVJhUFFEZmo4R1ltV052OTJTMDczNNIBgwFBVV95cUxOTmlGMTJzbERmblZRT21vclBvMm92T3FMelFuM0RFNndEZ2FrN2t5ZzktSzBlM0FfUmhYZVBSaUhzUDN3MXpCVWpFVl93VjBvVEVVclE2RDBSUlR1TEtLemV6SkhURFM3dmo2RVR2UDc1alZHV3VWT013R3oyZnJUVzgwNA?oc=5\" target=\"_blank\" rel=\"nofollow noopener\">Dinamarca y Groenlandia persiguen \u00abdesmontar los argumentos\u00bb de Trump<\/a>&nbsp;&nbsp;El Mundo<\/li>\n<li><a href=\"https:\/\/news.google.com\/rss\/articles\/CBMiswFBVV95cUxOeE9ic3JEc29mVGllaWtGaGR3ZzB5aUlBTFJkRzVySE1VNlpUcEk1U3JrcUtTcEV3N19PeThUb0ZOVF9jTFVVSUNHOXJNYnAza1pabHZhTEhYNktYOWgzOXRfVXFOV0ljZFlYUDFQcEl0bVZSaDlMVFk4S3FESWhNcm5Rb2tPaEU0VkY1S2d5NEd4cGYxQXF2QzcxdVdBbFFGX28zRW9Fa25tTFhQOVhMZHpXSdIBswFBVV95cUxOb2NOQmIyVDZqT013Wi0yQ0VtUmgydFRaOFRIZ3BhY0xLSGRLOFhaTVNZMHN5SC1Gd3hfV2hpNjJmY2hFQloyX2dnYmk3UGhOQ0xfNndDaFp6aGRjcGs3SG93eGV6VWNpSExwWmluMU0tVWhZZXAyUVhGSHViWjU3QUxFam9jZWhVTGwyOWowbElWSklic09FZXdtWlkxT3NTNnZkLWVTNjEwWVJqbW5reWkyRQ?oc=5\" target=\"_blank\" rel=\"nofollow noopener\">Claves: \u00bfQu\u00e9 pasa con Groenlandia? \u00bfPor qu\u00e9 Trump quiere comprarla? \u00bfPor qu\u00e9 es importante controlar la isla? \u00bfPor qu\u00e9 pertenece a Dinamarca?<\/a>&nbsp;&nbsp;El Peri\u00f3dico<\/li>\n<li><a href=\"https:\/\/news.google.com\/rss\/articles\/CBMivAFBVV95cUxOc0ppaXlITGwzbkRpT1I3TDNGR002bnZnV05vSFJqNTVJTFNWU2JydGNuQXJ0Qmp4N3hkNU8ybWo4clBRNWRhQmZSUk1hYVVUNE9LWWlXcktsblE3WUdzRkxqVVBRMXkxdmh4R1Z3eEVmR3pfeHBoVXUzZ3RsNXo2cFVhM1V3eTVSbk10cWxFMkZ0NFVSZVNHS0tRSTIxTW1FV2IzZEdWNzhxWmJZNFZ6bThCMHE2bGJ6eWp1ZQ?oc=5\" target=\"_blank\" rel=\"nofollow noopener\">El Art\u00edculo 5 de la OTAN y por qu\u00e9 la Alianza puede hacer el rid\u00edculo con Groenlandia<\/a>&nbsp;&nbsp;El Correo<\/li>\n<li><a href=\"https:\/\/news.google.com\/rss\/articles\/CBMizwFBVV95cUxPX1hCZW9xYzZaNlNhcmJVUmVOVkhXb1pEdVE2bmhvUE5aeTVNYUI3bFFDZC1nS1otYXhteDV4RFo4a3R6ODdGYlBFZzUzSHVIQ01yYzI1cHZrODBGMFFVMFJDLXg4VzBuV055Z2hBQWVhSUtza3JoNzdiNVIwYU1aTlVISUFieUx3ZGp6WFNjWUR3MGdCR2xQZlRnRkc0TExuTWJMckxEMmNuVXMyYjNpaWVrc2h5MVVWWTh0N2ZqQ0stNFIyZkFNTktwSE1ZVG8?oc=5\" target=\"_blank\" rel=\"nofollow noopener\">Un alivio para Copenhague: siete pa\u00edses europeos cierran filas con Groenlandia frente al acoso de Trump<\/a>&nbsp;&nbsp;La Vanguardia<\/li>\n<li><a href=\"https:\/\/news.google.com\/rss\/articles\/CBMigAFBVV95cUxQOFo2WjFULTczU0dVdlBnbzNNaHlXMDA3SlAxSEpBdThLQ01wMllBMjFDTXNlNVMzakxQTFZid0tpWGpUVnF4aS1TSm81TC10NnNBc1E5RXVOTGxDN2JsYUNGcnBJODhBMHY4NlpFRlBubWJ2OXdVLUkydTMtTDFaMA?oc=5\" target=\"_blank\" rel=\"nofollow noopener\">Trump estar\u00eda dispuesto a comprar Groenlandia<\/a>&nbsp;&nbsp;Expansi\u00f3n<\/li>\n<\/ol>\n","protected":false},"excerpt":{"rendered":"Dinamarca y Groenlandia persiguen \u00abdesmontar los argumentos\u00bb de Trump&nbsp;&nbsp;El Mundo Claves: \u00bfQu\u00e9 pasa con Groenlandia? \u00bfPor qu\u00e9 Trump&hellip;\n","protected":false},"author":2,"featured_media":327857,"comment_status":"","ping_status":"","sticky":false,"template":"","format":"standard","meta":{"footnotes":""},"categories":[42],"tags":[17,18,2496,352,629,13,14,11,61,62,63,64,19,20,9,10,15,16,12,21,22,65,66,67],"class_list":{"0":"post-327856","1":"post","2":"type-post","3":"status-publish","4":"format-standard","5":"has-post-thumbnail","7":"category-internacional","8":"tag-breaking-news","9":"tag-breakingnews","10":"tag-dinamarca","11":"tag-donald-trump","12":"tag-estados-unidos","13":"tag-featured-news","14":"tag-featurednews","15":"tag-headlines","16":"tag-internacional","17":"tag-international","18":"tag-international-news","19":"tag-internationalnews","20":"tag-latest-news","21":"tag-latestnews","22":"tag-news","23":"tag-noticias","24":"tag-noticias-destacadas","25":"tag-noticiasdestacadas","26":"tag-titulares","27":"tag-ultimas-noticias","28":"tag-ultimasnoticias","29":"tag-world","30":"tag-world-news","31":"tag-worldnews"},"share_on_mastodon":{"url":"https:\/\/pubeurope.com\/@es\/115854189778087433","error":""},"_links":{"self":[{"href":"https:\/\/www.europesays.com\/es\/wp-json\/wp\/v2\/posts\/327856","targetHints":{"allow":["GET"]}}],"collection":[{"href":"https:\/\/www.europesays.com\/es\/wp-json\/wp\/v2\/posts"}],"about":[{"href":"https:\/\/www.europesays.com\/es\/wp-json\/wp\/v2\/types\/post"}],"author":[{"embeddable":true,"href":"https:\/\/www.europesays.com\/es\/wp-json\/wp\/v2\/users\/2"}],"replies":[{"embeddable":true,"href":"https:\/\/www.europesays.com\/es\/wp-json\/wp\/v2\/comments?post=327856"}],"version-history":[{"count":0,"href":"https:\/\/www.europesays.com\/es\/wp-json\/wp\/v2\/posts\/327856\/revisions"}],"wp:featuredmedia":[{"embeddable":true,"href":"https:\/\/www.europesays.com\/es\/wp-json\/wp\/v2\/media\/327857"}],"wp:attachment":[{"href":"https:\/\/www.europesays.com\/es\/wp-json\/wp\/v2\/media?parent=327856"}],"wp:term":[{"taxonomy":"category","embeddable":true,"href":"https:\/\/www.europesays.com\/es\/wp-json\/wp\/v2\/categories?post=327856"},{"taxonomy":"post_tag","embeddable":true,"href":"https:\/\/www.europesays.com\/es\/wp-json\/wp\/v2\/tags?post=327856"}],"curies":[{"name":"wp","href":"https:\/\/api.w.org\/{rel}","templated":true}]}}