{"id":327858,"date":"2026-01-07T14:03:16","date_gmt":"2026-01-07T14:03:16","guid":{"rendered":"https:\/\/www.europesays.com\/es\/327858\/"},"modified":"2026-01-07T14:03:16","modified_gmt":"2026-01-07T14:03:16","slug":"la-laguna-recoge-cerca-de-30-toneladas-de-papel-y-carton-tras-la-visita-de-los-reyes-magos","status":"publish","type":"post","link":"https:\/\/www.europesays.com\/es\/327858\/","title":{"rendered":"La Laguna recoge cerca de 30 toneladas de papel y cart\u00f3n tras la visita de los Reyes Magos"},"content":{"rendered":"<p style=\"text-align: justify;\">La Laguna activ\u00f3 un dispositivo especial de limpieza con motivo de la celebraci\u00f3n de la llegada de Sus Majestades los\u00a0Reyes Magos\u00a0de Oriente al municipio, especialmente durante la jornada del\u00a06 de enero. Este operativo, coordinado por el \u00c1rea de Servicios Municipales, permiti\u00f3 recuperar la normalidad en un corto espacio de tiempo\u00a0gracias al esfuerzo y trabajo del personal implicado y a la correcta planificaci\u00f3n de los recursos. \u00a0<\/p>\n<p style=\"text-align: justify;\">Durante estos d\u00edas, se\u00a0han recogido cerca de 30 toneladas de papel y cart\u00f3n, una cifra que adquiere mayor relevancia si se tiene en cuenta que en una jornada ordinaria se recogen en el municipio alrededor de 12 toneladas diarias de este tipo de residuos. Este incremento puntual refleja tanto la intensa actividad registrada durante la celebraci\u00f3n de los Reyes Magos como el creciente compromiso de la ciudadan\u00eda con la separaci\u00f3n y el reciclaje, superando adem\u00e1s los 25.000 kilos recogidos en la pasada edici\u00f3n.<\/p>\n<p style=\"text-align: justify;\">El concejal de Servicios Municipales destac\u00f3 que \u201ceste dispositivo vuelve a demostrar la capacidad de respuesta del servicio de limpieza municipal en d\u00edas de gran afluencia. Queremos reconocer p\u00fablicamente el esfuerzo, la profesionalidad y la eficacia de los operarios y operarias, que permiten que La Laguna recupere su imagen habitual tras una jornada tan especial para miles de familias\u201d.<\/p>\n<p style=\"text-align: justify;\">Para llevar a cabo este operativo, el Ayuntamiento reforz\u00f3 los medios habituales del servicio de limpieza, incrementando tanto los recursos humanos como los medios mec\u00e1nicos disponibles\u00a0con un despliegue de 45 operarios, as\u00ed como con veh\u00edculos especializados para la recogida de residuos, que actuaron de forma coordinada desde la finalizaci\u00f3n de los actos hasta las primeras horas del d\u00eda siguiente.<\/p>\n<p style=\"text-align: justify;\">El concejal subray\u00f3 que \u201cla rapidez con la que cada uno de los pueblos y barrios del municipio va recuperando la normalidad es fruto de una planificaci\u00f3n previa y del compromiso diario del personal de limpieza, que trabaja de manera constante para mantener los espacios p\u00fablicos en condiciones \u00f3ptimas tras celebraciones multitudinarias\u201d.<\/p>\n<p style=\"text-align: justify;\">Asimismo, quiso poner en valor la colaboraci\u00f3n vecinal, se\u00f1alando que \u201ccada a\u00f1o observamos una mayor concienciaci\u00f3n ciudadana a la hora de reciclar, especialmente en la correcta separaci\u00f3n del papel y el cart\u00f3n. Esa implicaci\u00f3n facilita enormemente la labor de recogida y contribuye a un municipio m\u00e1s limpio y sostenible\u201d.<\/p>\n<p style=\"text-align: justify;\">Desde el Ayuntamiento de La Laguna se agradece el esfuerzo del personal del servicio de limpieza y se recuerda la importancia de mantener h\u00e1bitos responsables en la gesti\u00f3n de residuos, especialmente tras grandes eventos, para seguir cuidando el entorno urbano y garantizar espacios p\u00fablicos de calidad para toda la ciudadan\u00eda.<\/p>\n","protected":false},"excerpt":{"rendered":"La Laguna activ\u00f3 un dispositivo especial de limpieza con motivo de la celebraci\u00f3n de la llegada de Sus&hellip;\n","protected":false},"author":2,"featured_media":327859,"comment_status":"","ping_status":"","sticky":false,"template":"","format":"standard","meta":{"footnotes":""},"categories":[8],"tags":[17,18,25,24,13,14,11,19,20,9,10,15,16,23,12,21,22],"class_list":{"0":"post-327858","1":"post","2":"type-post","3":"status-publish","4":"format-standard","5":"has-post-thumbnail","7":"category-espana","8":"tag-breaking-news","9":"tag-breakingnews","10":"tag-es","11":"tag-espana","12":"tag-featured-news","13":"tag-featurednews","14":"tag-headlines","15":"tag-latest-news","16":"tag-latestnews","17":"tag-news","18":"tag-noticias","19":"tag-noticias-destacadas","20":"tag-noticiasdestacadas","21":"tag-spain","22":"tag-titulares","23":"tag-ultimas-noticias","24":"tag-ultimasnoticias"},"share_on_mastodon":{"url":"https:\/\/pubeurope.com\/@es\/115854193890231378","error":""},"_links":{"self":[{"href":"https:\/\/www.europesays.com\/es\/wp-json\/wp\/v2\/posts\/327858","targetHints":{"allow":["GET"]}}],"collection":[{"href":"https:\/\/www.europesays.com\/es\/wp-json\/wp\/v2\/posts"}],"about":[{"href":"https:\/\/www.europesays.com\/es\/wp-json\/wp\/v2\/types\/post"}],"author":[{"embeddable":true,"href":"https:\/\/www.europesays.com\/es\/wp-json\/wp\/v2\/users\/2"}],"replies":[{"embeddable":true,"href":"https:\/\/www.europesays.com\/es\/wp-json\/wp\/v2\/comments?post=327858"}],"version-history":[{"count":0,"href":"https:\/\/www.europesays.com\/es\/wp-json\/wp\/v2\/posts\/327858\/revisions"}],"wp:featuredmedia":[{"embeddable":true,"href":"https:\/\/www.europesays.com\/es\/wp-json\/wp\/v2\/media\/327859"}],"wp:attachment":[{"href":"https:\/\/www.europesays.com\/es\/wp-json\/wp\/v2\/media?parent=327858"}],"wp:term":[{"taxonomy":"category","embeddable":true,"href":"https:\/\/www.europesays.com\/es\/wp-json\/wp\/v2\/categories?post=327858"},{"taxonomy":"post_tag","embeddable":true,"href":"https:\/\/www.europesays.com\/es\/wp-json\/wp\/v2\/tags?post=327858"}],"curies":[{"name":"wp","href":"https:\/\/api.w.org\/{rel}","templated":true}]}}