{"id":327860,"date":"2026-01-07T14:04:17","date_gmt":"2026-01-07T14:04:17","guid":{"rendered":"https:\/\/www.europesays.com\/es\/327860\/"},"modified":"2026-01-07T14:04:17","modified_gmt":"2026-01-07T14:04:17","slug":"el-juez-del-supremo-rechaza-la-comparecencia-de-abalos-en-el-senado-forzada-por-el-pp","status":"publish","type":"post","link":"https:\/\/www.europesays.com\/es\/327860\/","title":{"rendered":"El juez del Supremo rechaza la comparecencia de \u00c1balos en el Senado forzada por el PP"},"content":{"rendered":"<p class=\"article-text\">\n        El <a href=\"https:\/\/www.eldiario.es\/temas\/tribunal-supremo\/\" target=\"_blank\" data-mrf-recirculation=\"links-noticia\" class=\"link\" rel=\"nofollow noopener\">Tribunal Supremo<\/a> no autoriza la comparecencia en el Senado prevista para este jueves del exministro socialista <a href=\"https:\/\/www.eldiario.es\/temas\/jose-luis-abalos\/\" target=\"_blank\" data-mrf-recirculation=\"links-noticia\" class=\"link\" rel=\"nofollow noopener\">Jos\u00e9 Luis \u00c1balos<\/a>, que se encuentra en prisi\u00f3n desde hace m\u00e1s de un mes. El pasado 30 de diciembre, la mayor\u00eda del Partido Popular en la C\u00e1mara Alta habilit\u00f3 el mes de enero para poder convocar comisiones y <a href=\"https:\/\/www.eldiario.es\/politica\/pp-cita-abalos-8-enero-senado-responda-pedro-sanchez_1_12877130.html\" target=\"_blank\" data-mrf-recirculation=\"links-noticia\" class=\"link\" rel=\"nofollow noopener\">registr\u00f3 una petici\u00f3n<\/a> que deb\u00eda contar con el permiso del juez que decidi\u00f3 enviar a la c\u00e1rcel al que fuera &#8216;n\u00famero tres&#8217; del PSOE y ministro de Transportes. En su auto, el juez Leopoldo Puente afirma que no es posible otorgar la autorizaci\u00f3n \u201cante la singular premura de la solicitud\u201d.\n    <\/p>\n<p>    <a href=\"https:\/\/www.eldiario.es\/politica\/tribunales-deciden-2026-si-ingresan-carcel-tres-exministros-pp-psoe_1_12879009.html\" data-mrf-recirculation=\"saber-mas\" data-dl-event=\"saber-mas\" rel=\"nofollow noopener\" target=\"_blank\"><\/p>\n<p class=\"know-more__title\">Los tribunales deciden este 2026 si ingresan en la c\u00e1rcel tres exministros del PP y uno del PSOE<\/p>\n<p>            <img decoding=\"async\" class=\"lazy\" loading=\"lazy\" data-src=\"https:\/\/static.eldiario.es\/clip\/fba97142-f976-4c76-ae26-2256ec6482b2_16-9-aspect-ratio_default_0.jpg\" src=\"data:image\/svg+xml,%3Csvg xmlns=\" http:=\"\" viewbox=\"0 0 880 495\" alt=\"Los tribunales deciden este 2026 si ingresan en la c\u00e1rcel tres exministros del PP y uno del PSOE\"\/><\/p>\n<p>                        <\/a><\/p>\n<p class=\"article-text\">\n        As\u00ed, el magistrado explica que pondr\u00e1 esta decisi\u00f3n en conocimiento de la Presidencia del Senado \u201cpor el m\u00e9todo m\u00e1s r\u00e1pido posible\u201d. Y a\u00f1ade, en todo caso, que si se produce una nueva petici\u00f3n por parte de la C\u00e1mara escuchar\u00e1 a las partes del proceso \u2014la Fiscal\u00eda, la acusaci\u00f3n popular y la defensa de \u00c1balos\u2014 antes de tomar una decisi\u00f3n.\n    <\/p>\n<p class=\"article-text\">\n        El juez Puente cita en su auto el precedente de enero de 2019, cuando la Sala Segunda no autoriz\u00f3 la comparecencia de varios pol\u00edticos implicados en el proc\u00e9s en una comisi\u00f3n de investigaci\u00f3n del Parlament de Catalunya ante la \u201cinminencia\u201d del juicio que se iba a celebrar contra ellos. Entonces, el tribunal argument\u00f3 que \u201cmuchos de los aspectos sobre los que versar\u00eda\u201d esa comisi\u00f3n estaban \u201c\u00edntimamente ligados\u201d con los hechos objeto de acusaci\u00f3n y que eso podr\u00eda dar lugar a \u201cindeseadas interferencias\u201d entre la comparecencia ante la comisi\u00f3n y el derecho de defensa de los acusados en el acto del juicio oral.\n    <\/p>\n<p class=\"article-text\">\n        Para los primeros meses de 2026 est\u00e1 previsto\u00a0<a href=\"https:\/\/www.eldiario.es\/politica\/supremo-abre-juicio-oral-abalos-aldama-koldo-contratos-mascarillas_1_12836439.html\" target=\"_blank\" data-mrf-recirculation=\"links-noticia\" class=\"link\" rel=\"nofollow noopener\">el juicio contra \u00c1balos, quien fuera su asesor Koldo Garc\u00eda y el empresario V\u00edctor de Aldama<\/a>\u00a0en la parte de la causa centrada en los contratos de mascarillas de la pandemia adjudicados a dedo por el ministerio de Transportes. Los dos primeros, que est\u00e1n en prisi\u00f3n provisional desde el pasado noviembre, se enfrentan a condenas de hasta treinta a\u00f1os de c\u00e1rcel.\u00a0\n    <\/p>\n<p class=\"article-text\">\n        Por otro lado, el juez Puente tambi\u00e9n ha desestimado la petici\u00f3n formulada por el exministro para ser juzgado por un jurado popular y no por el alto tribunal en este juicio. El magistrado argumenta que la ley excluye el jurado cuando se trata de delitos cuyo enjuiciamiento, como sucede en este caso, viene atribuido a la Audiencia Nacional debido a su \u201cespecial complejidad\u201d.\n    <\/p>\n<p>    <a href=\"https:\/\/www.eldiario.es\/politica\/pp-cita-abalos-8-enero-senado-responda-pedro-sanchez_1_12877130.html\" data-mrf-recirculation=\"saber-mas-abajo\" data-dl-event=\"saber-mas-abajo\" rel=\"nofollow noopener\" target=\"_blank\"><\/p>\n<p class=\"know-more__title\">El PP cita a \u00c1balos el 8 de enero en el Senado para que \u201cresponda por todo lo que sabe sobre Pedro S\u00e1nchez\u201d\n<\/p>\n<p>            <img decoding=\"async\" class=\"lazy\" loading=\"lazy\" data-src=\"https:\/\/static.eldiario.es\/clip\/a0319428-dfc3-4333-b45c-8567dc489954_16-9-aspect-ratio_default_0.jpg\" src=\"data:image\/svg+xml,%3Csvg xmlns=\" http:=\"\" viewbox=\"0 0 880 495\" alt=\"El PP cita a \u00c1balos el 8 de enero en el Senado para que &quot;responda por todo lo que sabe sobre Pedro S\u00e1nchez&quot;\"\/><\/p>\n<p>                        <\/a><\/p>\n<p class=\"article-text\">\n        En su caso, el procedimiento est\u00e1 en el Supremo debido a su condici\u00f3n de aforado. Puente considera que ser\u00eda una \u201cirresoluble paradoja\u201d que \u00c1balos fuera enjuiciado por un Tribunal de Jurado y no pudieran serlo \u201cpor expresa prohibici\u00f3n legal\u201d los dem\u00e1s investigados en la Audiencia Nacional.\n    <\/p>\n","protected":false},"excerpt":{"rendered":"El Tribunal Supremo no autoriza la comparecencia en el Senado prevista para este jueves del exministro socialista Jos\u00e9&hellip;\n","protected":false},"author":2,"featured_media":327861,"comment_status":"","ping_status":"","sticky":false,"template":"","format":"standard","meta":{"footnotes":""},"categories":[5],"tags":[32397,17,18,10156,25,24,13,14,75752,11,1664,19,20,9,10,15,16,956,6912,23,8312,12,21,22,26307],"class_list":{"0":"post-327860","1":"post","2":"type-post","3":"status-publish","4":"format-standard","5":"has-post-thumbnail","7":"category-titulares","8":"tag-abalos","9":"tag-breaking-news","10":"tag-breakingnews","11":"tag-comparecencia","12":"tag-es","13":"tag-espana","14":"tag-featured-news","15":"tag-featurednews","16":"tag-forzada","17":"tag-headlines","18":"tag-juez","19":"tag-latest-news","20":"tag-latestnews","21":"tag-news","22":"tag-noticias","23":"tag-noticias-destacadas","24":"tag-noticiasdestacadas","25":"tag-pp","26":"tag-senado","27":"tag-spain","28":"tag-supremo","29":"tag-titulares","30":"tag-ultimas-noticias","31":"tag-ultimasnoticias","32":"tag-veta"},"share_on_mastodon":{"url":"https:\/\/pubeurope.com\/@es\/115854197580881776","error":""},"_links":{"self":[{"href":"https:\/\/www.europesays.com\/es\/wp-json\/wp\/v2\/posts\/327860","targetHints":{"allow":["GET"]}}],"collection":[{"href":"https:\/\/www.europesays.com\/es\/wp-json\/wp\/v2\/posts"}],"about":[{"href":"https:\/\/www.europesays.com\/es\/wp-json\/wp\/v2\/types\/post"}],"author":[{"embeddable":true,"href":"https:\/\/www.europesays.com\/es\/wp-json\/wp\/v2\/users\/2"}],"replies":[{"embeddable":true,"href":"https:\/\/www.europesays.com\/es\/wp-json\/wp\/v2\/comments?post=327860"}],"version-history":[{"count":0,"href":"https:\/\/www.europesays.com\/es\/wp-json\/wp\/v2\/posts\/327860\/revisions"}],"wp:featuredmedia":[{"embeddable":true,"href":"https:\/\/www.europesays.com\/es\/wp-json\/wp\/v2\/media\/327861"}],"wp:attachment":[{"href":"https:\/\/www.europesays.com\/es\/wp-json\/wp\/v2\/media?parent=327860"}],"wp:term":[{"taxonomy":"category","embeddable":true,"href":"https:\/\/www.europesays.com\/es\/wp-json\/wp\/v2\/categories?post=327860"},{"taxonomy":"post_tag","embeddable":true,"href":"https:\/\/www.europesays.com\/es\/wp-json\/wp\/v2\/tags?post=327860"}],"curies":[{"name":"wp","href":"https:\/\/api.w.org\/{rel}","templated":true}]}}