{"id":327868,"date":"2026-01-07T14:13:07","date_gmt":"2026-01-07T14:13:07","guid":{"rendered":"https:\/\/www.europesays.com\/es\/327868\/"},"modified":"2026-01-07T14:13:07","modified_gmt":"2026-01-07T14:13:07","slug":"asi-esta-hoy-el-cesped-del-reino-de-leon","status":"publish","type":"post","link":"https:\/\/www.europesays.com\/es\/327868\/","title":{"rendered":"As\u00ed est\u00e1 hoy el c\u00e9sped del Reino de Le\u00f3n"},"content":{"rendered":"<p class=\"v-mdl-ath__p v-mdl-ath__p--6\">\nMi\u00e9rcoles, 7 de enero 2026, 13:57<\/p>\n<p>| Actualizado 14:20h.<\/p>\n<p class=\"v-p\">El c\u00e9sped del Reino de Le\u00f3n, el estadio de la Cultural Leonesa que visitar\u00e1 el Athletic la pr\u00f3xima semana en los octavos de final de la Copa del Rey, ha amanecido hoy completamente cubierto de nieve. A falta de conocer la fecha exacta del partido, entre el 13 y el 15 de enero, la previsi\u00f3n de Aemet para el pr\u00f3ximo martes no apunta a que pueda nevar en Le\u00f3n, aunque s\u00ed hay muchas posibilidades de que llueva. Las temperaturas ir\u00e1n desde los 6\u00baC de la m\u00ednima a los 8\u00baC de la m\u00e1xima.<\/p>\n<p class=\"v-p\">El Reino de Le\u00f3n fue inaugurado en mayo de 2001 y tiene una capacidad para 13.346 espectadores. El club cuenta con 10.174 abonados, por lo que se espera que el lleno sea absoluto para la cita de Copa.<\/p>\n<p>Reporta un error<\/p>\n","protected":false},"excerpt":{"rendered":"Mi\u00e9rcoles, 7 de enero 2026, 13:57 | Actualizado 14:20h. El c\u00e9sped del Reino de Le\u00f3n, el estadio de&hellip;\n","protected":false},"author":2,"featured_media":327869,"comment_status":"","ping_status":"","sticky":false,"template":"","format":"standard","meta":{"footnotes":""},"categories":[268],"tags":[5958,168,25,24,280,282,315,4108,9444,281,23,167],"class_list":{"0":"post-327868","1":"post","2":"type-post","3":"status-publish","4":"format-standard","5":"has-post-thumbnail","7":"category-futbol","8":"tag-cesped","9":"tag-deportes","10":"tag-es","11":"tag-espana","12":"tag-football","13":"tag-futbol","14":"tag-hoy","15":"tag-leon","16":"tag-reino","17":"tag-soccer","18":"tag-spain","19":"tag-sports"},"share_on_mastodon":{"url":"https:\/\/pubeurope.com\/@es\/115854233803483867","error":""},"_links":{"self":[{"href":"https:\/\/www.europesays.com\/es\/wp-json\/wp\/v2\/posts\/327868","targetHints":{"allow":["GET"]}}],"collection":[{"href":"https:\/\/www.europesays.com\/es\/wp-json\/wp\/v2\/posts"}],"about":[{"href":"https:\/\/www.europesays.com\/es\/wp-json\/wp\/v2\/types\/post"}],"author":[{"embeddable":true,"href":"https:\/\/www.europesays.com\/es\/wp-json\/wp\/v2\/users\/2"}],"replies":[{"embeddable":true,"href":"https:\/\/www.europesays.com\/es\/wp-json\/wp\/v2\/comments?post=327868"}],"version-history":[{"count":0,"href":"https:\/\/www.europesays.com\/es\/wp-json\/wp\/v2\/posts\/327868\/revisions"}],"wp:featuredmedia":[{"embeddable":true,"href":"https:\/\/www.europesays.com\/es\/wp-json\/wp\/v2\/media\/327869"}],"wp:attachment":[{"href":"https:\/\/www.europesays.com\/es\/wp-json\/wp\/v2\/media?parent=327868"}],"wp:term":[{"taxonomy":"category","embeddable":true,"href":"https:\/\/www.europesays.com\/es\/wp-json\/wp\/v2\/categories?post=327868"},{"taxonomy":"post_tag","embeddable":true,"href":"https:\/\/www.europesays.com\/es\/wp-json\/wp\/v2\/tags?post=327868"}],"curies":[{"name":"wp","href":"https:\/\/api.w.org\/{rel}","templated":true}]}}