{"id":327874,"date":"2026-01-07T14:17:08","date_gmt":"2026-01-07T14:17:08","guid":{"rendered":"https:\/\/www.europesays.com\/es\/327874\/"},"modified":"2026-01-07T14:17:08","modified_gmt":"2026-01-07T14:17:08","slug":"sofia-suescun-y-kiko-jimenez-sus-llamativas-caras-largas-a-su-regreso-a-madrid-abc","status":"publish","type":"post","link":"https:\/\/www.europesays.com\/es\/327874\/","title":{"rendered":"Sof\u00eda Suescun y Kiko Jim\u00e9nez, sus llamativas caras largas a su regreso a Madrid &#8211; ABC"},"content":{"rendered":"<ol>\n<li><a href=\"https:\/\/news.google.com\/rss\/articles\/CBMinwFBVV95cUxQdHlfT29JX2FlNVRFVUZuTmp4R2hpY242cThRWUNDSTVwZzV6UEg2S2xDcFp4b1RKZ2ZGTTRiNzgxRm5RM25OU1BBMGRfLThoV3ZLZjRwTFhUeHpBelJhMEtyRFZzbWphYTR1TEgwYzU0TURhX1loR0xNM0Y0NEdNS0ZvVEtvRlh4RGRNUXRrWVNRaUc2ZjFTNUUzWFk1bTg?oc=5\" target=\"_blank\" rel=\"nofollow noopener\">Sof\u00eda Suescun y Kiko Jim\u00e9nez, sus llamativas caras largas a su regreso a Madrid<\/a>&nbsp;&nbsp;ABC<\/li>\n<li><a href=\"https:\/\/news.google.com\/rss\/articles\/CBMi7gFBVV95cUxPNk5Lbzc4cnl0Umx3ano2VE5pelJLeERnU3FoNThiMkwtWW5sMGhISkRuN2lUZU16ZS1vc3pMa0RPMDlEUmJuZXkwWTh1ZXJyVE1NbnFCc1Atc3M0MXBhM0VINWNZV3QyemVwRXQ5Vy1sMzZ1M0RHa2stdFFKTU5NTy1QX3RKWlQzR2ZKamxJbVpaVUVmZGlyVUUtZTR0MlhkLTYwQl9KTkJlM2V2UldvS0xzVWJNMi1VY1VFZmExV0hZOEc4cFNJV0N4Ym0zanhQVldLa1dRYnJzZGFJbzZtSGp2VkpWZU1JUnlxc2xn0gGIAkFVX3lxTE5VbkJBYlp2UW5GUFU4VmVRR0kweDZTOGVTdVNpbS0tUFVSMkVTbWxfOUJ3MWVRVU1vSGg3eDJWRDEtTC15d2NYdFlLYlF1OS1wbHdFUlBONGVoTEYwLXZCTkp4dGI5elFvQU5mdlI0dFpzaW44NExwNzJkc1lZMlRqUkJKZFI5cWF2SEotNjRPd3VmTU1QeG9JdGROWnpaanFMYW1TNWJLRmFLdmh0c0VQZEk4REFKbXBPRlh0Yk1WZ095bHF1VGNZSERlV2dWMDBEc01ZSlF1QjVmaHhsNEIwdUpjdGR2cFdIaGJnN1d1R3JxM184aXBXR2N5TDJyWEhsSTE1cUVrSQ?oc=5\" target=\"_blank\" rel=\"nofollow noopener\">Sof\u00eda Suescun y Kiko Jim\u00e9nez, caras largas y seriedad a su regreso a Madrid tras recibir 2026 en Maldivas<\/a>&nbsp;&nbsp;Infobae<\/li>\n<li><a href=\"https:\/\/news.google.com\/rss\/articles\/CBMi6wFBVV95cUxPbnJsYU4weFBCSG56YnB4SVdQNlZGbnZDdEVsdnVOTHhjd0dYUFRZX1dwbk0yVkFsU1ZBWG82Mnhqa2QxSi00ZTdOa2VEWG1ybldhaUo4T2RTeVhYV3NDbnhoTmg5MHNZczJvRUZTQ2xRU1Faak1XZmg3ZlRrTFl4ZG41R2llMWt5bnd3bk4tSENBVG9rWUJoV3FVRHlOUmVJY2VrcTlVS3NrclpmQU52OWViVXVINkQ3MEJGN0NMWTJmTGQzUXM1b3M5MnNHWFZ6QjZfMWxTZEQwSVdzVEhNUG9SLTFOOTJHQW9J?oc=5\" target=\"_blank\" rel=\"nofollow noopener\">Sof\u00eda Suescun y Kiko Jim\u00e9nez, sus llamativas caras largas a su regreso a Madrid tras recibir 2026 en Maldivas<\/a>&nbsp;&nbsp;Europa Press<\/li>\n<\/ol>\n","protected":false},"excerpt":{"rendered":"Sof\u00eda Suescun y Kiko Jim\u00e9nez, sus llamativas caras largas a su regreso a Madrid&nbsp;&nbsp;ABC Sof\u00eda Suescun y Kiko&hellip;\n","protected":false},"author":2,"featured_media":327875,"comment_status":"","ping_status":"","sticky":false,"template":"","format":"standard","meta":{"footnotes":""},"categories":[171],"tags":[3160,146,147,25,24,11672,3523,4033,75753,205,2596,11647,23,14074,214],"class_list":{"0":"post-327874","1":"post","2":"type-post","3":"status-publish","4":"format-standard","5":"has-post-thumbnail","7":"category-tv","8":"tag-caras","9":"tag-entertainment","10":"tag-entretenimiento","11":"tag-es","12":"tag-espana","13":"tag-jimenez","14":"tag-kiko","15":"tag-largas","16":"tag-llamativas","17":"tag-madrid","18":"tag-regreso","19":"tag-sofia","20":"tag-spain","21":"tag-suescun","22":"tag-tv"},"share_on_mastodon":{"url":"https:\/\/pubeurope.com\/@es\/115854249008650602","error":""},"_links":{"self":[{"href":"https:\/\/www.europesays.com\/es\/wp-json\/wp\/v2\/posts\/327874","targetHints":{"allow":["GET"]}}],"collection":[{"href":"https:\/\/www.europesays.com\/es\/wp-json\/wp\/v2\/posts"}],"about":[{"href":"https:\/\/www.europesays.com\/es\/wp-json\/wp\/v2\/types\/post"}],"author":[{"embeddable":true,"href":"https:\/\/www.europesays.com\/es\/wp-json\/wp\/v2\/users\/2"}],"replies":[{"embeddable":true,"href":"https:\/\/www.europesays.com\/es\/wp-json\/wp\/v2\/comments?post=327874"}],"version-history":[{"count":0,"href":"https:\/\/www.europesays.com\/es\/wp-json\/wp\/v2\/posts\/327874\/revisions"}],"wp:featuredmedia":[{"embeddable":true,"href":"https:\/\/www.europesays.com\/es\/wp-json\/wp\/v2\/media\/327875"}],"wp:attachment":[{"href":"https:\/\/www.europesays.com\/es\/wp-json\/wp\/v2\/media?parent=327874"}],"wp:term":[{"taxonomy":"category","embeddable":true,"href":"https:\/\/www.europesays.com\/es\/wp-json\/wp\/v2\/categories?post=327874"},{"taxonomy":"post_tag","embeddable":true,"href":"https:\/\/www.europesays.com\/es\/wp-json\/wp\/v2\/tags?post=327874"}],"curies":[{"name":"wp","href":"https:\/\/api.w.org\/{rel}","templated":true}]}}