{"id":327906,"date":"2026-01-07T14:38:18","date_gmt":"2026-01-07T14:38:18","guid":{"rendered":"https:\/\/www.europesays.com\/es\/327906\/"},"modified":"2026-01-07T14:38:18","modified_gmt":"2026-01-07T14:38:18","slug":"claves-de-decoracion-emocional-con-la-experta-maria-anabitarte-de-peggy-studio","status":"publish","type":"post","link":"https:\/\/www.europesays.com\/es\/327906\/","title":{"rendered":"claves de decoraci\u00f3n emocional con la experta Mar\u00eda Anabitarte de Peggy Studio"},"content":{"rendered":"<p data-end=\"2248\" data-is-last-node=\"\" data-is-only-node=\"\" data-start=\"1274\">En muchas ocasiones elegimos objetos para <a href=\"https:\/\/www.elmueble.com\/ideas\/decoterapia\/30-trucos-para-decorar-tu-casa-si-eres-fan-mueble_41829\" rel=\"nofollow noopener\" target=\"_blank\">decorar nuestra casa por <strong>necesidad emocional<\/strong><\/a>, aunque no lo sepamos. Una manta en el sof\u00e1, una l\u00e1mpara de luz suave, una madera c\u00e1lida bajo la mano: peque\u00f1as decisiones que, sumadas, construyen c\u00f3mo vivimos (y c\u00f3mo nos tratamos) cada d\u00eda.<\/p>\n<blockquote>\n<p data-end=\"2248\" data-is-last-node=\"\" data-is-only-node=\"\" data-start=\"1274\">Decorar no es solo \u201cponer bonito\u201d: es crear un ambiente que te sostenga. El interiorismo emocional se basa en el equilibrio y en el uso de materiales naturales y texturas que construyen calma y sofisticaci\u00f3n.<\/p>\n<\/blockquote>\n<p data-end=\"2248\" data-is-last-node=\"\" data-is-only-node=\"\" data-start=\"1274\">De eso va la <strong>decoraci\u00f3n emocional o el dise\u00f1o de interiores emocional<\/strong>: de entender la casa como un reflejo \u00edntimo, un escenario que puede activar calma, conexi\u00f3n y bienestar.\u00a0Para Mar\u00eda Anabitarte, dise\u00f1adora de interiores y fundadora de\u00a0<a href=\"https:\/\/peggyestudio.com\/\" rel=\"nofollow noopener\" target=\"_blank\">Peggy Estudio<\/a>, el dise\u00f1o es una herramienta de transformaci\u00f3n que busca un equilibrio sofisticado pero acogedor. El enfoque de esta interiorista especializada en decoraci\u00f3n emocional se basa en que, m\u00e1s que imponer un estilo, hay que realizar un proceso org\u00e1nico e integrador en casa: <strong>alinear persona, espacio y dise\u00f1o <\/strong>para que lo que te rodea hable de ti y de c\u00f3mo te quieres.<\/p>\n","protected":false},"excerpt":{"rendered":"En muchas ocasiones elegimos objetos para decorar nuestra casa por necesidad emocional, aunque no lo sepamos. Una manta&hellip;\n","protected":false},"author":2,"featured_media":327907,"comment_status":"","ping_status":"","sticky":false,"template":"","format":"standard","meta":{"footnotes":""},"categories":[173],"tags":[229,233,231,230,232,234,146,147,25,24,23],"class_list":{"0":"post-327906","1":"post","2":"type-post","3":"status-publish","4":"format-standard","5":"has-post-thumbnail","7":"category-arte-y-diseno","8":"tag-arte","9":"tag-arte-y-diseno","10":"tag-arts","11":"tag-arts-and-design","12":"tag-design","13":"tag-diseno","14":"tag-entertainment","15":"tag-entretenimiento","16":"tag-es","17":"tag-espana","18":"tag-spain"},"share_on_mastodon":{"url":"https:\/\/pubeurope.com\/@es\/115854331255294901","error":""},"_links":{"self":[{"href":"https:\/\/www.europesays.com\/es\/wp-json\/wp\/v2\/posts\/327906","targetHints":{"allow":["GET"]}}],"collection":[{"href":"https:\/\/www.europesays.com\/es\/wp-json\/wp\/v2\/posts"}],"about":[{"href":"https:\/\/www.europesays.com\/es\/wp-json\/wp\/v2\/types\/post"}],"author":[{"embeddable":true,"href":"https:\/\/www.europesays.com\/es\/wp-json\/wp\/v2\/users\/2"}],"replies":[{"embeddable":true,"href":"https:\/\/www.europesays.com\/es\/wp-json\/wp\/v2\/comments?post=327906"}],"version-history":[{"count":0,"href":"https:\/\/www.europesays.com\/es\/wp-json\/wp\/v2\/posts\/327906\/revisions"}],"wp:featuredmedia":[{"embeddable":true,"href":"https:\/\/www.europesays.com\/es\/wp-json\/wp\/v2\/media\/327907"}],"wp:attachment":[{"href":"https:\/\/www.europesays.com\/es\/wp-json\/wp\/v2\/media?parent=327906"}],"wp:term":[{"taxonomy":"category","embeddable":true,"href":"https:\/\/www.europesays.com\/es\/wp-json\/wp\/v2\/categories?post=327906"},{"taxonomy":"post_tag","embeddable":true,"href":"https:\/\/www.europesays.com\/es\/wp-json\/wp\/v2\/tags?post=327906"}],"curies":[{"name":"wp","href":"https:\/\/api.w.org\/{rel}","templated":true}]}}