{"id":327910,"date":"2026-01-07T14:41:10","date_gmt":"2026-01-07T14:41:10","guid":{"rendered":"https:\/\/www.europesays.com\/es\/327910\/"},"modified":"2026-01-07T14:41:10","modified_gmt":"2026-01-07T14:41:10","slug":"obus-nos-regala-su-vamos-muy-bien-grabado-en-vistalegre-de-madrid-el-13-de-diciembre-de-2025-con-la-formacion-clasica","status":"publish","type":"post","link":"https:\/\/www.europesays.com\/es\/327910\/","title":{"rendered":"OB\u00daS nos regala su \u00abVamos Muy Bien\u00bb grabado en Vistalegre, de Madrid, el 13 de diciembre de 2025 con la formaci\u00f3n cl\u00e1sica"},"content":{"rendered":"<p>&#13;<br \/>\n        &#13;<br \/>\n&#13;<br \/>\n        &#13;<br \/>\n&#13;<\/p>\n<p>\u00a0<\/p>\n<p>\u00a0<\/p>\n<p><img fetchpriority=\"high\" decoding=\"async\" src=\"https:\/\/www.europesays.com\/es\/wp-content\/uploads\/2026\/01\/vamosmuybien_madrid_reunion.jpg\" alt=\"obus\" width=\"500\" height=\"267\"\/><br \/>\n<strong>OB\u00daS nos regala su \u00abVamos Muy Bien\u00bb grabado en Vistalegre, de Madrid, el 13 de diciembre de 2025 con la formaci\u00f3n cl\u00e1sica<\/strong><\/p>\n<p>Fortu S\u00e1nchez (voz), Paco Laguna (guitarra), Juan Luis Serrano (bajo) y Fernando S\u00e1nchez (bater\u00eda)<\/p>\n<p>Concierto celebrado en la Plaza de Toros de Vistalegre, de Madrid, el 13 de diciembre de 2025 con la formaci\u00f3n cl\u00e1sica de <a href=\"https:\/\/www.obusrock.com\/\" target=\"_blank\" rel=\"noopener nofollow\"><strong>OBUS<\/strong><\/a><\/p>\n<p>Nuestra cr\u00f3nica de su concierto en Vistalegre,<a href=\"https:\/\/www.rafabasa.com\/2025\/12\/14\/cronica-y-fotos-de-obus-en-vistalegre-madrid-fortu-paco-juan-luis-y-fernando-lo-dieron-todo-espectaculares\/\" target=\"_blank\" rel=\"noopener nofollow\"><strong> AQUI <\/strong><\/a><\/p>\n<p><a href=\"https:\/\/www.facebook.com\/obusoficial\" target=\"_blank\" rel=\"noopener nofollow\"><strong>OB\u00daS<\/strong><\/a> y <a href=\"http:\/\/www.baronrojo.net\/\" target=\"_blank\" rel=\"noopener nofollow\"><strong>BAR\u00d3N ROJO<\/strong><\/a> han anunciado las siguientes fechas conjuntas:<\/p>\n<ul>\n<li>D\u00eda 30 de enero \u2013 Sala M100 \u2013 C\u00d3RDOBA<\/li>\n<li>D\u00eda 31 de enero \u2013 Sala Custom \u2013 SEVILLA<\/li>\n<li>D\u00eda 28 de febrero \u2013 Sala F\u00e1brica de tornillos \u2013 MIRANDA DE EBRO<\/li>\n<li>D\u00eda 21 de marzo \u2013 Sala \u00d3xido \u2013 GUADLAJARA<\/li>\n<li>D\u00eda 28 de marzo \u2013 Sala Mamba \u2013 MURCIA<\/li>\n<li>D\u00eda 18 de abril \u2013 Palacio de congresos y exposiciones \u2013 LE\u00d3N<\/li>\n<li>D\u00eda 25 de abril \u2013 Sala The One \u2013 ALICANTE<\/li>\n<\/ul>\n<p>\u00a0<\/p>\n<p><img loading=\"lazy\" decoding=\"async\" src=\"https:\/\/www.europesays.com\/es\/wp-content\/uploads\/2026\/01\/gira_baron.jpg\" alt=\"OBUS Y BARON\" width=\"400\" height=\"500\"\/><\/p>\n<p>\u00a0<\/p>\n<p>\u00a0<\/p>\n<p>\u00a0<\/p>\n<p>        &#13;<br \/>\n&#13;<br \/>\n&#13;<br \/>\n        &#13;<br \/>\n                        &#13;<br \/>\n            &#13;<br \/>\n&#13;<br \/>\n                        Art\u00edculo anterior<a href=\"https:\/\/www.rafabasa.com\/2026\/01\/07\/warcry-publican-documental-de-su-gira-daimon\/\" rel=\"nofollow noopener\" target=\"_blank\">WARCRY publican documental de su Gira Daimon<\/a>Art\u00edculo siguiente<a href=\"https:\/\/www.rafabasa.com\/2026\/01\/07\/marilyn-manson-uuhai-move-your-fucking-brain-extreme-fest\/\" rel=\"nofollow noopener\" target=\"_blank\">Marilyn Manson \u2013 UUHAI \u2013 Move Your Fucking Brain Extreme Fest<\/a>            \t                &#13;<br \/>\n&#13;<\/p>\n","protected":false},"excerpt":{"rendered":"&#13; &#13; &#13; &#13; &#13; \u00a0 \u00a0 OB\u00daS nos regala su \u00abVamos Muy Bien\u00bb grabado en Vistalegre, de&hellip;\n","protected":false},"author":2,"featured_media":327911,"comment_status":"","ping_status":"","sticky":false,"template":"","format":"standard","meta":{"footnotes":""},"categories":[170],"tags":[146,147,25,24,184,185,36239,23],"class_list":{"0":"post-327910","1":"post","2":"type-post","3":"status-publish","4":"format-standard","5":"has-post-thumbnail","7":"category-musica","8":"tag-entertainment","9":"tag-entretenimiento","10":"tag-es","11":"tag-espana","12":"tag-music","13":"tag-musica","14":"tag-obus","15":"tag-spain"},"share_on_mastodon":{"url":"https:\/\/pubeurope.com\/@es\/115854343155296141","error":""},"_links":{"self":[{"href":"https:\/\/www.europesays.com\/es\/wp-json\/wp\/v2\/posts\/327910","targetHints":{"allow":["GET"]}}],"collection":[{"href":"https:\/\/www.europesays.com\/es\/wp-json\/wp\/v2\/posts"}],"about":[{"href":"https:\/\/www.europesays.com\/es\/wp-json\/wp\/v2\/types\/post"}],"author":[{"embeddable":true,"href":"https:\/\/www.europesays.com\/es\/wp-json\/wp\/v2\/users\/2"}],"replies":[{"embeddable":true,"href":"https:\/\/www.europesays.com\/es\/wp-json\/wp\/v2\/comments?post=327910"}],"version-history":[{"count":0,"href":"https:\/\/www.europesays.com\/es\/wp-json\/wp\/v2\/posts\/327910\/revisions"}],"wp:featuredmedia":[{"embeddable":true,"href":"https:\/\/www.europesays.com\/es\/wp-json\/wp\/v2\/media\/327911"}],"wp:attachment":[{"href":"https:\/\/www.europesays.com\/es\/wp-json\/wp\/v2\/media?parent=327910"}],"wp:term":[{"taxonomy":"category","embeddable":true,"href":"https:\/\/www.europesays.com\/es\/wp-json\/wp\/v2\/categories?post=327910"},{"taxonomy":"post_tag","embeddable":true,"href":"https:\/\/www.europesays.com\/es\/wp-json\/wp\/v2\/tags?post=327910"}],"curies":[{"name":"wp","href":"https:\/\/api.w.org\/{rel}","templated":true}]}}