{"id":327924,"date":"2026-01-07T14:48:10","date_gmt":"2026-01-07T14:48:10","guid":{"rendered":"https:\/\/www.europesays.com\/es\/327924\/"},"modified":"2026-01-07T14:48:10","modified_gmt":"2026-01-07T14:48:10","slug":"temporal-de-nieve-provoca-la-cancelacion-de-cientos-de-vuelos-en-paises-bajos-y-francia","status":"publish","type":"post","link":"https:\/\/www.europesays.com\/es\/327924\/","title":{"rendered":"Temporal de nieve provoca la cancelaci\u00f3n de cientos de vuelos en Pa\u00edses Bajos y Francia"},"content":{"rendered":"<p>    <img src=\"https:\/\/www.europesays.com\/es\/wp-content\/uploads\/2026\/01\/2026-01-07T093A283A09Z-90736302.jpg\" width=\"1024\" height=\"682\" alt=\"\" loading=\"eager\" decoding=\"sync\" fetchpriority=\"high\"\/><\/p>\n<p>            afp_tickers        <\/p>\n<p>        Este contenido fue publicado en    <\/p>\n<p>        07 enero 2026 &#8211; 10:28\n<\/p>\n<p>Un temporal de nieve que azota a Europa\u00a0provoc\u00f3 la cancelaci\u00f3n este mi\u00e9rcoles de cientos de vuelos en los principales aeropuertos de Pa\u00edses Bajos y Francia, e interrupciones masivas al transporte terrestre y ferroviario.<\/p>\n<p>En los Pa\u00edses Bajos, el aeropuerto de \u00c1msterdam-Schiphol, uno de los m\u00e1s grandes de Europa, cancel\u00f3 al menos 700 vuelos debido a la nieve y al viento.<\/p>\n<p>M\u00e1s de 1.000 de personas pasaron la noche en el terminal a\u00e9reo, que instal\u00f3 catres y ofreci\u00f3 desayuno a los viajeros obligados a dormir en el lugar, explicaron las autoridades aeroportuarias.<\/p>\n<p>El tr\u00e1nsito ferroviario tambi\u00e9n est\u00e1 fuertemente perturbado, seg\u00fan la empresa de trenes neerlandesa NS, y se reportaron m\u00e1s de 700 km de embotellamientos de autos por todo el pa\u00eds.<\/p>\n<p>En Francia, m\u00e1s de 100 vuelos fueron anulados en los dos principales aeropuertos de la regi\u00f3n metropolitana parisina: Roissy Charles de Gaulle y Orly.<\/p>\n<p>El ministro de Transportes franc\u00e9s, Philippe Tabarot, dijo que un centenar de vuelos fueron anulados en Charles de Gaulle y unos 40 en Orly, aunque precis\u00f3 que la situaci\u00f3n volver\u00eda a la normalidad durante la tarde.<\/p>\n<p>El servicio de autobuses en la regi\u00f3n de Par\u00eds tambi\u00e9n se suspendi\u00f3 \u00abpor motivos de seguridad\u00bb a la espera que de las condiciones meteorol\u00f3gicas permitan de nuevo circular, indic\u00f3 la empresa p\u00fablica de transportes RATP.\u00a0<\/p>\n<p>El servicio de trenes y metros funciona en su mayor\u00eda con normalidad pero la RATP llam\u00f3 tambi\u00e9n a los ciudadanos a \u00abprivilegiar el teletrabajo\u00bb y \u00abreducir los desplazamientos\u00bb.<\/p>\n<p>Par\u00eds amaneci\u00f3 de nuevo cubierta de blanco por este temporal de un \u00abalcance poco com\u00fan en el clima actual\u00bb y que provoc\u00f3 domingo y lunes la ca\u00edda de la temperatura media de Francia a su nivel m\u00e1s bajo \u00abdesde febrero de 2012\u00bb, a -4\u00baC, seg\u00fan el servicio meteorol\u00f3gico M\u00e9t\u00e9o-France.<\/p>\n<p>La intensidad del temporal de nieve, que dej\u00f3 entre lunes y martes cinco muertos en accidentes de tr\u00e1fico en Francia, sorprendi\u00f3 a los ciudadanos.<\/p>\n<p>\u00abEs realmente extraordinario, muy especial (\u2026), pero personal y profesionalmente no es f\u00e1cil guiar a los grupos, sobre todo en Montmartre, cuando est\u00e1 as\u00ed, nevado\u00bb, asegur\u00f3 Valeria Pitchouguina, gu\u00eda tur\u00edstica en la capital.<\/p>\n<p>M\u00e9t\u00e9o-France recuerda que, bajo la influencia del calentamiento del planeta debido a las emisiones de gases de efecto invernadero de origen humano, los periodos de fr\u00edo son m\u00e1s raros y menos intensos que en el pasado.<\/p>\n<p>En los Pa\u00edses Bajos, estos d\u00edas de nieve son cada vez m\u00e1s raros debido al calentamiento, explic\u00f3 Peter Siegmund, experto del Instituto Meteorol\u00f3gico Nacional, a la cadena p\u00fablica neerlandsa NOS.<\/p>\n<p>\u00abLa temperatura ha aumentado 2 grados. Llueve m\u00e1s, sobre todo en invierno. Solo hemos tenido una ola de fr\u00edo desde comienzos de siglo. En el siglo pasado, esto ocurr\u00eda aproximadamente cada tres a\u00f1os\u00bb, afirm\u00f3 Siegmund.<\/p>\n<p>burs-tjc-rnr\/meb<\/p>\n","protected":false},"excerpt":{"rendered":"afp_tickers Este contenido fue publicado en 07 enero 2026 &#8211; 10:28 Un temporal de nieve que azota a&hellip;\n","protected":false},"author":2,"featured_media":327925,"comment_status":"","ping_status":"","sticky":false,"template":"","format":"standard","meta":{"footnotes":""},"categories":[42],"tags":[17,18,82,756,13,14,11,61,62,63,64,19,20,9,10,15,16,90,12,22917,21,22,15537,65,66,67],"class_list":{"0":"post-327924","1":"post","2":"type-post","3":"status-publish","4":"format-standard","5":"has-post-thumbnail","7":"category-internacional","8":"tag-breaking-news","9":"tag-breakingnews","10":"tag-business","11":"tag-environment","12":"tag-featured-news","13":"tag-featurednews","14":"tag-headlines","15":"tag-internacional","16":"tag-international","17":"tag-international-news","18":"tag-internationalnews","19":"tag-latest-news","20":"tag-latestnews","21":"tag-news","22":"tag-noticias","23":"tag-noticias-destacadas","24":"tag-noticiasdestacadas","25":"tag-ticker","26":"tag-titulares","27":"tag-transport","28":"tag-ultimas-noticias","29":"tag-ultimasnoticias","30":"tag-weather","31":"tag-world","32":"tag-world-news","33":"tag-worldnews"},"share_on_mastodon":{"url":"https:\/\/pubeurope.com\/@es\/115854370683403525","error":""},"_links":{"self":[{"href":"https:\/\/www.europesays.com\/es\/wp-json\/wp\/v2\/posts\/327924","targetHints":{"allow":["GET"]}}],"collection":[{"href":"https:\/\/www.europesays.com\/es\/wp-json\/wp\/v2\/posts"}],"about":[{"href":"https:\/\/www.europesays.com\/es\/wp-json\/wp\/v2\/types\/post"}],"author":[{"embeddable":true,"href":"https:\/\/www.europesays.com\/es\/wp-json\/wp\/v2\/users\/2"}],"replies":[{"embeddable":true,"href":"https:\/\/www.europesays.com\/es\/wp-json\/wp\/v2\/comments?post=327924"}],"version-history":[{"count":0,"href":"https:\/\/www.europesays.com\/es\/wp-json\/wp\/v2\/posts\/327924\/revisions"}],"wp:featuredmedia":[{"embeddable":true,"href":"https:\/\/www.europesays.com\/es\/wp-json\/wp\/v2\/media\/327925"}],"wp:attachment":[{"href":"https:\/\/www.europesays.com\/es\/wp-json\/wp\/v2\/media?parent=327924"}],"wp:term":[{"taxonomy":"category","embeddable":true,"href":"https:\/\/www.europesays.com\/es\/wp-json\/wp\/v2\/categories?post=327924"},{"taxonomy":"post_tag","embeddable":true,"href":"https:\/\/www.europesays.com\/es\/wp-json\/wp\/v2\/tags?post=327924"}],"curies":[{"name":"wp","href":"https:\/\/api.w.org\/{rel}","templated":true}]}}