{"id":327939,"date":"2026-01-07T15:01:12","date_gmt":"2026-01-07T15:01:12","guid":{"rendered":"https:\/\/www.europesays.com\/es\/327939\/"},"modified":"2026-01-07T15:01:12","modified_gmt":"2026-01-07T15:01:12","slug":"el-museo-de-la-ciudad-acogera-los-cuadros-de-sorolla-de-la-hispanic-society-mientras-se-desbloquea-el-proyecto-del-edificio-de-correos","status":"publish","type":"post","link":"https:\/\/www.europesays.com\/es\/327939\/","title":{"rendered":"El Museo de la Ciudad acoger\u00e1 los cuadros de Sorolla de la Hispanic Society mientras se desbloquea el proyecto del edificio de Correos"},"content":{"rendered":"<p><a class=\"v-mdl-ath__fig-a\" href=\"https:\/\/www.lasprovincias.es\/autor\/alex-serrano-lopez-1772.html\" title=\"\u00c1lex Serrano L\u00f3pez\" rel=\"nofollow noopener\" target=\"_blank\"><br \/>\n<img decoding=\"async\" class=\"v-mdl-ath__img\" src=\"https:\/\/www.europesays.com\/es\/wp-content\/uploads\/2026\/01\/autor-1772-foto-3.jpeg\" alt=\"\u00c1lex Serrano L\u00f3pez\"\/><br \/>\n<\/a><\/p>\n<p><a class=\"v-mdl-ath__fig-a\" href=\"https:\/\/www.lasprovincias.es\/autor\/moises-rodriguez-838.html\" title=\"Mois\u00e9s Rodr\u00edguez\" rel=\"nofollow noopener\" target=\"_blank\"><br \/>\n<img decoding=\"async\" class=\"v-mdl-ath__img\" src=\"https:\/\/www.europesays.com\/es\/wp-content\/uploads\/2025\/11\/autor-838-foto-2.jpeg\" alt=\"Mois\u00e9s Rodr\u00edguez\"\/><br \/>\n<\/a><\/p>\n<p class=\"v-mdl-ath__p v-mdl-ath__p--6\">\nMi\u00e9rcoles, 7 de enero 2026, 14:51<\/p>\n<p>| Actualizado 15:39h.<\/p>\n<p class=\"v-p\">Valencia tiene inter\u00e9s por reactivar el proyecto de la sede de la Hispanic Society en el coraz\u00f3n de la ciudad. Es m\u00e1s, mientras se desbloquea la transformaci\u00f3n del Palacio de Comunicaciones, el Ayuntamiento ya ha ideado un plan B para acoger las obras del pintor de la luz que, inicialmente, deber\u00edan haber empezado a desembarcar ya procedentes desde la otra orilla del Atl\u00e1ntico. La alternativa que se ha planteado, y que se ha dado a conocer tras el encuentro de este mi\u00e9rcoles entre la alcaldesa Mar\u00eda Jos\u00e9 Catal\u00e1, y el presidente de la Generalitat, Juanfran P\u00e9rez Llorca, es el Museo de la Ciudad. <\/p>\n<p class=\"v-p\">\u00abHemos hablado del tema Sorolla y es un hito que se ha conseguido. Tengo cierta ansia de que estos cuadros lleguen cuanto antes. A la vista de recursos planteados, hemos planteado adelantar la llegada de los cuadros. Buscaremos ya un espacio para que est\u00e9n en Valencia antes del final de legislatura. Vamos a ver si podemos ofrecer un museo que pueda acogerlos\u00bb, ha indicado la alcaldesa, Mar\u00eda Jos\u00e9 Catal\u00e1. La primera autoridad municipal, eso s\u00ed, ha sido contundente: \u00abLa sede europea de la Hispanic Society ser\u00e1 el palacio\u00bb. P\u00e9rez Llorca y Catal\u00e1 han hecho este anuncio tras la primera visita oficial del nuevo president al Cap i Casal, donde ambos dirigentes han mostrado sinton\u00eda y la \u00abclara intenci\u00f3n\u00bb de acortar plazos en lo referente a la vuelta de los cuadros de Sorolla a su ciudad.<\/p>\n<p><a href=\"http:\/\/www.lasprovincias.es\/culturas\/central-termica-estacion-tren-sitios-extranos-exponer-20251220000703-nt.html#vtm_modulosEngag=mod-rel:culturas:noticia:1:cmp:1-not\" class=\"v-a-link\" aria-label=\"Imagen\" rel=\"nofollow noopener\" target=\"_blank\"><\/p>\n<p><img decoding=\"async\" loading=\"lazy\" src=\"https:\/\/www.europesays.com\/es\/wp-content\/uploads\/2025\/12\/LaTermica.jpg\" class=\"v-a-img\" width=\"258\" height=\"180\" alt=\"\" data-voc-vtm-id=\"in-text-traffic\"\/><\/p>\n<p><\/a><\/p>\n<p class=\"v-p\">Esta maniobra dar\u00eda cierto colch\u00f3n a un proyecto anunciado a bombo y platillo el pasado verano pero que parec\u00eda haber quedado en punto muerto por diferentes factores. Uno de ellos fue <a href=\"https:\/\/www.lasprovincias.es\/culturas\/juez-paraliza-museo-sorolla-valencia-resuelve-recurso-20251120164601-nt.html\" target=\"_self\" data-voc-vtm-id=\"in-text-traffic\" title=\"el recurso presentado por el Col.legi d&#039;Arquitectes de la Comunitat Valenciana (COACV)\" data-mrf-link=\"www.lasprovincias.es\" rel=\"nofollow noopener\">el recurso presentado por el Col.legi d&#8217;Arquitectes de la Comunitat Valenciana (COACV)<\/a> ante el Tribunal Administrativo Central de Recursos Contractuales en contra del primer gran contrato licitado por la Generalitat en este proceso: el de rehabilitaci\u00f3n y direcci\u00f3n de estas actuaciones. <\/p>\n<p class=\"v-p\">Este estamento profesional impugn\u00f3 la licitaci\u00f3n y los pliegos al entender y el tribunal paraliz\u00f3 de forma cautelar el procedimiento. Pero es que mientras este obst\u00e1culo burocr\u00e1tico se resuelve -que ser\u00e1 antes o despu\u00e9s, precisamente, seg\u00fan el dictamen final de mencionado tribinal-, quedaba otro paso importante por dar: firmar con la Hispanic Society el contrato para el que las obras viajen de Nueva York a Valencia.<\/p>\n<p class=\"v-p\">A falta de adecuar el Palacio de Comunicaciones, y despu\u00e9s de la salida de Carlos Maz\u00f3n de la Presidencia del a Generalitat, esta r\u00fabica qued\u00f3 aplazada sine die en las \u00faltimas semanas de 2025, a pesar del convenio firmado en julio. <a href=\"https:\/\/www.lasprovincias.es\/culturas\/generalitat-hispanic-society-reunen-estudiar-futuro-museo-20251223141742-nt.html\" target=\"_self\" data-voc-vtm-id=\"in-text-traffic\" title=\"En diciembre hubo una reuni\u00f3n de trabajo\" data-mrf-link=\"www.lasprovincias.es\" rel=\"nofollow noopener\">En diciembre hubo una reuni\u00f3n de trabajo<\/a> a la que acudi\u00f3 Jos\u00e9 Luis D\u00edez Climent, vicepresidente segundo de la Generalitat y conseller de Presidencia, junto a una representaci\u00f3n de la Hispanic Society of America, la propietaria de las pinturas. Fue el primer paso para reactivar un proyecto que se pretend\u00eda que fuera una realidad a finales de este a\u00f1o.<\/p>\n<p>Catal\u00e1 quiere a Sorolla ya<\/p>\n<p class=\"v-p\">Se trata de una instalaci\u00f3n que colocar\u00e1 a Valencia entre uno de los principales destinos europeos para el turismo cultural. La firma de arte Colnaghi ya ha considerado que la sede de la Hispanic ubicar\u00e1 a la ciudad como uno de los referentes del Viejo Continente en este \u00e1mbito. Esto es algo a lo que el Ayuntamiento no quiere renunciar, y tampoco la Generalitat. De ah\u00ed que se desee evitar que la llegada de las obras de Sorolla se retrasen m\u00e1s. Que de forma temporal vayan al Museo de la Ciudad es un indicador, eso s\u00ed, de que la transformaci\u00f3n del Palacio de Comunicaciones dentre de este 2026 es ya m\u00e1s que una utop\u00eda.<\/p>\n<p class=\"v-p\">.<\/p>\n<p>Reporta un error<\/p>\n","protected":false},"excerpt":{"rendered":"Mi\u00e9rcoles, 7 de enero 2026, 14:51 | Actualizado 15:39h. Valencia tiene inter\u00e9s por reactivar el proyecto de la&hellip;\n","protected":false},"author":2,"featured_media":327940,"comment_status":"","ping_status":"","sticky":false,"template":"","format":"standard","meta":{"footnotes":""},"categories":[173],"tags":[2231,229,233,231,230,26971,4194,10468,232,234,1155,146,147,25,24,2004,470,5568,2005,471,23,235],"class_list":{"0":"post-327939","1":"post","2":"type-post","3":"status-publish","4":"format-standard","5":"has-post-thumbnail","7":"category-arte-y-diseno","8":"tag-acogera","9":"tag-arte","10":"tag-arte-y-diseno","11":"tag-arts","12":"tag-arts-and-design","13":"tag-correos","14":"tag-cuadros","15":"tag-desbloquea","16":"tag-design","17":"tag-diseno","18":"tag-edificio","19":"tag-entertainment","20":"tag-entretenimiento","21":"tag-es","22":"tag-espana","23":"tag-hispanic","24":"tag-museo","25":"tag-proyecto","26":"tag-society","27":"tag-sorolla","28":"tag-spain","29":"tag-valencia"},"share_on_mastodon":{"url":"https:\/\/pubeurope.com\/@es\/115854421769324512","error":""},"_links":{"self":[{"href":"https:\/\/www.europesays.com\/es\/wp-json\/wp\/v2\/posts\/327939","targetHints":{"allow":["GET"]}}],"collection":[{"href":"https:\/\/www.europesays.com\/es\/wp-json\/wp\/v2\/posts"}],"about":[{"href":"https:\/\/www.europesays.com\/es\/wp-json\/wp\/v2\/types\/post"}],"author":[{"embeddable":true,"href":"https:\/\/www.europesays.com\/es\/wp-json\/wp\/v2\/users\/2"}],"replies":[{"embeddable":true,"href":"https:\/\/www.europesays.com\/es\/wp-json\/wp\/v2\/comments?post=327939"}],"version-history":[{"count":0,"href":"https:\/\/www.europesays.com\/es\/wp-json\/wp\/v2\/posts\/327939\/revisions"}],"wp:featuredmedia":[{"embeddable":true,"href":"https:\/\/www.europesays.com\/es\/wp-json\/wp\/v2\/media\/327940"}],"wp:attachment":[{"href":"https:\/\/www.europesays.com\/es\/wp-json\/wp\/v2\/media?parent=327939"}],"wp:term":[{"taxonomy":"category","embeddable":true,"href":"https:\/\/www.europesays.com\/es\/wp-json\/wp\/v2\/categories?post=327939"},{"taxonomy":"post_tag","embeddable":true,"href":"https:\/\/www.europesays.com\/es\/wp-json\/wp\/v2\/tags?post=327939"}],"curies":[{"name":"wp","href":"https:\/\/api.w.org\/{rel}","templated":true}]}}