{"id":328000,"date":"2026-01-07T15:45:07","date_gmt":"2026-01-07T15:45:07","guid":{"rendered":"https:\/\/www.europesays.com\/es\/328000\/"},"modified":"2026-01-07T15:45:07","modified_gmt":"2026-01-07T15:45:07","slug":"messi-en-su-entrevista-mas-personal-anto-era-chica-estaba-estudiando-tenia-sus-cosas-y-la-familia-tambien-era-una-locura-que-se-viniera-a-barcelona-conmigo-el-mundo","status":"publish","type":"post","link":"https:\/\/www.europesays.com\/es\/328000\/","title":{"rendered":"Messi, en su entrevista m\u00e1s personal: &quot;Anto era chica, estaba estudiando, ten\u00eda sus cosas y la familia tambi\u00e9n&#8230; Era una locura que se viniera a Barcelona conmigo&quot; &#8211; El Mundo"},"content":{"rendered":"<ol>\n<li><a href=\"https:\/\/news.google.com\/rss\/articles\/CBMihgFBVV95cUxNaGlsMlJ2eEtuVlB6b00zdUM2SXVfZlA3NVRsOVdRblk4SmFXTkpGUlBqZGpIQXhiRVpYVUZFeGgtTnBMcHhCWmFLcHVnWGRjRmU3SlVmZF9mZ2VOVi1TR3JHaWJUSlVkbS1Pb0JVc243NzM4RGFWdnl5TU4wWXJvOEFxOVJyd9IBhgFBVV95cUxNZ2ZFVUJQWUN4T0psMEhJSmlKZG15UTU4UncxbWVBNFlTYmJOYjNkYk9oYm4yZmJTMm5mRTdoOXhocnl2bTByazNfNmVoR2IxNTZpc2w2N0NKc3A5UkdvQzZnN3Z6enRRYXpwenBaN2RLcnp3MElTVlBlVGY5Z0ExQUFwWHhjdw?oc=5\" target=\"_blank\" rel=\"nofollow noopener\">Messi, en su entrevista m\u00e1s personal: \u00abAnto era chica, estaba estudiando, ten\u00eda sus cosas y la familia tambi\u00e9n&#8230; Era una locura que se viniera a Barcelona conmigo\u00bb<\/a>&nbsp;&nbsp;El Mundo<\/li>\n<li><a href=\"https:\/\/news.google.com\/rss\/articles\/CBMi-gFBVV95cUxQZXJQMVdsMkpCZGsxdHJReTdrb3pqZHp4UW11R3FiVzNQc1RSU0MyTW1XbHpfZG5sQkNtUjk5TzhCUDdFT2daMlUzTDBOdjF4QU43dS1YTWhZMWpIR3o0cWZHSEpHRlIyNmZXT3doM1lMbW9Sdm9oeU8zWlIxRk8wXzB4a0FLZEFwekNaaTl6UnRhNFVqNDBaWWt0TEZBQ09ZRmFaQlJ1T1VHVEJzUmtfNmpMU05CN2dMdGdFWkFnWmVVLUlaV2c1NmtacjlTQWxZcDhURFJSYmN2X1Z5Wnhjc2E0S3h5Q2huOG9pWk5taGphQWQyYXEyOWV30gGUAkFVX3lxTE9sbmNlTGx5eExWM0VrSDVmNzdkaEZHSmRuMWFxUmNaa2VMcWFfd0QtdHBZaHctSWRqckxUZk43Q0h1Mm44NklhWXdmdkdCcVE2OGJYc2hfOWN4VEdqUHphM2hFWmNiVl9TSUhubjhLVmFTcDExNUtpTThrWGhkc19VcE5Wb3J0TDNDODRkbFpHZDh6cWhXNG9JMWczbkNxVl8xb0lRTWdkVkROWW1rUkN2X2Y0YVVkem5nTl82VTZCQ0U2cFhfRG16WXhvTU5xb1pGMVdYSVVTbkE2QzMxdkpmQmtBTW05NWtkbV9TckhVMWJOMnJ0M0NzTy1fMS01V2N6cVpUa0hvQVFCOGY4b3IwNHhuTA?oc=5\" target=\"_blank\" rel=\"nofollow noopener\">Lionel Messi record\u00f3 c\u00f3mo empez\u00f3 su historia de amor con Antonela Roccuzzo y dej\u00f3 una risue\u00f1a frase sobre su personalidad<\/a>&nbsp;&nbsp;Infobae<\/li>\n<li><a href=\"https:\/\/news.google.com\/rss\/articles\/CBMingFBVV95cUxPY3FMWEd5UkJlZXF3TGZFU2ptbDd6OGtxRU5OT3h4M0pYWXNncWtLU3VkbDREUVpad3Q3WHZDSDlMLTd3Nlh6aEV3TVd6WlE1ZGdCd2MzX1ItY0lvd25aXzJkLWp0M2wzZGN6QnJrZGl3TDFzSW4ydzB2WU85aDhYeG5SdjZDRXV6djJBMl9mdkhBeVcyNlpkaXFNcFlKd9IBngFBVV95cUxQMUlLdHNuS0hyeUU0WVRsZlFKNkJMelAxTFhHVWFrbjBWUXQ1SVZidkFqTVJGcTVucWUyTVhMcmJKcTJOV1VmXzE2WGRtQXNUZkRESVVLbk5xSE9iRUtCVDlCWHQ2VlgtRGpmVVVXUWgxcHRMdFJNREVyaDRYU29LX1R2T0tER29oNVRmejFrZThmQm10LXJMTkZYZVlnZw?oc=5\" target=\"_blank\" rel=\"nofollow noopener\">Leo Messi explica c\u00f3mo es su relaci\u00f3n con su pareja y sus hijos: \u00abMe gusta mucho estar solo\u00bb<\/a>&nbsp;&nbsp;SPORT<\/li>\n<\/ol>\n","protected":false},"excerpt":{"rendered":"Messi, en su entrevista m\u00e1s personal: \u00abAnto era chica, estaba estudiando, ten\u00eda sus cosas y la familia tambi\u00e9n&#8230;&hellip;\n","protected":false},"author":2,"featured_media":328001,"comment_status":"","ping_status":"","sticky":false,"template":"","format":"standard","meta":{"footnotes":""},"categories":[268],"tags":[168,25,24,280,282,11788,10536,281,23,167],"class_list":{"0":"post-328000","1":"post","2":"type-post","3":"status-publish","4":"format-standard","5":"has-post-thumbnail","7":"category-futbol","8":"tag-deportes","9":"tag-es","10":"tag-espana","11":"tag-football","12":"tag-futbol","13":"tag-leo-messi","14":"tag-loc-celebrities","15":"tag-soccer","16":"tag-spain","17":"tag-sports"},"share_on_mastodon":{"url":"https:\/\/pubeurope.com\/@es\/115854594795163474","error":""},"_links":{"self":[{"href":"https:\/\/www.europesays.com\/es\/wp-json\/wp\/v2\/posts\/328000","targetHints":{"allow":["GET"]}}],"collection":[{"href":"https:\/\/www.europesays.com\/es\/wp-json\/wp\/v2\/posts"}],"about":[{"href":"https:\/\/www.europesays.com\/es\/wp-json\/wp\/v2\/types\/post"}],"author":[{"embeddable":true,"href":"https:\/\/www.europesays.com\/es\/wp-json\/wp\/v2\/users\/2"}],"replies":[{"embeddable":true,"href":"https:\/\/www.europesays.com\/es\/wp-json\/wp\/v2\/comments?post=328000"}],"version-history":[{"count":0,"href":"https:\/\/www.europesays.com\/es\/wp-json\/wp\/v2\/posts\/328000\/revisions"}],"wp:featuredmedia":[{"embeddable":true,"href":"https:\/\/www.europesays.com\/es\/wp-json\/wp\/v2\/media\/328001"}],"wp:attachment":[{"href":"https:\/\/www.europesays.com\/es\/wp-json\/wp\/v2\/media?parent=328000"}],"wp:term":[{"taxonomy":"category","embeddable":true,"href":"https:\/\/www.europesays.com\/es\/wp-json\/wp\/v2\/categories?post=328000"},{"taxonomy":"post_tag","embeddable":true,"href":"https:\/\/www.europesays.com\/es\/wp-json\/wp\/v2\/tags?post=328000"}],"curies":[{"name":"wp","href":"https:\/\/api.w.org\/{rel}","templated":true}]}}