{"id":328051,"date":"2026-01-07T16:20:09","date_gmt":"2026-01-07T16:20:09","guid":{"rendered":"https:\/\/www.europesays.com\/es\/328051\/"},"modified":"2026-01-07T16:20:09","modified_gmt":"2026-01-07T16:20:09","slug":"mexico-inicia-investigacion-antidumping-a-la-importacion-manzanas-desde-eeuu-diario-oficial","status":"publish","type":"post","link":"https:\/\/www.europesays.com\/es\/328051\/","title":{"rendered":"M\u00e9xico inicia investigaci\u00f3n antidumping a la importaci\u00f3n manzanas desde EEUU: diario oficial"},"content":{"rendered":"\n<p class=\"yf-vbsvxt\">CIUDAD DE M\u00c9XICO, 7 \u200bene (Reuters) &#8211; La \u200cSecretar\u00eda de Econom\u00eda \u200cde M\u00e9xico acept\u00f3 una solicitud para \u2060iniciar \u200cun proceso de investigaci\u00f3n \u200dantidumping de la importaci\u00f3n de \u200bmanzanas de \u200cEstados Unidos, tras encontrar indicios de comercializaci\u00f3n a precios \u2060inferiores a \u200bsu \u200bvalor normal, seg\u00fan una resoluci\u00f3n \u200dpublicada \u2060el mi\u00e9rcoles en el \u2060diario oficial.<\/p>\n<p class=\"yf-vbsvxt\">(Reporte de \u200cRa\u00fal Cort\u00e9s \u200cFern\u00e1ndez)<\/p>\n","protected":false},"excerpt":{"rendered":"CIUDAD DE M\u00c9XICO, 7 \u200bene (Reuters) &#8211; La \u200cSecretar\u00eda de Econom\u00eda \u200cde M\u00e9xico acept\u00f3 una solicitud para \u2060iniciar&hellip;\n","protected":false},"author":2,"featured_media":328052,"comment_status":"","ping_status":"","sticky":false,"template":"","format":"standard","meta":{"footnotes":""},"categories":[42],"tags":[17,18,13,14,11,61,62,63,64,19,20,75795,1906,9,10,15,16,75794,12,21,22,65,66,67],"class_list":{"0":"post-328051","1":"post","2":"type-post","3":"status-publish","4":"format-standard","5":"has-post-thumbnail","7":"category-internacional","8":"tag-breaking-news","9":"tag-breakingnews","10":"tag-featured-news","11":"tag-featurednews","12":"tag-headlines","13":"tag-internacional","14":"tag-international","15":"tag-international-news","16":"tag-internationalnews","17":"tag-latest-news","18":"tag-latestnews","19":"tag-manzanas","20":"tag-mexico","21":"tag-news","22":"tag-noticias","23":"tag-noticias-destacadas","24":"tag-noticiasdestacadas","25":"tag-proceso-de-investigacion","26":"tag-titulares","27":"tag-ultimas-noticias","28":"tag-ultimasnoticias","29":"tag-world","30":"tag-world-news","31":"tag-worldnews"},"share_on_mastodon":{"url":"https:\/\/pubeurope.com\/@es\/115854732368827230","error":""},"_links":{"self":[{"href":"https:\/\/www.europesays.com\/es\/wp-json\/wp\/v2\/posts\/328051","targetHints":{"allow":["GET"]}}],"collection":[{"href":"https:\/\/www.europesays.com\/es\/wp-json\/wp\/v2\/posts"}],"about":[{"href":"https:\/\/www.europesays.com\/es\/wp-json\/wp\/v2\/types\/post"}],"author":[{"embeddable":true,"href":"https:\/\/www.europesays.com\/es\/wp-json\/wp\/v2\/users\/2"}],"replies":[{"embeddable":true,"href":"https:\/\/www.europesays.com\/es\/wp-json\/wp\/v2\/comments?post=328051"}],"version-history":[{"count":0,"href":"https:\/\/www.europesays.com\/es\/wp-json\/wp\/v2\/posts\/328051\/revisions"}],"wp:featuredmedia":[{"embeddable":true,"href":"https:\/\/www.europesays.com\/es\/wp-json\/wp\/v2\/media\/328052"}],"wp:attachment":[{"href":"https:\/\/www.europesays.com\/es\/wp-json\/wp\/v2\/media?parent=328051"}],"wp:term":[{"taxonomy":"category","embeddable":true,"href":"https:\/\/www.europesays.com\/es\/wp-json\/wp\/v2\/categories?post=328051"},{"taxonomy":"post_tag","embeddable":true,"href":"https:\/\/www.europesays.com\/es\/wp-json\/wp\/v2\/tags?post=328051"}],"curies":[{"name":"wp","href":"https:\/\/api.w.org\/{rel}","templated":true}]}}