{"id":328122,"date":"2026-01-07T17:19:10","date_gmt":"2026-01-07T17:19:10","guid":{"rendered":"https:\/\/www.europesays.com\/es\/328122\/"},"modified":"2026-01-07T17:19:10","modified_gmt":"2026-01-07T17:19:10","slug":"mejor-grafiti-del-mundo-murcia","status":"publish","type":"post","link":"https:\/\/www.europesays.com\/es\/328122\/","title":{"rendered":"Mejor grafiti del mundo Murcia"},"content":{"rendered":"<p class=\"ft-text\">La plataforma de arte urbano <strong>Street Art Cities<\/strong> ha seleccionado <strong>15 grafitis pintados en Espa\u00f1a<\/strong>, dos de ellos de la Regi\u00f3n de Murcia, para competir por alzarse como el <strong>mejor mural del mundo de 2025<\/strong>, un premio que en 2024 ya logr\u00f3 una obra pintada en Fene (A Coru\u00f1a), obra del artista <strong>Crist\u00f3bal Persona<\/strong>.<\/p>\n<p class=\"ft-text\">Los murales est\u00e1n ubicados en <strong>distintas localidades<\/strong>: Miranda de Ebro (Burgos), la ciudad de Madrid, Alcal\u00e1 de Henares y Fuenlabrada (Madrid), La Ba\u00f1eza (Le\u00f3n), Plasencia (C\u00e1ceres), Casti\u00f1eiro (Orense), Markina-Xemein (Vizkaya), Fuente Obejuna (C\u00f3rdoba), As Pontes de Garc\u00eda Rodr\u00edguez (A Coru\u00f1a), Linares (Ja\u00e9n), Ponteareas (Pontevedra), y <strong>Cartagena y Moratalla<\/strong>, en la Regi\u00f3n de Murcia.<\/p>\n<p class=\"ft-text\">Entre las obras destacan &#8216;Fireman&#8217;, del artista<strong> Sfhir<\/strong>, pintado en el parque de bomberos de <strong>Alcal\u00e1 de Henares<\/strong>; as\u00ed como &#8216;El descendimiento&#8217;, de <strong>JM Brea<\/strong>, que ha hecho su grafiti en el exterior de la catedral de la Asunci\u00f3n de <strong>Plasencia<\/strong>.<\/p>\n<p class=\"ft-text\">Algunas de estas obras han sido pintadas en el marco de festivales de arte urbano y los motivos que representan van desde la reivindicaci\u00f3n de la historia local (como &#8216;Juan el afilador&#8217;, pintado por <strong>Mon Devane <\/strong>en Casti\u00f1eiro), hasta la naturaleza (como la abeja gigante pintada por<strong> H\u00e4cko Cr\u00e2ne<\/strong> en La Ba\u00f1eza).<\/p>\n<p><img decoding=\"async\" src=\"https:\/\/www.europesays.com\/es\/wp-content\/uploads\/2026\/01\/7be3077f-c2a3-4a57-b348-dfd65588ae5c_alta-libre-aspect-ratio_default_0.jpg\" width=\"1200\" height=\"863\" alt=\"Mural 'De tanto golpear'\u00a0realizada por Diego As\u00a0en Moratalla\" class=\"ft-helper-img-rd\" loading=\"lazy\"\/><\/p>\n<p class=\"ft-helper-fontColor-quaternary ft-helper-fontSize-body-S ft-helper-spacer-t-xxs\">Mural &#8216;De tanto golpear&#8217;\u00a0realizada por Diego As\u00a0en Moratalla  \/ Diego As<\/p>\n<p>Los representantes murcianos<\/p>\n<p class=\"ft-text\">Una de las candidaturas murcianas es obra del sevillano <strong>Kato<\/strong>. En el pabell\u00f3n de deportes de la localidad cartagenera de <strong>Canteras<\/strong>, el artista ha pintado un mural de 50 metros de largo por 6 metros de alto donde representa dos figuras de \u00e9poca romana bajo el t\u00edtulo K-ArtHago Nova: Ars, Populus et Imperium.<\/p>\n<p class=\"ft-text\">El segundo aspirante de la Regi\u00f3n a mejor grafiti del mundo es la obra De tanto golpear,\u00a0realizada por <strong>Diego As<\/strong>\u00a0en Moratalla. Tambi\u00e9n de notables dimensiones (14X22 metros), el mural celebra la tradici\u00f3n del tambor y el bombo en la ciudad del Noroeste murciano.<\/p>\n<blockquote class=\"ft-mol-quote ft-mol-quote--basic\" data-aida-cite=\"\"><p>Las votaciones finales para elegir al ganador estar\u00e1n abiertas hasta el 31 de enero<\/p><\/blockquote>\n<p class=\"ft-text\">Los murales nominados son escogidos por un <strong>grupo de expertos<\/strong> compuesto por profesionales del arte callejero, artistas, acad\u00e9micos, periodistas y l\u00edderes comunitarios de todo el mundo.<\/p>\n<p class=\"ft-text\">Cada mes el jurado selecciona <strong>100 obras de arte <\/strong>encontradas por ellos mismos o que les llegan a trav\u00e9s de sugerencias. Tras compartir estos murales en <strong>Instagram<\/strong>, se extraen las cifras de interacciones a trav\u00e9s de un algoritmo propio, calculando una puntuaci\u00f3n que tiene en cuenta factores como las visualizaciones, los votos y la participaci\u00f3n.<\/p>\n<p class=\"ft-text\">Las votaciones finales para elegir al ganador de 2025 estar\u00e1n abiertas al p\u00fablico general hasta el 31 de enero de 2026.<\/p>\n","protected":false},"excerpt":{"rendered":"La plataforma de arte urbano Street Art Cities ha seleccionado 15 grafitis pintados en Espa\u00f1a, dos de ellos&hellip;\n","protected":false},"author":2,"featured_media":328123,"comment_status":"","ping_status":"","sticky":false,"template":"","format":"standard","meta":{"footnotes":""},"categories":[173],"tags":[12633,229,233,1830,231,230,209,232,234,146,147,25,24,205,1684,8255,1478,10425,6192,7664,23,23217],"class_list":{"0":"post-328122","1":"post","2":"type-post","3":"status-publish","4":"format-standard","5":"has-post-thumbnail","7":"category-arte-y-diseno","8":"tag-alcala-de-henares","9":"tag-arte","10":"tag-arte-y-diseno","11":"tag-artista","12":"tag-arts","13":"tag-arts-and-design","14":"tag-cultura","15":"tag-design","16":"tag-diseno","17":"tag-entertainment","18":"tag-entretenimiento","19":"tag-es","20":"tag-espana","21":"tag-madrid","22":"tag-mejor","23":"tag-murales","24":"tag-murcia","25":"tag-optan","26":"tag-region","27":"tag-region-de-murcia","28":"tag-spain","29":"tag-votaciones"},"share_on_mastodon":{"url":"https:\/\/pubeurope.com\/@es\/115854964360775260","error":""},"_links":{"self":[{"href":"https:\/\/www.europesays.com\/es\/wp-json\/wp\/v2\/posts\/328122","targetHints":{"allow":["GET"]}}],"collection":[{"href":"https:\/\/www.europesays.com\/es\/wp-json\/wp\/v2\/posts"}],"about":[{"href":"https:\/\/www.europesays.com\/es\/wp-json\/wp\/v2\/types\/post"}],"author":[{"embeddable":true,"href":"https:\/\/www.europesays.com\/es\/wp-json\/wp\/v2\/users\/2"}],"replies":[{"embeddable":true,"href":"https:\/\/www.europesays.com\/es\/wp-json\/wp\/v2\/comments?post=328122"}],"version-history":[{"count":0,"href":"https:\/\/www.europesays.com\/es\/wp-json\/wp\/v2\/posts\/328122\/revisions"}],"wp:featuredmedia":[{"embeddable":true,"href":"https:\/\/www.europesays.com\/es\/wp-json\/wp\/v2\/media\/328123"}],"wp:attachment":[{"href":"https:\/\/www.europesays.com\/es\/wp-json\/wp\/v2\/media?parent=328122"}],"wp:term":[{"taxonomy":"category","embeddable":true,"href":"https:\/\/www.europesays.com\/es\/wp-json\/wp\/v2\/categories?post=328122"},{"taxonomy":"post_tag","embeddable":true,"href":"https:\/\/www.europesays.com\/es\/wp-json\/wp\/v2\/tags?post=328122"}],"curies":[{"name":"wp","href":"https:\/\/api.w.org\/{rel}","templated":true}]}}